{"id":103721,"date":"2025-03-10T16:25:13","date_gmt":"2025-03-10T19:25:13","guid":{"rendered":"https:\/\/cj.estrategia.com\/portal\/?p=103721"},"modified":"2025-03-18T14:58:35","modified_gmt":"2025-03-18T17:58:35","slug":"tst-multa-agravo-interno-protelatorio","status":"publish","type":"post","link":"https:\/\/cj.estrategia.com\/portal\/tst-multa-agravo-interno-protelatorio\/","title":{"rendered":"Agravo interno protelat\u00f3rio pode gerar multa"},"content":{"rendered":"\n<p>Recorrer de uma decis\u00e3o judicial \u00e9 um direito fundamental. Contudo, quando o exerc\u00edcio desse direito ocorre de forma abusiva, com o prop\u00f3sito de postergar o cumprimento de uma obriga\u00e7\u00e3o, pode gerar san\u00e7\u00f5es. Foi exatamente isso que ocorreu com uma renomada grife de luxo, multada pelo Tribunal Superior do Trabalho (TST) por insistir em um<strong> agravo interno manifestamente protelat\u00f3rio<\/strong>.<\/p>\n\n\n\n<h2 class=\"wp-block-heading\" id=\"h-o-caso\"><span id=\"o-caso\">O caso<\/span><\/h2>\n\n\n\n<p>Fundamentou-se a decis\u00e3o no artigo 1.021, \u00a7 4\u00ba, do C\u00f3digo de Processo Civil (CPC). O dispositivo prev\u00ea a aplica\u00e7\u00e3o de multa quando se observa que um agravo interno \u00e9 manifestamente inadmiss\u00edvel ou improcedente em vota\u00e7\u00e3o un\u00e2nime.<\/p>\n\n\n\n<div class=\"wp-block-media-text is-stacked-on-mobile\"><figure class=\"wp-block-media-text__media\"><img decoding=\"async\" width=\"640\" height=\"640\" src=\"https:\/\/cj.estrategia.com\/portal\/wp-content\/uploads\/2025\/03\/10161838\/promocao-tags-vendas-compras-cliente-consumidor.png\" alt=\"agravo interno\" class=\"wp-image-103932 size-full\" srcset=\"https:\/\/cj.estrategia.com\/portal\/wp-content\/uploads\/2025\/03\/10161838\/promocao-tags-vendas-compras-cliente-consumidor.png 640w, https:\/\/cj.estrategia.com\/portal\/wp-content\/uploads\/2025\/03\/10161838\/promocao-tags-vendas-compras-cliente-consumidor-300x300.png 300w, https:\/\/cj.estrategia.com\/portal\/wp-content\/uploads\/2025\/03\/10161838\/promocao-tags-vendas-compras-cliente-consumidor-150x150.png 150w, https:\/\/cj.estrategia.com\/portal\/wp-content\/uploads\/2025\/03\/10161838\/promocao-tags-vendas-compras-cliente-consumidor-80x80.png 80w, https:\/\/cj.estrategia.com\/portal\/wp-content\/uploads\/2025\/03\/10161838\/promocao-tags-vendas-compras-cliente-consumidor-380x380.png 380w, https:\/\/cj.estrategia.com\/portal\/wp-content\/uploads\/2025\/03\/10161838\/promocao-tags-vendas-compras-cliente-consumidor-24x24.png 24w, https:\/\/cj.estrategia.com\/portal\/wp-content\/uploads\/2025\/03\/10161838\/promocao-tags-vendas-compras-cliente-consumidor-48x48.png 48w, https:\/\/cj.estrategia.com\/portal\/wp-content\/uploads\/2025\/03\/10161838\/promocao-tags-vendas-compras-cliente-consumidor-96x96.png 96w\" sizes=\"(max-width: 640px) 100vw, 640px\" \/><\/figure><div class=\"wp-block-media-text__content\">\n<p>O caso teve origem em uma a\u00e7\u00e3o trabalhista ajuizada por um vendedor que alegou ac\u00famulo de fun\u00e7\u00f5es. Inicialmente contratado para atuar exclusivamente na venda de produtos, ele teria passado a desempenhar tamb\u00e9m atividades de <em>visual merchandising<\/em>&nbsp;\u2013 fun\u00e7\u00e3o estrat\u00e9gica que envolve a organiza\u00e7\u00e3o dos produtos na loja para atrair clientes -, ap\u00f3s um curso realizado nos Estados Unidos.<\/p>\n<\/div><\/div>\n\n\n\n<p>Apesar da gravidade das alega\u00e7\u00f5es, a empresa n\u00e3o compareceu \u00e0 audi\u00eancia inicial, sendo declarada revel e confessa. Como estrat\u00e9gia defensiva, alegou que a cita\u00e7\u00e3o n\u00e3o havia sido realizada no endere\u00e7o indicado pelo reclamante na peti\u00e7\u00e3o inicial. Contudo, conforme apurado pelo ju\u00edzo de primeiro grau, a notifica\u00e7\u00e3o foi enviada a dois endere\u00e7os oficiais da empresa, constantes nos registros da Junta Comercial do Estado de S\u00e3o Paulo (JUCESP) e da Receita Federal.<\/p>\n\n\n\n<p><em>Est\u00e1 pronto para come\u00e7ar a prepara\u00e7\u00e3o para concursos de Carreiras Jur\u00eddicas? Os cursos do <a href=\"https:\/\/cj.estrategia.com\/\" target=\"_blank\" >Estrat\u00e9gia Carreira Jur\u00eddica<\/a> s\u00e3o o que voc\u00ea precisa para alcan\u00e7ar a aprova\u00e7\u00e3o!<\/em><\/p>\n\n\n\n<div class=\"wp-block-cover\" style=\"min-height:155px;aspect-ratio:unset;\"><img decoding=\"async\" width=\"1890\" height=\"351\" class=\"wp-block-cover__image-background wp-image-8669\" alt=\"Assinaturas Jur\u00eddicas\" src=\"https:\/\/cj.estrategia.com\/portal\/wp-content\/uploads\/2022\/06\/20151253\/concurso-carreiras-juridicas-assinatura-juridica.jpg\" style=\"object-position:78% 43%\" data-object-fit=\"cover\" data-object-position=\"78% 43%\" srcset=\"https:\/\/cj.estrategia.com\/portal\/wp-content\/uploads\/2022\/06\/20151253\/concurso-carreiras-juridicas-assinatura-juridica.jpg 1890w, https:\/\/cj.estrategia.com\/portal\/wp-content\/uploads\/2022\/06\/20151253\/concurso-carreiras-juridicas-assinatura-juridica-300x56.jpg 300w, https:\/\/cj.estrategia.com\/portal\/wp-content\/uploads\/2022\/06\/20151253\/concurso-carreiras-juridicas-assinatura-juridica-1024x190.jpg 1024w, https:\/\/cj.estrategia.com\/portal\/wp-content\/uploads\/2022\/06\/20151253\/concurso-carreiras-juridicas-assinatura-juridica-768x143.jpg 768w, https:\/\/cj.estrategia.com\/portal\/wp-content\/uploads\/2022\/06\/20151253\/concurso-carreiras-juridicas-assinatura-juridica-1536x285.jpg 1536w, https:\/\/cj.estrategia.com\/portal\/wp-content\/uploads\/2022\/06\/20151253\/concurso-carreiras-juridicas-assinatura-juridica-380x71.jpg 380w, https:\/\/cj.estrategia.com\/portal\/wp-content\/uploads\/2022\/06\/20151253\/concurso-carreiras-juridicas-assinatura-juridica-800x149.jpg 800w, https:\/\/cj.estrategia.com\/portal\/wp-content\/uploads\/2022\/06\/20151253\/concurso-carreiras-juridicas-assinatura-juridica-1160x215.jpg 1160w\" sizes=\"(max-width: 1890px) 100vw, 1890px\" \/><span aria-hidden=\"true\" class=\"wp-block-cover__background has-background-dim\"><\/span><div class=\"wp-block-cover__inner-container is-layout-flow wp-block-cover-is-layout-flow\">\n<h3 id=\"faca-a-sua-assinatura\" class=\"titulo-assinatura\"><span style=\"color: #ffffff;\">Fa\u00e7a a sua assinatura!<\/span><\/h3>\n<p class=\"subtitulo-assinatura\" style=\"display:block!important; line-height: 0;\"><span style=\"color: #ffffff;\">Escolha a sua \u00e1rea.<\/span><\/p>\n<a target=\"_blank\" href=\"https:\/\/www.estrategiaconcursos.com.br\/assinaturas-ecj\/\" rel=\"noopener\"><button style=\"border-radius: 10px; text-transform: capitalize;\">Acessar<\/button><\/a>\n<\/div><\/div>\n\n\n\n<h2 class=\"wp-block-heading\" id=\"h-recurso-ordinario\"><span id=\"recurso-ordinario\">Recurso ordin\u00e1rio<\/span><\/h2>\n\n\n\n<p>Diante da condena\u00e7\u00e3o, a empresa interp\u00f4s <strong><mark style=\"background-color:rgba(0, 0, 0, 0)\" class=\"has-inline-color has-black-color\">recurso ordin\u00e1rio<\/mark><\/strong>, insistindo na tese de nulidade da cita\u00e7\u00e3o. O argumento era de que n\u00e3o estava mais sediada em um dos endere\u00e7os e que, no outro, a loja se encontrava em reforma.<\/p>\n\n\n\n<p>O Tribunal Regional do Trabalho da 2\u00aa Regi\u00e3o (TRT-2) recha\u00e7ou essa alega\u00e7\u00e3o. Destacou que a pr\u00f3pria empresa admitiu continuar recebendo correspond\u00eancias no local, onde mantinha uma loja tempor\u00e1ria (pop-up store) para dar continuidade \u00e0s atividades.<\/p>\n\n\n\n<p>Com base nesse contexto, o TRT-2 aplicou a S\u00famula 16 do TST, que estabelece a presun\u00e7\u00e3o relativa do recebimento da notifica\u00e7\u00e3o postal:<\/p>\n\n\n\n<pre class=\"wp-block-preformatted\">Presume-se recebida a notifica\u00e7\u00e3o 48 (quarenta e oito) horas depois de sua postagem. O seu n\u00e3o recebimento ou a entrega ap\u00f3s o decurso desse prazo constitui \u00f4nus de prova do destinat\u00e1rio.<\/pre>\n\n\n\n<p>Ou seja, cabia \u00e0 empresa demonstrar que n\u00e3o recebera a cita\u00e7\u00e3o corretamente \u2013 o que n\u00e3o ocorreu.<\/p>\n\n\n\n<p>Ap\u00f3s a decis\u00e3o do TRT-2, a empresa interp\u00f4s <strong><mark style=\"background-color:rgba(0, 0, 0, 0)\" class=\"has-inline-color has-black-color\">recurso de revista<\/mark><\/strong>, mas seu seguimento foi negado.<\/p>\n\n\n\n<p>Diante disso, apresentou <strong><mark style=\"background-color:rgba(0, 0, 0, 0)\" class=\"has-inline-color has-black-color\">agravo de instrumento<\/mark><\/strong>, que teve o seguimento denegado no TST, em decis\u00e3o monocr\u00e1tica do relator, o ministro Ives Gandra Filho, fundada na aus\u00eancia do <strong>requisito da transcend\u00eancia<\/strong> \u2013 pressuposto necess\u00e1rio para que o TST analise um recurso de revista.<\/p>\n\n\n\n<p>A transcend\u00eancia, prevista no art. 896-A da CLT, permite ao TST filtrar os recursos, admitindo apenas aqueles que envolvem quest\u00f5es relevantes do ponto de vista econ\u00f4mico, social, jur\u00eddico ou pol\u00edtico. No caso, o relator entendeu que o recurso n\u00e3o preenchia nenhum desses requisitos, o que justificou a negativa de seguimento.<\/p>\n\n\n\n<p><em>Est\u00e1 pronto para come\u00e7ar a prepara\u00e7\u00e3o para concursos de Carreiras Jur\u00eddicas? Os cursos do <a href=\"https:\/\/cj.estrategia.com\/\" target=\"_blank\" >Estrat\u00e9gia Carreira Jur\u00eddica<\/a> s\u00e3o o que voc\u00ea precisa para alcan\u00e7ar a aprova\u00e7\u00e3o!<\/em><\/p>\n\n\n\n<div class=\"wp-block-cover\" style=\"min-height:155px;aspect-ratio:unset;\"><img decoding=\"async\" width=\"1890\" height=\"351\" class=\"wp-block-cover__image-background wp-image-8669\" alt=\"Assinaturas Jur\u00eddicas\" src=\"https:\/\/cj.estrategia.com\/portal\/wp-content\/uploads\/2022\/06\/20151253\/concurso-carreiras-juridicas-assinatura-juridica.jpg\" style=\"object-position:78% 43%\" data-object-fit=\"cover\" data-object-position=\"78% 43%\" srcset=\"https:\/\/cj.estrategia.com\/portal\/wp-content\/uploads\/2022\/06\/20151253\/concurso-carreiras-juridicas-assinatura-juridica.jpg 1890w, https:\/\/cj.estrategia.com\/portal\/wp-content\/uploads\/2022\/06\/20151253\/concurso-carreiras-juridicas-assinatura-juridica-300x56.jpg 300w, https:\/\/cj.estrategia.com\/portal\/wp-content\/uploads\/2022\/06\/20151253\/concurso-carreiras-juridicas-assinatura-juridica-1024x190.jpg 1024w, https:\/\/cj.estrategia.com\/portal\/wp-content\/uploads\/2022\/06\/20151253\/concurso-carreiras-juridicas-assinatura-juridica-768x143.jpg 768w, https:\/\/cj.estrategia.com\/portal\/wp-content\/uploads\/2022\/06\/20151253\/concurso-carreiras-juridicas-assinatura-juridica-1536x285.jpg 1536w, https:\/\/cj.estrategia.com\/portal\/wp-content\/uploads\/2022\/06\/20151253\/concurso-carreiras-juridicas-assinatura-juridica-380x71.jpg 380w, https:\/\/cj.estrategia.com\/portal\/wp-content\/uploads\/2022\/06\/20151253\/concurso-carreiras-juridicas-assinatura-juridica-800x149.jpg 800w, https:\/\/cj.estrategia.com\/portal\/wp-content\/uploads\/2022\/06\/20151253\/concurso-carreiras-juridicas-assinatura-juridica-1160x215.jpg 1160w\" sizes=\"(max-width: 1890px) 100vw, 1890px\" \/><span aria-hidden=\"true\" class=\"wp-block-cover__background has-background-dim\"><\/span><div class=\"wp-block-cover__inner-container is-layout-flow wp-block-cover-is-layout-flow\">\n<h3 id=\"faca-a-sua-assinatura-2\" class=\"titulo-assinatura\"><span style=\"color: #ffffff;\">Fa\u00e7a a sua assinatura!<\/span><\/h3>\n<p class=\"subtitulo-assinatura\" style=\"display:block!important; line-height: 0;\"><span style=\"color: #ffffff;\">Escolha a sua \u00e1rea.<\/span><\/p>\n<a target=\"_blank\" href=\"https:\/\/www.estrategiaconcursos.com.br\/assinaturas-ecj\/\" rel=\"noopener\"><button style=\"border-radius: 10px; text-transform: capitalize;\">Acessar<\/button><\/a>\n<\/div><\/div>\n\n\n\n<h2 class=\"wp-block-heading\" id=\"h-agravo-interno\"><span id=\"agravo-interno\">Agravo interno<\/span><\/h2>\n\n\n\n<p>Inconformada, a empresa recorreu novamente, apresentando <strong><mark style=\"background-color:rgba(0, 0, 0, 0)\" class=\"has-inline-color has-black-color\">agravo interno<\/mark><\/strong>\u00a0contra a decis\u00e3o monocr\u00e1tica que negou seguimento ao agravo de instrumento.<\/p>\n\n\n\n<p>No entanto, a 4\u00aa Turma do TST rejeitou o agravo interno. Destacou que a argumenta\u00e7\u00e3o apresentada n\u00e3o tinha a capacidade de infirmar os fundamentos da decis\u00e3o agravada.<\/p>\n\n\n\n<p>O voto do relator foi incisivo ao enfatizar que a sistem\u00e1tica da transcend\u00eancia, introduzida pela Reforma Trabalhista (Lei 13.467\/2017), tem o objetivo de tornar a atua\u00e7\u00e3o do TST mais din\u00e2mica, priorizando a uniformiza\u00e7\u00e3o de teses jur\u00eddicas relevantes. Considerou-se a insist\u00eancia da empresa em recorrer sem fundamentos s\u00f3lidos, apenas para questionar aspectos j\u00e1 pacificados, um <strong>abuso do direito de recorrer<\/strong>.<\/p>\n\n\n\n<pre class=\"wp-block-verse\">Deixar de aplicar a san\u00e7\u00e3o legal, no caso, seria frustrar a vontade do legislador, esvaziar o comando legal e estimular a litig\u00e2ncia irrespons\u00e1vel.<\/pre>\n\n\n\n<p>Diante disso, a 4\u00aa Turma negou provimento ao agravo interno e aplicou a multa prevista no artigo 1.021, \u00a7 4\u00ba, do CPC, cujo teor disp\u00f5e:<\/p>\n\n\n\n<pre class=\"wp-block-preformatted\">Art. 1.021. Contra decis\u00e3o proferida pelo relator caber\u00e1 agravo interno para o respectivo \u00f3rg\u00e3o colegiado, observadas, quanto ao processamento, as regras do regimento interno do tribunal.<br><br>\u00a7 4\u00ba Quando o agravo interno for declarado manifestamente inadmiss\u00edvel ou improcedente em vota\u00e7\u00e3o un\u00e2nime, o \u00f3rg\u00e3o colegiado, em decis\u00e3o fundamentada, condenar\u00e1 o agravante a pagar ao agravado multa fixada entre um e cinco por cento do valor atualizado da causa.<\/pre>\n\n\n\n<p>Com base nesse dispositivo, a Turma <strong>fixou a multa em 1% sobre o valor corrigido da causa, totalizando R$ 6.675,76, a serem pagos ao reclamante<\/strong>.<\/p>\n\n\n\n<p>Cabe transcrever a ementa do ac\u00f3rd\u00e3o:<\/p>\n\n\n\n<pre class=\"wp-block-preformatted\">IGM\/jf AGRAVO EM RECURSO DE REVISTA COM AGRAVO INTRANSCENDENTE \u2013 DESPROVIMENTO \u2013 RECURSO MANIFESTAMENTE INADMISS\u00cdVEL E PROTELAT\u00d3RIO - MULTA. 1. O recurso de revista e o agravo de instrumento da Reclamada, que versavam, respectivamente, sobre nulidade de cita\u00e7\u00e3o e negativa de presta\u00e7\u00e3o jurisdicional, cerceamento de defesa e prescri\u00e7\u00e3o quinquenal , foram julgados intranscendentes, por n\u00e3o atenderem a nenhum dos par\u00e2metros do \u00a7 1\u00ba do art. 896-A da CLT, a par de os \u00f3bices do art. 896, \u00a7\u00a7 1\u00ba-A, IV, e 7\u00ba, da CLT e das S\u00famulas 16, 126, 297 e 333 do TST contaminarem a transcend\u00eancia da causa, cujo valor da condena\u00e7\u00e3o, de R$ 240.000,00 , n\u00e3o alcan\u00e7a o patamar m\u00ednimo de transcend\u00eancia econ\u00f4mica reconhecido por esta Turma. 2. N\u00e3o tendo a Agravante demovido os \u00f3bices erigidos pela decis\u00e3o agravada nem suas raz\u00f5es de decidir, esta merece ser mantida, com aplica\u00e7\u00e3o de multa, por ser o agravo manifestamente inadmiss\u00edvel e protelat\u00f3rio (CPC, art. 1.021, \u00a7&nbsp;4\u00ba). Agravo desprovido, com multa\" (RRAg-1000618-30.2022.5.02.0048, 4\u00aa Turma, Relator Ministro Ives Gandra da Silva Martins Filho, DEJT 19\/12\/2024).<\/pre>\n\n\n\n<p><em>Est\u00e1 pronto para come\u00e7ar a prepara\u00e7\u00e3o para concursos de Carreiras Jur\u00eddicas? Os cursos do <a href=\"https:\/\/cj.estrategia.com\/\" target=\"_blank\" >Estrat\u00e9gia Carreira Jur\u00eddica<\/a> s\u00e3o o que voc\u00ea precisa para alcan\u00e7ar a aprova\u00e7\u00e3o!<\/em><\/p>\n\n\n\n<div class=\"wp-block-cover\" style=\"min-height:155px;aspect-ratio:unset;\"><img decoding=\"async\" width=\"1890\" height=\"351\" class=\"wp-block-cover__image-background wp-image-8669\" alt=\"Assinaturas Jur\u00eddicas\" src=\"https:\/\/cj.estrategia.com\/portal\/wp-content\/uploads\/2022\/06\/20151253\/concurso-carreiras-juridicas-assinatura-juridica.jpg\" style=\"object-position:78% 43%\" data-object-fit=\"cover\" data-object-position=\"78% 43%\" srcset=\"https:\/\/cj.estrategia.com\/portal\/wp-content\/uploads\/2022\/06\/20151253\/concurso-carreiras-juridicas-assinatura-juridica.jpg 1890w, https:\/\/cj.estrategia.com\/portal\/wp-content\/uploads\/2022\/06\/20151253\/concurso-carreiras-juridicas-assinatura-juridica-300x56.jpg 300w, https:\/\/cj.estrategia.com\/portal\/wp-content\/uploads\/2022\/06\/20151253\/concurso-carreiras-juridicas-assinatura-juridica-1024x190.jpg 1024w, https:\/\/cj.estrategia.com\/portal\/wp-content\/uploads\/2022\/06\/20151253\/concurso-carreiras-juridicas-assinatura-juridica-768x143.jpg 768w, https:\/\/cj.estrategia.com\/portal\/wp-content\/uploads\/2022\/06\/20151253\/concurso-carreiras-juridicas-assinatura-juridica-1536x285.jpg 1536w, https:\/\/cj.estrategia.com\/portal\/wp-content\/uploads\/2022\/06\/20151253\/concurso-carreiras-juridicas-assinatura-juridica-380x71.jpg 380w, https:\/\/cj.estrategia.com\/portal\/wp-content\/uploads\/2022\/06\/20151253\/concurso-carreiras-juridicas-assinatura-juridica-800x149.jpg 800w, https:\/\/cj.estrategia.com\/portal\/wp-content\/uploads\/2022\/06\/20151253\/concurso-carreiras-juridicas-assinatura-juridica-1160x215.jpg 1160w\" sizes=\"(max-width: 1890px) 100vw, 1890px\" \/><span aria-hidden=\"true\" class=\"wp-block-cover__background has-background-dim\"><\/span><div class=\"wp-block-cover__inner-container is-layout-flow wp-block-cover-is-layout-flow\">\n<h3 id=\"faca-a-sua-assinatura-3\" class=\"titulo-assinatura\"><span style=\"color: #ffffff;\">Fa\u00e7a a sua assinatura!<\/span><\/h3>\n<p class=\"subtitulo-assinatura\" style=\"display:block!important; line-height: 0;\"><span style=\"color: #ffffff;\">Escolha a sua \u00e1rea.<\/span><\/p>\n<a target=\"_blank\" href=\"https:\/\/www.estrategiaconcursos.com.br\/assinaturas-ecj\/\" rel=\"noopener\"><button style=\"border-radius: 10px; text-transform: capitalize;\">Acessar<\/button><\/a>\n<\/div><\/div>\n\n\n\n<h2 class=\"wp-block-heading\" id=\"h-conclusao\"><span id=\"conclusao\">Conclus\u00e3o<\/span><\/h2>\n\n\n\n<p>Portanto, essa decis\u00e3o deixa um recado claro: recorrer sem fundamentos s\u00f3lidos pode sair caro! Compreender o funcionamento dos recursos e seus limites n\u00e3o \u00e9 apenas essencial para a atua\u00e7\u00e3o jur\u00eddica, mas tamb\u00e9m um diferencial competitivo para quem se prepara para concursos na <strong><a href=\"https:\/\/www.estrategiaconcursos.com.br\/assinaturas-ecj\/\" target=\"_blank\" >\u00e1rea trabalhista<\/a><\/strong>.<\/p>\n\n\n\n<p>Temas como <strong>transcend\u00eancia no recurso de revista (art. 896-A da CLT), penalidades por agravo interno (art. 1.021, \u00a74\u00ba, do CPC) e presun\u00e7\u00e3o de recebimento de notifica\u00e7\u00f5es (S\u00famula 16 do TST)<\/strong>&nbsp;s\u00e3o recorrentes em provas objetivas, discursivas e at\u00e9 orais.<\/p>\n\n\n\n<hr class=\"wp-block-separator has-alpha-channel-opacity\"\/>\n\n\n\n<h2 class=\"wp-block-heading has-text-align-center\" id=\"h-quer-saber-quais-serao-os-proximos-concursos\"><span id=\"quer-saber-quais-serao-os-proximos-concursos\">Quer saber quais ser\u00e3o os pr\u00f3ximos concursos?<\/span><\/h2>\n\n\n\n<pre class=\"wp-block-verse has-text-align-center\">Confira nossos&nbsp;<a href=\"https:\/\/cj.estrategia.com\/portal\/\" target=\"_blank\" >artigos para Carreiras Jur\u00eddicas<\/a>!<\/pre>\n\n\n\n<p class=\"has-text-align-center has-white-color has-pale-cyan-blue-background-color has-text-color has-background has-link-color wp-elements-723b3278bf14a50a5e7b7e937b9a17d4\"><a href=\"https:\/\/cj.estrategia.com\/portal\/concursos-abertos-carreiras-juridicas\/\">Concursos jur\u00eddicos abertos<\/a><\/p>\n\n\n\n<p class=\"has-text-align-center has-white-color has-pale-cyan-blue-background-color has-text-color has-background has-link-color wp-elements-41349f36dc977263ca2129bf0f6dd541\"><a href=\"https:\/\/cj.estrategia.com\/portal\/concursos-2025-carreiras-juridicas\/\" target=\"_blank\" >Concursos jur\u00eddicos 2025<\/a><\/p>\n\n\n\n<p><em>Est\u00e1 pronto para come\u00e7ar a prepara\u00e7\u00e3o para concursos de Carreiras Jur\u00eddicas? Os cursos do <a href=\"https:\/\/cj.estrategia.com\/\" target=\"_blank\" >Estrat\u00e9gia Carreira Jur\u00eddica<\/a> s\u00e3o o que voc\u00ea precisa para alcan\u00e7ar a aprova\u00e7\u00e3o!<\/em><\/p>\n\n\n\n<div class=\"wp-block-cover\" style=\"min-height:155px;aspect-ratio:unset;\"><img decoding=\"async\" width=\"1890\" height=\"351\" class=\"wp-block-cover__image-background wp-image-8669\" alt=\"Assinaturas Jur\u00eddicas\" src=\"https:\/\/cj.estrategia.com\/portal\/wp-content\/uploads\/2022\/06\/20151253\/concurso-carreiras-juridicas-assinatura-juridica.jpg\" style=\"object-position:78% 43%\" data-object-fit=\"cover\" data-object-position=\"78% 43%\" srcset=\"https:\/\/cj.estrategia.com\/portal\/wp-content\/uploads\/2022\/06\/20151253\/concurso-carreiras-juridicas-assinatura-juridica.jpg 1890w, https:\/\/cj.estrategia.com\/portal\/wp-content\/uploads\/2022\/06\/20151253\/concurso-carreiras-juridicas-assinatura-juridica-300x56.jpg 300w, https:\/\/cj.estrategia.com\/portal\/wp-content\/uploads\/2022\/06\/20151253\/concurso-carreiras-juridicas-assinatura-juridica-1024x190.jpg 1024w, https:\/\/cj.estrategia.com\/portal\/wp-content\/uploads\/2022\/06\/20151253\/concurso-carreiras-juridicas-assinatura-juridica-768x143.jpg 768w, https:\/\/cj.estrategia.com\/portal\/wp-content\/uploads\/2022\/06\/20151253\/concurso-carreiras-juridicas-assinatura-juridica-1536x285.jpg 1536w, https:\/\/cj.estrategia.com\/portal\/wp-content\/uploads\/2022\/06\/20151253\/concurso-carreiras-juridicas-assinatura-juridica-380x71.jpg 380w, https:\/\/cj.estrategia.com\/portal\/wp-content\/uploads\/2022\/06\/20151253\/concurso-carreiras-juridicas-assinatura-juridica-800x149.jpg 800w, https:\/\/cj.estrategia.com\/portal\/wp-content\/uploads\/2022\/06\/20151253\/concurso-carreiras-juridicas-assinatura-juridica-1160x215.jpg 1160w\" sizes=\"(max-width: 1890px) 100vw, 1890px\" \/><span aria-hidden=\"true\" class=\"wp-block-cover__background has-background-dim\"><\/span><div class=\"wp-block-cover__inner-container is-layout-flow wp-block-cover-is-layout-flow\">\n<h3 id=\"faca-a-sua-assinatura-4\" class=\"titulo-assinatura\"><span style=\"color: #ffffff;\">Fa\u00e7a a sua assinatura!<\/span><\/h3>\n<p class=\"subtitulo-assinatura\" style=\"display:block!important; line-height: 0;\"><span style=\"color: #ffffff;\">Escolha a sua \u00e1rea.<\/span><\/p>\n<a target=\"_blank\" href=\"https:\/\/www.estrategiaconcursos.com.br\/assinaturas-ecj\/\" rel=\"noopener\"><button style=\"border-radius: 10px; text-transform: capitalize;\">Acessar<\/button><\/a>\n<\/div><\/div>\n\n\n\n<p><\/p>\n","protected":false},"excerpt":{"rendered":"Recorrer de uma decis\u00e3o judicial \u00e9 um direito fundamental. Contudo, quando o exerc\u00edcio desse direito ocorre de forma&hellip;\n","protected":false},"author":158,"featured_media":101322,"comment_status":"open","ping_status":"open","sticky":false,"template":"","format":"standard","meta":{"_jetpack_memberships_contains_paid_content":false,"footnotes":""},"categories":[1],"tags":[1825,1817,514,2198,1818,2199,576],"tax_estado":[30,31,32,33,34,35,36,37,38,39,40,41,42,43,44,45,46,47,48,49,50,51,52,53,54,55,56,57],"class_list":{"0":"post-103721","1":"post","2":"type-post","3":"status-publish","4":"format-standard","5":"has-post-thumbnail","7":"category-carreiras-juridicas","8":"tag-agravo-de-instrumento","9":"tag-agravo-interno","10":"tag-interposicao-de-recurso","11":"tag-presuncao-relativa-de-recebimento-de-notificacao-postal","12":"tag-recurso-de-revista","13":"tag-transcendencia","14":"tag-tst","15":"tax_estado-ac","16":"tax_estado-al","17":"tax_estado-am","18":"tax_estado-ap","19":"tax_estado-ba","20":"tax_estado-ce","21":"tax_estado-concursos-federais","22":"tax_estado-df","23":"tax_estado-es","24":"tax_estado-go","25":"tax_estado-ma","26":"tax_estado-mg","27":"tax_estado-ms","28":"tax_estado-mt","29":"tax_estado-pa","30":"tax_estado-pb","31":"tax_estado-pe","32":"tax_estado-pi","33":"tax_estado-pr","34":"tax_estado-rj","35":"tax_estado-rn","36":"tax_estado-ro","37":"tax_estado-rr","38":"tax_estado-rs","39":"tax_estado-sc","40":"tax_estado-se","41":"tax_estado-sp","42":"tax_estado-to"},"acf":[],"yoast_head":"<!-- This site is optimized with the Yoast SEO Premium plugin v27.4 (Yoast SEO v27.4) - https:\/\/yoast.com\/product\/yoast-seo-premium-wordpress\/ -->\n<title>Agravo interno protelat\u00f3rio pode gerar multa<\/title>\n<meta name=\"description\" content=\"Compreender como funcionam recursos como o agravo interno \u00e9 um diferencial competitivo para se preparar para concursos na \u00e1rea trabalhista.\" \/>\n<meta name=\"robots\" content=\"index, follow, max-snippet:-1, max-image-preview:large, max-video-preview:-1\" \/>\n<link rel=\"canonical\" href=\"https:\/\/cj.estrategia.com\/portal\/tst-multa-agravo-interno-protelatorio\/\" \/>\n<meta property=\"og:locale\" content=\"pt_BR\" \/>\n<meta property=\"og:type\" content=\"article\" \/>\n<meta property=\"og:title\" content=\"Agravo interno protelat\u00f3rio pode gerar multa\" \/>\n<meta property=\"og:description\" content=\"Compreender como funcionam recursos como o agravo interno \u00e9 um diferencial competitivo para se preparar para concursos na \u00e1rea trabalhista.\" \/>\n<meta property=\"og:url\" content=\"https:\/\/cj.estrategia.com\/portal\/tst-multa-agravo-interno-protelatorio\/\" \/>\n<meta property=\"og:site_name\" content=\"Blog - Carreiras Jur\u00eddicas - Estrat\u00e9gia\" \/>\n<meta property=\"article:publisher\" content=\"https:\/\/www.facebook.com\/estrategiacarreirajuridica\/\" \/>\n<meta property=\"article:published_time\" content=\"2025-03-10T19:25:13+00:00\" \/>\n<meta property=\"article:modified_time\" content=\"2025-03-18T17:58:35+00:00\" \/>\n<meta property=\"og:image\" content=\"https:\/\/cj.estrategia.com\/portal\/wp-content\/uploads\/2025\/02\/26204027\/justica-lei-direitos-legislacao-scaled.jpg\" \/>\n\t<meta property=\"og:image:width\" content=\"2560\" \/>\n\t<meta property=\"og:image:height\" content=\"1751\" \/>\n\t<meta property=\"og:image:type\" content=\"image\/jpeg\" \/>\n<meta name=\"author\" content=\"Juliana Moraes\" \/>\n<meta name=\"twitter:card\" content=\"summary_large_image\" \/>\n<meta name=\"twitter:creator\" content=\"@EstratJuridica\" \/>\n<meta name=\"twitter:site\" content=\"@EstratJuridica\" \/>\n<meta name=\"twitter:label1\" content=\"Escrito por\" \/>\n\t<meta name=\"twitter:data1\" content=\"Juliana Moraes\" \/>\n\t<meta name=\"twitter:label2\" content=\"Est. tempo de leitura\" \/>\n\t<meta name=\"twitter:data2\" content=\"6 minutos\" \/>\n<script type=\"application\/ld+json\" class=\"yoast-schema-graph\">{\"@context\":\"https:\\\/\\\/schema.org\",\"@graph\":[{\"@type\":\"NewsArticle\",\"@id\":\"https:\\\/\\\/cj.estrategia.com\\\/portal\\\/tst-multa-agravo-interno-protelatorio\\\/#article\",\"isPartOf\":{\"@id\":\"https:\\\/\\\/cj.estrategia.com\\\/portal\\\/tst-multa-agravo-interno-protelatorio\\\/\"},\"author\":{\"name\":\"Juliana Moraes\",\"@id\":\"https:\\\/\\\/cj.estrategia.com\\\/portal\\\/#\\\/schema\\\/person\\\/404deeeb0f375fedc7900981ca034476\"},\"headline\":\"Agravo interno protelat\u00f3rio pode gerar multa\",\"datePublished\":\"2025-03-10T19:25:13+00:00\",\"dateModified\":\"2025-03-18T17:58:35+00:00\",\"mainEntityOfPage\":{\"@id\":\"https:\\\/\\\/cj.estrategia.com\\\/portal\\\/tst-multa-agravo-interno-protelatorio\\\/\"},\"wordCount\":923,\"commentCount\":0,\"publisher\":{\"@id\":\"https:\\\/\\\/cj.estrategia.com\\\/portal\\\/#organization\"},\"image\":{\"@id\":\"https:\\\/\\\/cj.estrategia.com\\\/portal\\\/tst-multa-agravo-interno-protelatorio\\\/#primaryimage\"},\"thumbnailUrl\":\"https:\\\/\\\/cj.estrategia.com\\\/portal\\\/wp-content\\\/uploads\\\/2025\\\/02\\\/26204027\\\/justica-lei-direitos-legislacao-scaled.jpg\",\"keywords\":[\"agravo de instrumento\",\"agravo interno\",\"interposi\u00e7\u00e3o de recurso\",\"presun\u00e7\u00e3o relativa de recebimento de notifica\u00e7\u00e3o postal\",\"recurso de revista\",\"transcend\u00eancia\",\"TST\"],\"articleSection\":[\"Carreiras Jur\u00eddicas\"],\"inLanguage\":\"pt-BR\",\"potentialAction\":[{\"@type\":\"CommentAction\",\"name\":\"Comment\",\"target\":[\"https:\\\/\\\/cj.estrategia.com\\\/portal\\\/tst-multa-agravo-interno-protelatorio\\\/#respond\"]}]},{\"@type\":\"WebPage\",\"@id\":\"https:\\\/\\\/cj.estrategia.com\\\/portal\\\/tst-multa-agravo-interno-protelatorio\\\/\",\"url\":\"https:\\\/\\\/cj.estrategia.com\\\/portal\\\/tst-multa-agravo-interno-protelatorio\\\/\",\"name\":\"Agravo interno protelat\u00f3rio pode gerar multa\",\"isPartOf\":{\"@id\":\"https:\\\/\\\/cj.estrategia.com\\\/portal\\\/#website\"},\"primaryImageOfPage\":{\"@id\":\"https:\\\/\\\/cj.estrategia.com\\\/portal\\\/tst-multa-agravo-interno-protelatorio\\\/#primaryimage\"},\"image\":{\"@id\":\"https:\\\/\\\/cj.estrategia.com\\\/portal\\\/tst-multa-agravo-interno-protelatorio\\\/#primaryimage\"},\"thumbnailUrl\":\"https:\\\/\\\/cj.estrategia.com\\\/portal\\\/wp-content\\\/uploads\\\/2025\\\/02\\\/26204027\\\/justica-lei-direitos-legislacao-scaled.jpg\",\"datePublished\":\"2025-03-10T19:25:13+00:00\",\"dateModified\":\"2025-03-18T17:58:35+00:00\",\"description\":\"Compreender como funcionam recursos como o agravo interno \u00e9 um diferencial competitivo para se preparar para concursos na \u00e1rea trabalhista.\",\"breadcrumb\":{\"@id\":\"https:\\\/\\\/cj.estrategia.com\\\/portal\\\/tst-multa-agravo-interno-protelatorio\\\/#breadcrumb\"},\"inLanguage\":\"pt-BR\",\"potentialAction\":[{\"@type\":\"ReadAction\",\"target\":[\"https:\\\/\\\/cj.estrategia.com\\\/portal\\\/tst-multa-agravo-interno-protelatorio\\\/\"]}]},{\"@type\":\"ImageObject\",\"inLanguage\":\"pt-BR\",\"@id\":\"https:\\\/\\\/cj.estrategia.com\\\/portal\\\/tst-multa-agravo-interno-protelatorio\\\/#primaryimage\",\"url\":\"https:\\\/\\\/cj.estrategia.com\\\/portal\\\/wp-content\\\/uploads\\\/2025\\\/02\\\/26204027\\\/justica-lei-direitos-legislacao-scaled.jpg\",\"contentUrl\":\"https:\\\/\\\/cj.estrategia.com\\\/portal\\\/wp-content\\\/uploads\\\/2025\\\/02\\\/26204027\\\/justica-lei-direitos-legislacao-scaled.jpg\",\"width\":2560,\"height\":1751},{\"@type\":\"BreadcrumbList\",\"@id\":\"https:\\\/\\\/cj.estrategia.com\\\/portal\\\/tst-multa-agravo-interno-protelatorio\\\/#breadcrumb\",\"itemListElement\":[{\"@type\":\"ListItem\",\"position\":1,\"name\":\"In\u00edcio\",\"item\":\"https:\\\/\\\/cj.estrategia.com\\\/portal\\\/\"},{\"@type\":\"ListItem\",\"position\":2,\"name\":\"Agravo interno protelat\u00f3rio pode gerar multa\"}]},{\"@type\":\"WebSite\",\"@id\":\"https:\\\/\\\/cj.estrategia.com\\\/portal\\\/#website\",\"url\":\"https:\\\/\\\/cj.estrategia.com\\\/portal\\\/\",\"name\":\"Blog - Carreiras Jur\u00eddicas - Estrat\u00e9gia\",\"description\":\"\",\"publisher\":{\"@id\":\"https:\\\/\\\/cj.estrategia.com\\\/portal\\\/#organization\"},\"potentialAction\":[{\"@type\":\"SearchAction\",\"target\":{\"@type\":\"EntryPoint\",\"urlTemplate\":\"https:\\\/\\\/cj.estrategia.com\\\/portal\\\/?s={search_term_string}\"},\"query-input\":{\"@type\":\"PropertyValueSpecification\",\"valueRequired\":true,\"valueName\":\"search_term_string\"}}],\"inLanguage\":\"pt-BR\"},{\"@type\":\"Organization\",\"@id\":\"https:\\\/\\\/cj.estrategia.com\\\/portal\\\/#organization\",\"name\":\"Estrat\u00e9gia - Carreiras Jur\u00eddicas\",\"url\":\"https:\\\/\\\/cj.estrategia.com\\\/portal\\\/\",\"logo\":{\"@type\":\"ImageObject\",\"inLanguage\":\"pt-BR\",\"@id\":\"https:\\\/\\\/cj.estrategia.com\\\/portal\\\/#\\\/schema\\\/logo\\\/image\\\/\",\"url\":\"https:\\\/\\\/cj.estrategia.com\\\/portal\\\/wp-content\\\/uploads\\\/2022\\\/03\\\/11151052\\\/cj-logo.png\",\"contentUrl\":\"https:\\\/\\\/cj.estrategia.com\\\/portal\\\/wp-content\\\/uploads\\\/2022\\\/03\\\/11151052\\\/cj-logo.png\",\"width\":150,\"height\":39,\"caption\":\"Estrat\u00e9gia - Carreiras Jur\u00eddicas\"},\"image\":{\"@id\":\"https:\\\/\\\/cj.estrategia.com\\\/portal\\\/#\\\/schema\\\/logo\\\/image\\\/\"},\"sameAs\":[\"https:\\\/\\\/www.facebook.com\\\/estrategiacarreirajuridica\\\/\",\"https:\\\/\\\/x.com\\\/EstratJuridica\",\"https:\\\/\\\/www.instagram.com\\\/estrategiacarreirajuridica\\\/\",\"https:\\\/\\\/www.youtube.com\\\/channel\\\/UClbMGuYbj2Mh1m3w144ETWQ\"]},{\"@type\":\"Person\",\"@id\":\"https:\\\/\\\/cj.estrategia.com\\\/portal\\\/#\\\/schema\\\/person\\\/404deeeb0f375fedc7900981ca034476\",\"name\":\"Juliana Moraes\",\"image\":{\"@type\":\"ImageObject\",\"inLanguage\":\"pt-BR\",\"@id\":\"https:\\\/\\\/secure.gravatar.com\\\/avatar\\\/197182c450c1f844e8a650fcef504707ee3d892034ea433a0f70041dd5de34de?s=96&d=mm&r=g\",\"url\":\"https:\\\/\\\/secure.gravatar.com\\\/avatar\\\/197182c450c1f844e8a650fcef504707ee3d892034ea433a0f70041dd5de34de?s=96&d=mm&r=g\",\"contentUrl\":\"https:\\\/\\\/secure.gravatar.com\\\/avatar\\\/197182c450c1f844e8a650fcef504707ee3d892034ea433a0f70041dd5de34de?s=96&d=mm&r=g\",\"caption\":\"Juliana Moraes\"},\"url\":\"https:\\\/\\\/cj.estrategia.com\\\/portal\\\/author\\\/juliana-silva\\\/\"}]}<\/script>\n<!-- \/ Yoast SEO Premium plugin. -->","yoast_head_json":{"title":"Agravo interno protelat\u00f3rio pode gerar multa","description":"Compreender como funcionam recursos como o agravo interno \u00e9 um diferencial competitivo para se preparar para concursos na \u00e1rea trabalhista.","robots":{"index":"index","follow":"follow","max-snippet":"max-snippet:-1","max-image-preview":"max-image-preview:large","max-video-preview":"max-video-preview:-1"},"canonical":"https:\/\/cj.estrategia.com\/portal\/tst-multa-agravo-interno-protelatorio\/","og_locale":"pt_BR","og_type":"article","og_title":"Agravo interno protelat\u00f3rio pode gerar multa","og_description":"Compreender como funcionam recursos como o agravo interno \u00e9 um diferencial competitivo para se preparar para concursos na \u00e1rea trabalhista.","og_url":"https:\/\/cj.estrategia.com\/portal\/tst-multa-agravo-interno-protelatorio\/","og_site_name":"Blog - Carreiras Jur\u00eddicas - Estrat\u00e9gia","article_publisher":"https:\/\/www.facebook.com\/estrategiacarreirajuridica\/","article_published_time":"2025-03-10T19:25:13+00:00","article_modified_time":"2025-03-18T17:58:35+00:00","og_image":[{"width":2560,"height":1751,"url":"https:\/\/cj.estrategia.com\/portal\/wp-content\/uploads\/2025\/02\/26204027\/justica-lei-direitos-legislacao-scaled.jpg","type":"image\/jpeg"}],"author":"Juliana Moraes","twitter_card":"summary_large_image","twitter_creator":"@EstratJuridica","twitter_site":"@EstratJuridica","twitter_misc":{"Escrito por":"Juliana Moraes","Est. tempo de leitura":"6 minutos"},"schema":{"@context":"https:\/\/schema.org","@graph":[{"@type":"NewsArticle","@id":"https:\/\/cj.estrategia.com\/portal\/tst-multa-agravo-interno-protelatorio\/#article","isPartOf":{"@id":"https:\/\/cj.estrategia.com\/portal\/tst-multa-agravo-interno-protelatorio\/"},"author":{"name":"Juliana Moraes","@id":"https:\/\/cj.estrategia.com\/portal\/#\/schema\/person\/404deeeb0f375fedc7900981ca034476"},"headline":"Agravo interno protelat\u00f3rio pode gerar multa","datePublished":"2025-03-10T19:25:13+00:00","dateModified":"2025-03-18T17:58:35+00:00","mainEntityOfPage":{"@id":"https:\/\/cj.estrategia.com\/portal\/tst-multa-agravo-interno-protelatorio\/"},"wordCount":923,"commentCount":0,"publisher":{"@id":"https:\/\/cj.estrategia.com\/portal\/#organization"},"image":{"@id":"https:\/\/cj.estrategia.com\/portal\/tst-multa-agravo-interno-protelatorio\/#primaryimage"},"thumbnailUrl":"https:\/\/cj.estrategia.com\/portal\/wp-content\/uploads\/2025\/02\/26204027\/justica-lei-direitos-legislacao-scaled.jpg","keywords":["agravo de instrumento","agravo interno","interposi\u00e7\u00e3o de recurso","presun\u00e7\u00e3o relativa de recebimento de notifica\u00e7\u00e3o postal","recurso de revista","transcend\u00eancia","TST"],"articleSection":["Carreiras Jur\u00eddicas"],"inLanguage":"pt-BR","potentialAction":[{"@type":"CommentAction","name":"Comment","target":["https:\/\/cj.estrategia.com\/portal\/tst-multa-agravo-interno-protelatorio\/#respond"]}]},{"@type":"WebPage","@id":"https:\/\/cj.estrategia.com\/portal\/tst-multa-agravo-interno-protelatorio\/","url":"https:\/\/cj.estrategia.com\/portal\/tst-multa-agravo-interno-protelatorio\/","name":"Agravo interno protelat\u00f3rio pode gerar multa","isPartOf":{"@id":"https:\/\/cj.estrategia.com\/portal\/#website"},"primaryImageOfPage":{"@id":"https:\/\/cj.estrategia.com\/portal\/tst-multa-agravo-interno-protelatorio\/#primaryimage"},"image":{"@id":"https:\/\/cj.estrategia.com\/portal\/tst-multa-agravo-interno-protelatorio\/#primaryimage"},"thumbnailUrl":"https:\/\/cj.estrategia.com\/portal\/wp-content\/uploads\/2025\/02\/26204027\/justica-lei-direitos-legislacao-scaled.jpg","datePublished":"2025-03-10T19:25:13+00:00","dateModified":"2025-03-18T17:58:35+00:00","description":"Compreender como funcionam recursos como o agravo interno \u00e9 um diferencial competitivo para se preparar para concursos na \u00e1rea trabalhista.","breadcrumb":{"@id":"https:\/\/cj.estrategia.com\/portal\/tst-multa-agravo-interno-protelatorio\/#breadcrumb"},"inLanguage":"pt-BR","potentialAction":[{"@type":"ReadAction","target":["https:\/\/cj.estrategia.com\/portal\/tst-multa-agravo-interno-protelatorio\/"]}]},{"@type":"ImageObject","inLanguage":"pt-BR","@id":"https:\/\/cj.estrategia.com\/portal\/tst-multa-agravo-interno-protelatorio\/#primaryimage","url":"https:\/\/cj.estrategia.com\/portal\/wp-content\/uploads\/2025\/02\/26204027\/justica-lei-direitos-legislacao-scaled.jpg","contentUrl":"https:\/\/cj.estrategia.com\/portal\/wp-content\/uploads\/2025\/02\/26204027\/justica-lei-direitos-legislacao-scaled.jpg","width":2560,"height":1751},{"@type":"BreadcrumbList","@id":"https:\/\/cj.estrategia.com\/portal\/tst-multa-agravo-interno-protelatorio\/#breadcrumb","itemListElement":[{"@type":"ListItem","position":1,"name":"In\u00edcio","item":"https:\/\/cj.estrategia.com\/portal\/"},{"@type":"ListItem","position":2,"name":"Agravo interno protelat\u00f3rio pode gerar multa"}]},{"@type":"WebSite","@id":"https:\/\/cj.estrategia.com\/portal\/#website","url":"https:\/\/cj.estrategia.com\/portal\/","name":"Blog - Carreiras Jur\u00eddicas - Estrat\u00e9gia","description":"","publisher":{"@id":"https:\/\/cj.estrategia.com\/portal\/#organization"},"potentialAction":[{"@type":"SearchAction","target":{"@type":"EntryPoint","urlTemplate":"https:\/\/cj.estrategia.com\/portal\/?s={search_term_string}"},"query-input":{"@type":"PropertyValueSpecification","valueRequired":true,"valueName":"search_term_string"}}],"inLanguage":"pt-BR"},{"@type":"Organization","@id":"https:\/\/cj.estrategia.com\/portal\/#organization","name":"Estrat\u00e9gia - Carreiras Jur\u00eddicas","url":"https:\/\/cj.estrategia.com\/portal\/","logo":{"@type":"ImageObject","inLanguage":"pt-BR","@id":"https:\/\/cj.estrategia.com\/portal\/#\/schema\/logo\/image\/","url":"https:\/\/cj.estrategia.com\/portal\/wp-content\/uploads\/2022\/03\/11151052\/cj-logo.png","contentUrl":"https:\/\/cj.estrategia.com\/portal\/wp-content\/uploads\/2022\/03\/11151052\/cj-logo.png","width":150,"height":39,"caption":"Estrat\u00e9gia - Carreiras Jur\u00eddicas"},"image":{"@id":"https:\/\/cj.estrategia.com\/portal\/#\/schema\/logo\/image\/"},"sameAs":["https:\/\/www.facebook.com\/estrategiacarreirajuridica\/","https:\/\/x.com\/EstratJuridica","https:\/\/www.instagram.com\/estrategiacarreirajuridica\/","https:\/\/www.youtube.com\/channel\/UClbMGuYbj2Mh1m3w144ETWQ"]},{"@type":"Person","@id":"https:\/\/cj.estrategia.com\/portal\/#\/schema\/person\/404deeeb0f375fedc7900981ca034476","name":"Juliana Moraes","image":{"@type":"ImageObject","inLanguage":"pt-BR","@id":"https:\/\/secure.gravatar.com\/avatar\/197182c450c1f844e8a650fcef504707ee3d892034ea433a0f70041dd5de34de?s=96&d=mm&r=g","url":"https:\/\/secure.gravatar.com\/avatar\/197182c450c1f844e8a650fcef504707ee3d892034ea433a0f70041dd5de34de?s=96&d=mm&r=g","contentUrl":"https:\/\/secure.gravatar.com\/avatar\/197182c450c1f844e8a650fcef504707ee3d892034ea433a0f70041dd5de34de?s=96&d=mm&r=g","caption":"Juliana Moraes"},"url":"https:\/\/cj.estrategia.com\/portal\/author\/juliana-silva\/"}]}},"jetpack_featured_media_url":"https:\/\/cj.estrategia.com\/portal\/wp-content\/uploads\/2025\/02\/26204027\/justica-lei-direitos-legislacao-scaled.jpg","jetpack_sharing_enabled":true,"_links":{"self":[{"href":"https:\/\/cj.estrategia.com\/portal\/wp-json\/wp\/v2\/posts\/103721","targetHints":{"allow":["GET"]}}],"collection":[{"href":"https:\/\/cj.estrategia.com\/portal\/wp-json\/wp\/v2\/posts"}],"about":[{"href":"https:\/\/cj.estrategia.com\/portal\/wp-json\/wp\/v2\/types\/post"}],"author":[{"embeddable":true,"href":"https:\/\/cj.estrategia.com\/portal\/wp-json\/wp\/v2\/users\/158"}],"replies":[{"embeddable":true,"href":"https:\/\/cj.estrategia.com\/portal\/wp-json\/wp\/v2\/comments?post=103721"}],"version-history":[{"count":6,"href":"https:\/\/cj.estrategia.com\/portal\/wp-json\/wp\/v2\/posts\/103721\/revisions"}],"predecessor-version":[{"id":106134,"href":"https:\/\/cj.estrategia.com\/portal\/wp-json\/wp\/v2\/posts\/103721\/revisions\/106134"}],"wp:featuredmedia":[{"embeddable":true,"href":"https:\/\/cj.estrategia.com\/portal\/wp-json\/wp\/v2\/media\/101322"}],"wp:attachment":[{"href":"https:\/\/cj.estrategia.com\/portal\/wp-json\/wp\/v2\/media?parent=103721"}],"wp:term":[{"taxonomy":"category","embeddable":true,"href":"https:\/\/cj.estrategia.com\/portal\/wp-json\/wp\/v2\/categories?post=103721"},{"taxonomy":"post_tag","embeddable":true,"href":"https:\/\/cj.estrategia.com\/portal\/wp-json\/wp\/v2\/tags?post=103721"},{"taxonomy":"tax_estado","embeddable":true,"href":"https:\/\/cj.estrategia.com\/portal\/wp-json\/wp\/v2\/tax_estado?post=103721"}],"curies":[{"name":"wp","href":"https:\/\/api.w.org\/{rel}","templated":true}]}}