{"id":103565,"date":"2025-03-08T23:32:13","date_gmt":"2025-03-09T02:32:13","guid":{"rendered":"https:\/\/cj.estrategia.com\/portal\/?p=103565"},"modified":"2025-03-11T20:31:21","modified_gmt":"2025-03-11T23:31:21","slug":"rachadinha-janones-acordo-pgr","status":"publish","type":"post","link":"https:\/\/cj.estrategia.com\/portal\/rachadinha-janones-acordo-pgr\/","title":{"rendered":"Rachadinha: Janones faz acordo com PGR e vai devolver R$ 157 mil"},"content":{"rendered":"\n<p class=\"has-small-font-size\"><strong>* Thiago de Paula Leite \u00e9 procurador do Estado de S\u00e3o Paulo e professor de direito ambiental e agr\u00e1rio do Estrat\u00e9gia.<\/strong><strong><\/strong><\/p>\n\n\n\n<h2 class=\"wp-block-heading\" id=\"h-entenda-o-que-aconteceu\"><span id=\"entenda-o-que-aconteceu\">Entenda o que aconteceu<\/span><\/h2>\n\n\n\n<p>O deputado federal Andr\u00e9 Janones acaba de fechar um acordo com a Procuradoria-Geral da Rep\u00fablica para devolver R$ 157,8 mil, ap\u00f3s investiga\u00e7\u00e3o sobre pr\u00e1tica de rachadinha em seu gabinete.<\/p>\n\n\n\n<p>Caso a Suprema Corte aceite o pedido, o deputado n\u00e3o poder\u00e1 sofrer san\u00e7\u00f5es criminais relacionados ao caso.<\/p>\n\n\n\n<p><em>Est\u00e1 pronto para come\u00e7ar a prepara\u00e7\u00e3o para concursos de Carreiras Jur\u00eddicas? Os cursos do <a href=\"https:\/\/cj.estrategia.com\/\" target=\"_blank\" >Estrat\u00e9gia Carreira Jur\u00eddica<\/a> s\u00e3o o que voc\u00ea precisa para alcan\u00e7ar a aprova\u00e7\u00e3o!<\/em><\/p>\n\n\n\n<div class=\"wp-block-cover\" style=\"min-height:155px;aspect-ratio:unset;\"><img decoding=\"async\" width=\"1890\" height=\"351\" class=\"wp-block-cover__image-background wp-image-8669\" alt=\"Assinaturas Jur\u00eddicas\" src=\"https:\/\/cj.estrategia.com\/portal\/wp-content\/uploads\/2022\/06\/20151253\/concurso-carreiras-juridicas-assinatura-juridica.jpg\" style=\"object-position:78% 43%\" data-object-fit=\"cover\" data-object-position=\"78% 43%\" srcset=\"https:\/\/cj.estrategia.com\/portal\/wp-content\/uploads\/2022\/06\/20151253\/concurso-carreiras-juridicas-assinatura-juridica.jpg 1890w, https:\/\/cj.estrategia.com\/portal\/wp-content\/uploads\/2022\/06\/20151253\/concurso-carreiras-juridicas-assinatura-juridica-300x56.jpg 300w, https:\/\/cj.estrategia.com\/portal\/wp-content\/uploads\/2022\/06\/20151253\/concurso-carreiras-juridicas-assinatura-juridica-1024x190.jpg 1024w, https:\/\/cj.estrategia.com\/portal\/wp-content\/uploads\/2022\/06\/20151253\/concurso-carreiras-juridicas-assinatura-juridica-768x143.jpg 768w, https:\/\/cj.estrategia.com\/portal\/wp-content\/uploads\/2022\/06\/20151253\/concurso-carreiras-juridicas-assinatura-juridica-1536x285.jpg 1536w, https:\/\/cj.estrategia.com\/portal\/wp-content\/uploads\/2022\/06\/20151253\/concurso-carreiras-juridicas-assinatura-juridica-380x71.jpg 380w, https:\/\/cj.estrategia.com\/portal\/wp-content\/uploads\/2022\/06\/20151253\/concurso-carreiras-juridicas-assinatura-juridica-800x149.jpg 800w, https:\/\/cj.estrategia.com\/portal\/wp-content\/uploads\/2022\/06\/20151253\/concurso-carreiras-juridicas-assinatura-juridica-1160x215.jpg 1160w\" sizes=\"(max-width: 1890px) 100vw, 1890px\" \/><span aria-hidden=\"true\" class=\"wp-block-cover__background has-background-dim\"><\/span><div class=\"wp-block-cover__inner-container is-layout-flow wp-block-cover-is-layout-flow\">\n<h3 id=\"faca-a-sua-assinatura\" class=\"titulo-assinatura\"><span style=\"color: #ffffff;\">Fa\u00e7a a sua assinatura!<\/span><\/h3>\n<p class=\"subtitulo-assinatura\" style=\"display:block!important; line-height: 0;\"><span style=\"color: #ffffff;\">Escolha a sua \u00e1rea.<\/span><\/p>\n<a target=\"_blank\" href=\"https:\/\/www.estrategiaconcursos.com.br\/assinaturas-ecj\/\" rel=\"noopener\"><button style=\"border-radius: 10px; text-transform: capitalize;\">Acessar<\/button><\/a>\n<\/div><\/div>\n\n\n\n<p><\/p>\n\n\n\n<h3 class=\"wp-block-heading\" id=\"h-ressarcimento-e-multa\"><span id=\"ressarcimento-e-multa\">Ressarcimento e multa<\/span><\/h3>\n\n\n\n<p>O acordo, que o Supremo Tribunal Federal dever\u00e1 homologar, chama-se <strong><mark style=\"background-color:rgba(0, 0, 0, 0)\" class=\"has-inline-color has-vivid-cyan-blue-color\">Acordo de N\u00e3o Persecu\u00e7\u00e3o Penal (ANPP)<\/mark><\/strong>,\u00a0e prev\u00ea o ressarcimento do valor \u00e0 C\u00e2mara dos Deputados, al\u00e9m do pagamento de uma multa correspondente a 20% do dano ao er\u00e1rio.<\/p>\n\n\n<div class=\"wp-block-image\">\n<figure class=\"aligncenter size-full\"><img decoding=\"async\" width=\"754\" height=\"194\" src=\"https:\/\/cj.estrategia.com\/portal\/wp-content\/uploads\/2025\/03\/08225339\/acordo-de-nao-persecucao-penal.png\" alt=\"Rachadinha\" class=\"wp-image-103569\" srcset=\"https:\/\/cj.estrategia.com\/portal\/wp-content\/uploads\/2025\/03\/08225339\/acordo-de-nao-persecucao-penal.png 754w, https:\/\/cj.estrategia.com\/portal\/wp-content\/uploads\/2025\/03\/08225339\/acordo-de-nao-persecucao-penal-300x77.png 300w, https:\/\/cj.estrategia.com\/portal\/wp-content\/uploads\/2025\/03\/08225339\/acordo-de-nao-persecucao-penal-380x98.png 380w, https:\/\/cj.estrategia.com\/portal\/wp-content\/uploads\/2025\/03\/08225339\/acordo-de-nao-persecucao-penal-150x39.png 150w\" sizes=\"(max-width: 754px) 100vw, 754px\" \/><\/figure>\n<\/div>\n\n\n<p>Janones ter\u00e1 que devolver R$ 131.511,00 em repara\u00e7\u00e3o do dano causado, valor que se destinar\u00e1 \u00e0 C\u00e2mara dos Deputados, al\u00e9m de uma multa de R$ 26.302,00, correspondente a 20% do dano ao er\u00e1rio. Assim, o pagamento ser\u00e1 da seguinte forma:<\/p>\n\n\n\n<ul class=\"wp-block-list\">\n<li><strong>R$ 80 mil em parcela \u00fanica, at\u00e9 30 dias ap\u00f3s a homologa\u00e7\u00e3o do acordo.<\/strong><\/li>\n<\/ul>\n\n\n\n<ul class=\"wp-block-list\">\n<li><strong>R$ 77,8 mil em 12 parcelas mensais de R$ 6.484,48.<\/strong><\/li>\n<\/ul>\n\n\n\n<p>\u00a0O deputado dever\u00e1, ademais, cumprir as seguintes condi\u00e7\u00f5es:<\/p>\n\n\n\n<ul class=\"wp-block-list\">\n<li><strong>Encerrar qualquer pr\u00e1tica ligada ao esquema investigado.<\/strong><\/li>\n<\/ul>\n\n\n\n<ul class=\"wp-block-list\">\n<li><strong>N\u00e3o cometer novos crimes ou contraven\u00e7\u00f5es at\u00e9 o fim do cumprimento do acordo.<\/strong><\/li>\n<\/ul>\n\n\n\n<ul class=\"wp-block-list\">\n<li><strong>Declarar que n\u00e3o firmou acordos similares nos \u00faltimos cinco anos e que n\u00e3o responde a outros processos criminais.<\/strong><\/li>\n<\/ul>\n\n\n\n<p>De acordo com a Procuradoria-Geral, ao assinar o acordo, Janones \u201c<em>admitiu expressamente que, no in\u00edcio de 2019, devido ao fato de estar com o nome negativado no SPC e Serasa, recorreu a um de seus assessores parlamentares, a quem solicitou que lhe providenciasse um cart\u00e3o de cr\u00e9dito adicional<\/em>\u201d.<\/p>\n\n\n\n<p>O deputado, em nota, afirmou que \u201c<em>em hip\u00f3tese alguma admite ou admitiu a exist\u00eancia da pr\u00e1tica conhecida como \u2018rachadinha\u2019 durante seu mandato. Portanto, a informa\u00e7\u00e3o que circula \u00e9 inver\u00eddica. O que existe \u00e9 a celebra\u00e7\u00e3o de um acordo de n\u00e3o persecu\u00e7\u00e3o penal, que ainda n\u00e3o foi homologado. Por respeito ao tr\u00e2mite jur\u00eddico, n\u00e3o haver\u00e1, por ora, coment\u00e1rios por parte do parlamentar acerca deste acordo<\/em>\u201d.<\/p>\n\n\n\n<p><em>Est\u00e1 pronto para come\u00e7ar a prepara\u00e7\u00e3o para concursos de Carreiras Jur\u00eddicas? Os cursos do <a href=\"https:\/\/cj.estrategia.com\/\" target=\"_blank\" >Estrat\u00e9gia Carreira Jur\u00eddica<\/a> s\u00e3o o que voc\u00ea precisa para alcan\u00e7ar a aprova\u00e7\u00e3o!<\/em><\/p>\n\n\n\n<div class=\"wp-block-cover\" style=\"min-height:155px;aspect-ratio:unset;\"><img decoding=\"async\" width=\"1890\" height=\"351\" class=\"wp-block-cover__image-background wp-image-8669\" alt=\"Assinaturas Jur\u00eddicas\" src=\"https:\/\/cj.estrategia.com\/portal\/wp-content\/uploads\/2022\/06\/20151253\/concurso-carreiras-juridicas-assinatura-juridica.jpg\" style=\"object-position:78% 43%\" data-object-fit=\"cover\" data-object-position=\"78% 43%\" srcset=\"https:\/\/cj.estrategia.com\/portal\/wp-content\/uploads\/2022\/06\/20151253\/concurso-carreiras-juridicas-assinatura-juridica.jpg 1890w, https:\/\/cj.estrategia.com\/portal\/wp-content\/uploads\/2022\/06\/20151253\/concurso-carreiras-juridicas-assinatura-juridica-300x56.jpg 300w, https:\/\/cj.estrategia.com\/portal\/wp-content\/uploads\/2022\/06\/20151253\/concurso-carreiras-juridicas-assinatura-juridica-1024x190.jpg 1024w, https:\/\/cj.estrategia.com\/portal\/wp-content\/uploads\/2022\/06\/20151253\/concurso-carreiras-juridicas-assinatura-juridica-768x143.jpg 768w, https:\/\/cj.estrategia.com\/portal\/wp-content\/uploads\/2022\/06\/20151253\/concurso-carreiras-juridicas-assinatura-juridica-1536x285.jpg 1536w, https:\/\/cj.estrategia.com\/portal\/wp-content\/uploads\/2022\/06\/20151253\/concurso-carreiras-juridicas-assinatura-juridica-380x71.jpg 380w, https:\/\/cj.estrategia.com\/portal\/wp-content\/uploads\/2022\/06\/20151253\/concurso-carreiras-juridicas-assinatura-juridica-800x149.jpg 800w, https:\/\/cj.estrategia.com\/portal\/wp-content\/uploads\/2022\/06\/20151253\/concurso-carreiras-juridicas-assinatura-juridica-1160x215.jpg 1160w\" sizes=\"(max-width: 1890px) 100vw, 1890px\" \/><span aria-hidden=\"true\" class=\"wp-block-cover__background has-background-dim\"><\/span><div class=\"wp-block-cover__inner-container is-layout-flow wp-block-cover-is-layout-flow\">\n<h3 id=\"faca-a-sua-assinatura-2\" class=\"titulo-assinatura\"><span style=\"color: #ffffff;\">Fa\u00e7a a sua assinatura!<\/span><\/h3>\n<p class=\"subtitulo-assinatura\" style=\"display:block!important; line-height: 0;\"><span style=\"color: #ffffff;\">Escolha a sua \u00e1rea.<\/span><\/p>\n<a target=\"_blank\" href=\"https:\/\/www.estrategiaconcursos.com.br\/assinaturas-ecj\/\" rel=\"noopener\"><button style=\"border-radius: 10px; text-transform: capitalize;\">Acessar<\/button><\/a>\n<\/div><\/div>\n\n\n\n<p><\/p>\n\n\n\n<h2 class=\"wp-block-heading\" id=\"h-rachadinhas-entenda-o-que-aconteceu\"><span id=\"rachadinhas-entenda-o-que-aconteceu\">Rachadinhas: entenda o que aconteceu<\/span><\/h2>\n\n\n\n<p>Em 2024, a Pol\u00edcia Federal indiciou Janones por um suposto esquema de \u201crachadinha\u201d em seu gabinete. O indiciamento do deputado foi pelos crimes de associa\u00e7\u00e3o criminosa, peculato e corrup\u00e7\u00e3o passiva.<\/p>\n\n\n\n<p>A investiga\u00e7\u00e3o teve in\u00edcio com relatos de ex-assessores, que denunciaram \u00e0 Pol\u00edcia Federal a pr\u00e1tica da devolu\u00e7\u00e3o de parte dos sal\u00e1rios (rachadinha) no gabinete de Janones. Os ex-funcion\u00e1rios afirmam que eram pressionados a repassar parte dos seus vencimentos ao deputado.<\/p>\n\n\n\n<p>De fato, as suspeitas ganharam for\u00e7a ap\u00f3s a divulga\u00e7\u00e3o de um \u00e1udio de 2019. Nele, Janones afirma a servidores que alguns receberiam sal\u00e1rios mais altos para ajud\u00e1-lo a pagar d\u00edvidas pessoais de R$ 675 mil acumuladas durante sua campanha \u00e0 prefeitura de Ituiutaba (MG), em 2016.<\/p>\n\n\n\n<figure class=\"wp-block-pullquote\"><blockquote><p><\/p><cite><mark style=\"background-color:rgba(0, 0, 0, 0)\" class=\"has-inline-color has-vivid-cyan-blue-color\"><em><em>Rachadinha \u00e9 a pr\u00e1tica na qual h\u00e1 desvio de dinheiro p\u00fablico, atrav\u00e9s da coopta\u00e7\u00e3o do servidor p\u00fablico, que \u00e9 coagido a repassar uma parte de seu sal\u00e1rio para o pol\u00edtico respons\u00e1vel por sua nomea\u00e7\u00e3o<\/em><\/em>.<\/mark><\/cite><\/blockquote><\/figure>\n\n\n\n<p>Em rela\u00e7\u00e3o \u00e0 pr\u00e1tica da rachadinha, a doutrina e a jurisprud\u00eancia se dividem. Parte considera apenas um ato de <strong>improbidade administrativa<\/strong>\u00a0(conduta que causa danos a administra\u00e7\u00e3o), e parte considera crime de <strong>corrup\u00e7\u00e3o<\/strong>\u00a0(haja vista que, para estes, o agente obt\u00e9m vantagens econ\u00f4micas particulares atrav\u00e9s de um cargo p\u00fablico), <strong>concuss\u00e3o<\/strong>\u00a0(exigir, para si ou para outrem, direta ou indiretamente, ainda que fora da fun\u00e7\u00e3o ou antes de assumi-la, mas em raz\u00e3o dela, vantagem indevida) ou <strong>peculato-desvio<\/strong>.<\/p>\n\n\n\n<p>O STJ, julgando a APn n. 825\/DF (DJe 26\/4\/2019), condenou um Desembargador do Tribunal de Justi\u00e7a do Cear\u00e1 por exigir a devolu\u00e7\u00e3o de metade do sal\u00e1rio de servidores comissionados durante um per\u00edodo de quatro anos.<\/p>\n\n\n\n<p>A Corte entendeu, nesse julgamento, que, para a caracteriza\u00e7\u00e3o do crime de concuss\u00e3o, n\u00e3o \u00e9 necess\u00e1rio que haja constrangimento f\u00edsico contra as v\u00edtimas. Ou seja, a simples condi\u00e7\u00e3o de repasse de parte dos vencimentos como uma imposi\u00e7\u00e3o velada, acompanhada da amea\u00e7a de exonera\u00e7\u00e3o, \u00e9 suficiente para configurar o delito.<\/p>\n\n\n\n<p>No julgamento do REsp n\u00ba 1.244.377\/PR, o STJ reconheceu a pr\u00e1tica da rachadinha como peculato-desvio.<\/p>\n\n\n\n<figure class=\"wp-block-pullquote\"><blockquote><p><\/p><cite><em><em><mark style=\"background-color:rgba(0, 0, 0, 0)\" class=\"has-inline-color has-vivid-cyan-blue-color\">Tudo indica que o Superior Tribunal de Justi\u00e7a tem caminhado para considerar a rachadinha como crime de concuss\u00e3o, como pode ser verificado em julgamento recente (AgRg no AREsp n. 2.497.045\/PR, DJe de 21\/6\/2024).<\/mark><\/em><\/em><\/cite><\/blockquote><\/figure>\n\n\n\n<pre class=\"wp-block-preformatted\">PENAL. PROCESSO PENAL. AGRAVO REGIMENTAL NO AGRAVO EM RECURSO ESPECIAL. CONCUSS\u00c3O. VIOLA\u00c7\u00c3O AO ART. 316 DO C\u00d3DIGO PENAL - CP. EXIG\u00caNCIA NARRADA NA DEN\u00daNCIA. \"RACHADINHA\". FATO T\u00cdPICO. AGRAVO REGIMENTAL DESPROVIDO.<br><br>1. A den\u00fancia cont\u00e9m a descri\u00e7\u00e3o de fato t\u00edpico da concuss\u00e3o, qual seja, o fato da agravante em concurso de pessoas ter ao menos para a contrata\u00e7\u00e3o da v\u00edtima exigido para outrem vantagem indevida a ser paga mensalmente quando do recebimento do vencimento.<br><br>2. Por seu turno, a condena\u00e7\u00e3o encontra-se congruente com a den\u00fancia, pois as inst\u00e2ncias ordin\u00e1rias constataram que a agravante foi respons\u00e1vel por apresentar para a v\u00edtima a condi\u00e7\u00e3o essencial referente aos repasses salariais para contrata\u00e7\u00e3o e manuten\u00e7\u00e3o do cargo.<br><br>3. Agravo regimental desprovido.<br><br>(AgRg no AREsp n. 2.497.045\/PR, relator Ministro Joel Ilan Paciornik, Quinta Turma, julgado em 18\/6\/2024, DJe de 21\/6\/2024.)<\/pre>\n\n\n\n<p><em>Est\u00e1 pronto para come\u00e7ar a prepara\u00e7\u00e3o para concursos de Carreiras Jur\u00eddicas? Os cursos do <a href=\"https:\/\/cj.estrategia.com\/\" target=\"_blank\" >Estrat\u00e9gia Carreira Jur\u00eddica<\/a> s\u00e3o o que voc\u00ea precisa para alcan\u00e7ar a aprova\u00e7\u00e3o!<\/em><\/p>\n\n\n\n<div class=\"wp-block-cover\" style=\"min-height:155px;aspect-ratio:unset;\"><img decoding=\"async\" width=\"1890\" height=\"351\" class=\"wp-block-cover__image-background wp-image-8669\" alt=\"Assinaturas Jur\u00eddicas\" src=\"https:\/\/cj.estrategia.com\/portal\/wp-content\/uploads\/2022\/06\/20151253\/concurso-carreiras-juridicas-assinatura-juridica.jpg\" style=\"object-position:78% 43%\" data-object-fit=\"cover\" data-object-position=\"78% 43%\" srcset=\"https:\/\/cj.estrategia.com\/portal\/wp-content\/uploads\/2022\/06\/20151253\/concurso-carreiras-juridicas-assinatura-juridica.jpg 1890w, https:\/\/cj.estrategia.com\/portal\/wp-content\/uploads\/2022\/06\/20151253\/concurso-carreiras-juridicas-assinatura-juridica-300x56.jpg 300w, https:\/\/cj.estrategia.com\/portal\/wp-content\/uploads\/2022\/06\/20151253\/concurso-carreiras-juridicas-assinatura-juridica-1024x190.jpg 1024w, https:\/\/cj.estrategia.com\/portal\/wp-content\/uploads\/2022\/06\/20151253\/concurso-carreiras-juridicas-assinatura-juridica-768x143.jpg 768w, https:\/\/cj.estrategia.com\/portal\/wp-content\/uploads\/2022\/06\/20151253\/concurso-carreiras-juridicas-assinatura-juridica-1536x285.jpg 1536w, https:\/\/cj.estrategia.com\/portal\/wp-content\/uploads\/2022\/06\/20151253\/concurso-carreiras-juridicas-assinatura-juridica-380x71.jpg 380w, https:\/\/cj.estrategia.com\/portal\/wp-content\/uploads\/2022\/06\/20151253\/concurso-carreiras-juridicas-assinatura-juridica-800x149.jpg 800w, https:\/\/cj.estrategia.com\/portal\/wp-content\/uploads\/2022\/06\/20151253\/concurso-carreiras-juridicas-assinatura-juridica-1160x215.jpg 1160w\" sizes=\"(max-width: 1890px) 100vw, 1890px\" \/><span aria-hidden=\"true\" class=\"wp-block-cover__background has-background-dim\"><\/span><div class=\"wp-block-cover__inner-container is-layout-flow wp-block-cover-is-layout-flow\">\n<h3 id=\"faca-a-sua-assinatura-3\" class=\"titulo-assinatura\"><span style=\"color: #ffffff;\">Fa\u00e7a a sua assinatura!<\/span><\/h3>\n<p class=\"subtitulo-assinatura\" style=\"display:block!important; line-height: 0;\"><span style=\"color: #ffffff;\">Escolha a sua \u00e1rea.<\/span><\/p>\n<a target=\"_blank\" href=\"https:\/\/www.estrategiaconcursos.com.br\/assinaturas-ecj\/\" rel=\"noopener\"><button style=\"border-radius: 10px; text-transform: capitalize;\">Acessar<\/button><\/a>\n<\/div><\/div>\n\n\n\n<p><\/p>\n\n\n\n<h2 class=\"wp-block-heading\" id=\"h-analise-juridica\"><span id=\"analise-juridica\">An\u00e1lise jur\u00eddica<\/span><\/h2>\n\n\n\n<h3 class=\"wp-block-heading\" id=\"h-acordo-de-nao-persecucao-penal-anpp\"><span id=\"acordo-de-nao-persecucao-penal-anpp\">Acordo de n\u00e3o persecu\u00e7\u00e3o penal (ANPP)<\/span><\/h3>\n\n\n\n<p>O Acordo de N\u00e3o Persecu\u00e7\u00e3o Penal foi introduzido no C\u00f3digo de Processo Penal pela Lei n\u00ba 13.964\/19 (Pacote Anticrime), que acrescentou, no C\u00f3dex, o art. 28-A, estabelecendo os seguintes requisitos e condi\u00e7\u00f5es:<\/p>\n\n\n\n<pre class=\"wp-block-preformatted\">1\u00aa) N\u00e3o ser caso de arquivamento;<br><br>2\u00aa) Ter o investigado confessado formal e circunstancialmente a pr\u00e1tica de infra\u00e7\u00e3o penal;<br><br>3\u00aa) Infra\u00e7\u00e3o penal sem viol\u00eancia ou grave amea\u00e7a;<br><br>4\u00aa) Infra\u00e7\u00e3o penal com pena M\u00cdNIMA INFERIOR a 4 (quatro) anos;<br><br>5\u00aa) O ANPP deve ser necess\u00e1rio e suficiente para reprova\u00e7\u00e3o e preven\u00e7\u00e3o do crime;<br><br>6\u00aa) Cumprimento das seguintes condi\u00e7\u00f5es, ajustadas cumulativa e alternativamente:<br><br>    a) Reparar o dano ou restituir a coisa \u00e0 v\u00edtima, exceto na impossibilidade de faz\u00ea-lo;<br><br>    b) Renunciar voluntariamente a bens e direitos indicados pelo Minist\u00e9rio P\u00fablico como instrumentos, produto ou proveito do crime;<br><br>    c) Prestar servi\u00e7o \u00e0 comunidade ou a entidades p\u00fablicas por per\u00edodo correspondente \u00e0 pena m\u00ednima cominada ao delito diminu\u00edda de um a dois ter\u00e7os, em local a ser indicado pelo ju\u00edzo da execu\u00e7\u00e3o, na forma do art. 46 do C\u00f3digo Penal;<br><br>    d) Pagar presta\u00e7\u00e3o pecuni\u00e1ria, a ser estipulada nos termos do art. 45 do C\u00f3digo Penal, a entidade p\u00fablica ou de interesse social, a ser indicada pelo ju\u00edzo da execu\u00e7\u00e3o, que tenha, preferencialmente, como fun\u00e7\u00e3o proteger bens jur\u00eddicos iguais ou semelhantes aos aparentemente lesados pelo delito; ou \u00a0\u00a0\u00a0\u00a0\u00a0\u00a0<br><br>    e) Cumprir, por prazo determinado, outra condi\u00e7\u00e3o indicada pelo Minist\u00e9rio P\u00fablico, desde que proporcional e compat\u00edvel com a infra\u00e7\u00e3o penal imputada.<\/pre>\n\n\n\n<p>O ANPP n\u00e3o constitui direito subjetivo do acusado. Por isso, o Minist\u00e9rio P\u00fablico (MP) pode recusar o oferecimento de proposta do benef\u00edcio, seja pela aus\u00eancia dos requisitos legais ou por entender que o Acordo n\u00e3o \u00e9 necess\u00e1rio e suficiente para reprova\u00e7\u00e3o e preven\u00e7\u00e3o do crime.<\/p>\n\n\n\n<p>De acordo com o artigo 28-A, \u00a714\u00ba, do CPP, \u201c<em>no caso de recusa, por parte do Minist\u00e9rio P\u00fablico, em propor o acordo de n\u00e3o persecu\u00e7\u00e3o penal, o investigado poder\u00e1 requerer a remessa dos autos a \u00f3rg\u00e3o superior, na forma do art. 28 deste C\u00f3digo<\/em>\u201d.<\/p>\n\n\n\n<p>O Superior Tribunal de Justi\u00e7a entende que caber\u00e1 ao juiz, diante da solicita\u00e7\u00e3o de revis\u00e3o feita pelo investigado, analisar se a recusa do MP foi motivada pela aus\u00eancia dos requisitos objetivos legais ou se \u00e9 referente ao m\u00e9rito da proposta.<\/p>\n\n\n\n<p>Temos, portanto, o seguinte:<\/p>\n\n\n\n<p><strong><mark style=\"background-color:rgba(0, 0, 0, 0)\" class=\"has-inline-color has-vivid-cyan-blue-color\">1\u00ba) Aus\u00eancia dos requisitos objetivos legais (n\u00e3o demandam ju\u00edzo de valor para sua constata\u00e7\u00e3o)<\/mark>:\u00a0o juiz poder\u00e1 negar a remessa dos autos ao \u00f3rg\u00e3o superior;<\/strong><\/p>\n\n\n\n<p><strong><mark style=\"background-color:rgba(0, 0, 0, 0)\" class=\"has-inline-color has-vivid-cyan-blue-color\">2\u00ba) An\u00e1lise de m\u00e9rito (h\u00e1 ju\u00edzo de valor feito pelo MP)<\/mark>:\u00a0o juiz dever\u00e1 remeter os autos ao \u00f3rg\u00e3o ministerial superior. Isso porque somente o \u00f3rg\u00e3o do MP pode fazer ju\u00edzo de valor, pois s\u00e3o os titulares da a\u00e7\u00e3o penal e os legitimados para propor o acordo. \u00c9 o que se verifica no caso de an\u00e1lise do requisito da necessidade e sufici\u00eancia do ajuste para reprova\u00e7\u00e3o e preven\u00e7\u00e3o do crime.<\/strong><\/p>\n\n\n\n<figure class=\"wp-block-pullquote\"><blockquote><p><\/p><cite><em><em><mark style=\"background-color:rgba(0, 0, 0, 0)\" class=\"has-inline-color has-vivid-cyan-blue-color\">Segundo o STJ, o mero requerimento do investigado n\u00e3o imp\u00f5e a remessa autom\u00e1tica dos autos ao \u00f3rg\u00e3o ministerial superior, mas o controle judicial limita-se a quest\u00f5es relacionadas aos requisitos objetivos, n\u00e3o podendo ingressar no m\u00e9rito da proposta de acordo.<\/mark><\/em><\/em><\/cite><\/blockquote><\/figure>\n\n\n\n<p>O Supremo Tribunal Federal vai neste mesmo sentido, assim vejamos (HC 194.677):<\/p>\n\n\n\n<pre class=\"wp-block-preformatted\">\u201c...2. Consoante jurisprud\u00eancia do Supremo Tribunal Federal, n\u00e3o cabe ao Poder Judici\u00e1rio impor ao Minist\u00e9rio P\u00fablico obriga\u00e7\u00e3o de ofertar acordo em \u00e2mbito penal.<br><br>3. Se o investigado assim o requerer, o Ju\u00edzo dever\u00e1 remeter o caso ao \u00f3rg\u00e3o superior do Minist\u00e9rio P\u00fablico, quando houver recusa por parte do representante no primeiro grau em propor o acordo de n\u00e3o persecu\u00e7\u00e3o penal, salvo manifesta inadmissibilidade. Interpreta\u00e7\u00e3o do art. 28-A, \u00a7 14, CPP a partir do sistema acusat\u00f3rio e da l\u00f3gica negocial no processo penal...\u201d<\/pre>\n\n\n\n<p><strong><a href=\"https:\/\/www.estrategiaconcursos.com.br\/assinaturas-ecj\/\" target=\"_blank\" >\u00d3timo tema<\/a><\/strong> para provas de direito penal e processual penal!<\/p>\n\n\n\n<hr class=\"wp-block-separator has-alpha-channel-opacity\"\/>\n\n\n\n<h2 class=\"wp-block-heading has-text-align-center\" id=\"h-quer-saber-quais-serao-os-proximos-concursos\"><span id=\"quer-saber-quais-serao-os-proximos-concursos\">Quer saber quais ser\u00e3o os pr\u00f3ximos concursos?<\/span><\/h2>\n\n\n\n<pre class=\"wp-block-verse has-text-align-center\">Confira nossos\u00a0<a href=\"https:\/\/cj.estrategia.com\/portal\/\" target=\"_blank\" >artigos para Carreiras Jur\u00eddicas<\/a>!<\/pre>\n\n\n\n<p class=\"has-text-align-center has-white-color has-pale-cyan-blue-background-color has-text-color has-background has-link-color wp-elements-3ffc9057f2314ec15f13b132eefb20e4\"><a href=\"https:\/\/www.estrategiaconcursos.com.br\/blog\/concursos-abertos\/\" target=\"_blank\" >Concursos p\u00fablicos abertos<\/a><\/p>\n\n\n\n<p class=\"has-text-align-center has-white-color has-pale-cyan-blue-background-color has-text-color has-background has-link-color wp-elements-0ddcc3bba7dead06242e688a17e9e277\"><a href=\"https:\/\/cj.estrategia.com\/portal\/concursos-2025-carreiras-juridicas\/\" target=\"_blank\" >Concursos 2025<\/a><\/p>\n\n\n\n<p><em>Est\u00e1 pronto para come\u00e7ar a prepara\u00e7\u00e3o para concursos de Carreiras Jur\u00eddicas? Os cursos do <a href=\"https:\/\/cj.estrategia.com\/\" target=\"_blank\" >Estrat\u00e9gia Carreira Jur\u00eddica<\/a> s\u00e3o o que voc\u00ea precisa para alcan\u00e7ar a aprova\u00e7\u00e3o!<\/em><\/p>\n\n\n\n<div class=\"wp-block-cover\" style=\"min-height:155px;aspect-ratio:unset;\"><img decoding=\"async\" width=\"1890\" height=\"351\" class=\"wp-block-cover__image-background wp-image-8669\" alt=\"Assinaturas Jur\u00eddicas\" src=\"https:\/\/cj.estrategia.com\/portal\/wp-content\/uploads\/2022\/06\/20151253\/concurso-carreiras-juridicas-assinatura-juridica.jpg\" style=\"object-position:78% 43%\" data-object-fit=\"cover\" data-object-position=\"78% 43%\" srcset=\"https:\/\/cj.estrategia.com\/portal\/wp-content\/uploads\/2022\/06\/20151253\/concurso-carreiras-juridicas-assinatura-juridica.jpg 1890w, https:\/\/cj.estrategia.com\/portal\/wp-content\/uploads\/2022\/06\/20151253\/concurso-carreiras-juridicas-assinatura-juridica-300x56.jpg 300w, https:\/\/cj.estrategia.com\/portal\/wp-content\/uploads\/2022\/06\/20151253\/concurso-carreiras-juridicas-assinatura-juridica-1024x190.jpg 1024w, https:\/\/cj.estrategia.com\/portal\/wp-content\/uploads\/2022\/06\/20151253\/concurso-carreiras-juridicas-assinatura-juridica-768x143.jpg 768w, https:\/\/cj.estrategia.com\/portal\/wp-content\/uploads\/2022\/06\/20151253\/concurso-carreiras-juridicas-assinatura-juridica-1536x285.jpg 1536w, https:\/\/cj.estrategia.com\/portal\/wp-content\/uploads\/2022\/06\/20151253\/concurso-carreiras-juridicas-assinatura-juridica-380x71.jpg 380w, https:\/\/cj.estrategia.com\/portal\/wp-content\/uploads\/2022\/06\/20151253\/concurso-carreiras-juridicas-assinatura-juridica-800x149.jpg 800w, https:\/\/cj.estrategia.com\/portal\/wp-content\/uploads\/2022\/06\/20151253\/concurso-carreiras-juridicas-assinatura-juridica-1160x215.jpg 1160w\" sizes=\"(max-width: 1890px) 100vw, 1890px\" \/><span aria-hidden=\"true\" class=\"wp-block-cover__background has-background-dim\"><\/span><div class=\"wp-block-cover__inner-container is-layout-flow wp-block-cover-is-layout-flow\">\n<h3 id=\"faca-a-sua-assinatura-4\" class=\"titulo-assinatura\"><span style=\"color: #ffffff;\">Fa\u00e7a a sua assinatura!<\/span><\/h3>\n<p class=\"subtitulo-assinatura\" style=\"display:block!important; line-height: 0;\"><span style=\"color: #ffffff;\">Escolha a sua \u00e1rea.<\/span><\/p>\n<a target=\"_blank\" href=\"https:\/\/www.estrategiaconcursos.com.br\/assinaturas-ecj\/\" rel=\"noopener\"><button style=\"border-radius: 10px; text-transform: capitalize;\">Acessar<\/button><\/a>\n<\/div><\/div>\n\n\n\n<p><\/p>\n","protected":false},"excerpt":{"rendered":"* Thiago de Paula Leite \u00e9 procurador do Estado de S\u00e3o Paulo e professor de direito ambiental e&hellip;\n","protected":false},"author":81,"featured_media":103568,"comment_status":"open","ping_status":"open","sticky":false,"template":"","format":"standard","meta":{"_jetpack_memberships_contains_paid_content":false,"footnotes":""},"categories":[1],"tags":[1005,2193,1308,154,1458,957,1996,2067,1649,134,202],"tax_estado":[30,31,32,33,34,35,36,37,38,39,40,41,42,43,44,45,46,47,48,49,50,51,52,53,54,55,56,57],"class_list":{"0":"post-103565","1":"post","2":"type-post","3":"status-publish","4":"format-standard","5":"has-post-thumbnail","7":"category-carreiras-juridicas","8":"tag-acordo-de-nao-persecucao-penal","9":"tag-concussao","10":"tag-corrupcao","11":"tag-direito-penal","12":"tag-direito-processual-penal","13":"tag-improbidade-administrativa","14":"tag-peculato-desvio","15":"tag-procuradoria-geral-da-republica-pgr","16":"tag-rachadinha","17":"tag-stf","18":"tag-stj","19":"tax_estado-ac","20":"tax_estado-al","21":"tax_estado-am","22":"tax_estado-ap","23":"tax_estado-ba","24":"tax_estado-ce","25":"tax_estado-concursos-federais","26":"tax_estado-df","27":"tax_estado-es","28":"tax_estado-go","29":"tax_estado-ma","30":"tax_estado-mg","31":"tax_estado-ms","32":"tax_estado-mt","33":"tax_estado-pa","34":"tax_estado-pb","35":"tax_estado-pe","36":"tax_estado-pi","37":"tax_estado-pr","38":"tax_estado-rj","39":"tax_estado-rn","40":"tax_estado-ro","41":"tax_estado-rr","42":"tax_estado-rs","43":"tax_estado-sc","44":"tax_estado-se","45":"tax_estado-sp","46":"tax_estado-to"},"acf":[],"yoast_head":"<!-- This site is optimized with the Yoast SEO Premium plugin v27.5 (Yoast SEO v27.5) - https:\/\/yoast.com\/product\/yoast-seo-premium-wordpress\/ -->\n<title>Rachadinha: acordo de n\u00e3o persecu\u00e7\u00e3o penal de Andr\u00e9 Janones<\/title>\n<meta name=\"description\" content=\"O deputado federal Andr\u00e9 Janones acaba de fechar um acordo com a PGR para devolver valores, ap\u00f3s investiga\u00e7\u00e3o sobre pr\u00e1tica de rachadinha.\" \/>\n<meta name=\"robots\" content=\"index, follow, max-snippet:-1, max-image-preview:large, max-video-preview:-1\" \/>\n<link rel=\"canonical\" href=\"https:\/\/cj.estrategia.com\/portal\/rachadinha-janones-acordo-pgr\/\" \/>\n<meta property=\"og:locale\" content=\"pt_BR\" \/>\n<meta property=\"og:type\" content=\"article\" \/>\n<meta property=\"og:title\" content=\"Rachadinha: Janones faz acordo com PGR e vai devolver R$ 157 mil\" \/>\n<meta property=\"og:description\" content=\"O deputado federal Andr\u00e9 Janones acaba de fechar um acordo com a PGR para devolver valores, ap\u00f3s investiga\u00e7\u00e3o sobre pr\u00e1tica de rachadinha.\" \/>\n<meta property=\"og:url\" content=\"https:\/\/cj.estrategia.com\/portal\/rachadinha-janones-acordo-pgr\/\" \/>\n<meta property=\"og:site_name\" content=\"Blog - Carreiras Jur\u00eddicas - Estrat\u00e9gia\" \/>\n<meta property=\"article:publisher\" content=\"https:\/\/www.facebook.com\/estrategiacarreirajuridica\/\" \/>\n<meta property=\"article:published_time\" content=\"2025-03-09T02:32:13+00:00\" \/>\n<meta property=\"article:modified_time\" content=\"2025-03-11T23:31:21+00:00\" \/>\n<meta property=\"og:image\" content=\"https:\/\/cj.estrategia.com\/portal\/wp-content\/uploads\/2025\/03\/08225132\/janones-rachadinhas.png\" \/>\n\t<meta property=\"og:image:width\" content=\"700\" \/>\n\t<meta property=\"og:image:height\" content=\"467\" \/>\n\t<meta property=\"og:image:type\" content=\"image\/png\" \/>\n<meta name=\"author\" content=\"Thiago Leite\" \/>\n<meta name=\"twitter:card\" content=\"summary_large_image\" \/>\n<meta name=\"twitter:creator\" content=\"@EstratJuridica\" \/>\n<meta name=\"twitter:site\" content=\"@EstratJuridica\" \/>\n<meta name=\"twitter:label1\" content=\"Escrito por\" \/>\n\t<meta name=\"twitter:data1\" content=\"Thiago Leite\" \/>\n\t<meta name=\"twitter:label2\" content=\"Est. tempo de leitura\" \/>\n\t<meta name=\"twitter:data2\" content=\"8 minutos\" \/>\n<script type=\"application\/ld+json\" class=\"yoast-schema-graph\">{\"@context\":\"https:\\\/\\\/schema.org\",\"@graph\":[{\"@type\":\"NewsArticle\",\"@id\":\"https:\\\/\\\/cj.estrategia.com\\\/portal\\\/rachadinha-janones-acordo-pgr\\\/#article\",\"isPartOf\":{\"@id\":\"https:\\\/\\\/cj.estrategia.com\\\/portal\\\/rachadinha-janones-acordo-pgr\\\/\"},\"author\":{\"name\":\"Thiago Leite\",\"@id\":\"https:\\\/\\\/cj.estrategia.com\\\/portal\\\/#\\\/schema\\\/person\\\/7d7d2b1c8386e2eeacc0b09cfbc1d0ff\"},\"headline\":\"Rachadinha: Janones faz acordo com PGR e vai devolver R$ 157 mil\",\"datePublished\":\"2025-03-09T02:32:13+00:00\",\"dateModified\":\"2025-03-11T23:31:21+00:00\",\"mainEntityOfPage\":{\"@id\":\"https:\\\/\\\/cj.estrategia.com\\\/portal\\\/rachadinha-janones-acordo-pgr\\\/\"},\"wordCount\":1305,\"commentCount\":0,\"publisher\":{\"@id\":\"https:\\\/\\\/cj.estrategia.com\\\/portal\\\/#organization\"},\"image\":{\"@id\":\"https:\\\/\\\/cj.estrategia.com\\\/portal\\\/rachadinha-janones-acordo-pgr\\\/#primaryimage\"},\"thumbnailUrl\":\"https:\\\/\\\/cj.estrategia.com\\\/portal\\\/wp-content\\\/uploads\\\/2025\\\/03\\\/08225132\\\/janones-rachadinhas.png\",\"keywords\":[\"acordo de n\u00e3o persecu\u00e7\u00e3o penal\",\"concuss\u00e3o\",\"corrup\u00e7\u00e3o\",\"direito penal\",\"direito processual penal\",\"improbidade administrativa\",\"peculato-desvio\",\"Procuradoria-Geral da Rep\u00fablica (PGR)\",\"rachadinha\",\"STF\",\"STJ\"],\"articleSection\":[\"Carreiras Jur\u00eddicas\"],\"inLanguage\":\"pt-BR\",\"potentialAction\":[{\"@type\":\"CommentAction\",\"name\":\"Comment\",\"target\":[\"https:\\\/\\\/cj.estrategia.com\\\/portal\\\/rachadinha-janones-acordo-pgr\\\/#respond\"]}]},{\"@type\":\"WebPage\",\"@id\":\"https:\\\/\\\/cj.estrategia.com\\\/portal\\\/rachadinha-janones-acordo-pgr\\\/\",\"url\":\"https:\\\/\\\/cj.estrategia.com\\\/portal\\\/rachadinha-janones-acordo-pgr\\\/\",\"name\":\"Rachadinha: acordo de n\u00e3o persecu\u00e7\u00e3o penal de Andr\u00e9 Janones\",\"isPartOf\":{\"@id\":\"https:\\\/\\\/cj.estrategia.com\\\/portal\\\/#website\"},\"primaryImageOfPage\":{\"@id\":\"https:\\\/\\\/cj.estrategia.com\\\/portal\\\/rachadinha-janones-acordo-pgr\\\/#primaryimage\"},\"image\":{\"@id\":\"https:\\\/\\\/cj.estrategia.com\\\/portal\\\/rachadinha-janones-acordo-pgr\\\/#primaryimage\"},\"thumbnailUrl\":\"https:\\\/\\\/cj.estrategia.com\\\/portal\\\/wp-content\\\/uploads\\\/2025\\\/03\\\/08225132\\\/janones-rachadinhas.png\",\"datePublished\":\"2025-03-09T02:32:13+00:00\",\"dateModified\":\"2025-03-11T23:31:21+00:00\",\"description\":\"O deputado federal Andr\u00e9 Janones acaba de fechar um acordo com a PGR para devolver valores, ap\u00f3s investiga\u00e7\u00e3o sobre pr\u00e1tica de rachadinha.\",\"breadcrumb\":{\"@id\":\"https:\\\/\\\/cj.estrategia.com\\\/portal\\\/rachadinha-janones-acordo-pgr\\\/#breadcrumb\"},\"inLanguage\":\"pt-BR\",\"potentialAction\":[{\"@type\":\"ReadAction\",\"target\":[\"https:\\\/\\\/cj.estrategia.com\\\/portal\\\/rachadinha-janones-acordo-pgr\\\/\"]}]},{\"@type\":\"ImageObject\",\"inLanguage\":\"pt-BR\",\"@id\":\"https:\\\/\\\/cj.estrategia.com\\\/portal\\\/rachadinha-janones-acordo-pgr\\\/#primaryimage\",\"url\":\"https:\\\/\\\/cj.estrategia.com\\\/portal\\\/wp-content\\\/uploads\\\/2025\\\/03\\\/08225132\\\/janones-rachadinhas.png\",\"contentUrl\":\"https:\\\/\\\/cj.estrategia.com\\\/portal\\\/wp-content\\\/uploads\\\/2025\\\/03\\\/08225132\\\/janones-rachadinhas.png\",\"width\":700,\"height\":467},{\"@type\":\"BreadcrumbList\",\"@id\":\"https:\\\/\\\/cj.estrategia.com\\\/portal\\\/rachadinha-janones-acordo-pgr\\\/#breadcrumb\",\"itemListElement\":[{\"@type\":\"ListItem\",\"position\":1,\"name\":\"In\u00edcio\",\"item\":\"https:\\\/\\\/cj.estrategia.com\\\/portal\\\/\"},{\"@type\":\"ListItem\",\"position\":2,\"name\":\"Rachadinha: Janones faz acordo com PGR e vai devolver R$ 157 mil\"}]},{\"@type\":\"WebSite\",\"@id\":\"https:\\\/\\\/cj.estrategia.com\\\/portal\\\/#website\",\"url\":\"https:\\\/\\\/cj.estrategia.com\\\/portal\\\/\",\"name\":\"Blog - Carreiras Jur\u00eddicas - Estrat\u00e9gia\",\"description\":\"\",\"publisher\":{\"@id\":\"https:\\\/\\\/cj.estrategia.com\\\/portal\\\/#organization\"},\"potentialAction\":[{\"@type\":\"SearchAction\",\"target\":{\"@type\":\"EntryPoint\",\"urlTemplate\":\"https:\\\/\\\/cj.estrategia.com\\\/portal\\\/?s={search_term_string}\"},\"query-input\":{\"@type\":\"PropertyValueSpecification\",\"valueRequired\":true,\"valueName\":\"search_term_string\"}}],\"inLanguage\":\"pt-BR\"},{\"@type\":\"Organization\",\"@id\":\"https:\\\/\\\/cj.estrategia.com\\\/portal\\\/#organization\",\"name\":\"Estrat\u00e9gia - Carreiras Jur\u00eddicas\",\"url\":\"https:\\\/\\\/cj.estrategia.com\\\/portal\\\/\",\"logo\":{\"@type\":\"ImageObject\",\"inLanguage\":\"pt-BR\",\"@id\":\"https:\\\/\\\/cj.estrategia.com\\\/portal\\\/#\\\/schema\\\/logo\\\/image\\\/\",\"url\":\"https:\\\/\\\/cj.estrategia.com\\\/portal\\\/wp-content\\\/uploads\\\/2022\\\/03\\\/11151052\\\/cj-logo.png\",\"contentUrl\":\"https:\\\/\\\/cj.estrategia.com\\\/portal\\\/wp-content\\\/uploads\\\/2022\\\/03\\\/11151052\\\/cj-logo.png\",\"width\":150,\"height\":39,\"caption\":\"Estrat\u00e9gia - Carreiras Jur\u00eddicas\"},\"image\":{\"@id\":\"https:\\\/\\\/cj.estrategia.com\\\/portal\\\/#\\\/schema\\\/logo\\\/image\\\/\"},\"sameAs\":[\"https:\\\/\\\/www.facebook.com\\\/estrategiacarreirajuridica\\\/\",\"https:\\\/\\\/x.com\\\/EstratJuridica\",\"https:\\\/\\\/www.instagram.com\\\/estrategiacarreirajuridica\\\/\",\"https:\\\/\\\/www.youtube.com\\\/channel\\\/UClbMGuYbj2Mh1m3w144ETWQ\"]},{\"@type\":\"Person\",\"@id\":\"https:\\\/\\\/cj.estrategia.com\\\/portal\\\/#\\\/schema\\\/person\\\/7d7d2b1c8386e2eeacc0b09cfbc1d0ff\",\"name\":\"Thiago Leite\",\"image\":{\"@type\":\"ImageObject\",\"inLanguage\":\"pt-BR\",\"@id\":\"https:\\\/\\\/secure.gravatar.com\\\/avatar\\\/15ff5746ff9e313f1248fe2373ce03309054e96387bb9249055458d0c1aaa297?s=96&d=mm&r=g\",\"url\":\"https:\\\/\\\/secure.gravatar.com\\\/avatar\\\/15ff5746ff9e313f1248fe2373ce03309054e96387bb9249055458d0c1aaa297?s=96&d=mm&r=g\",\"contentUrl\":\"https:\\\/\\\/secure.gravatar.com\\\/avatar\\\/15ff5746ff9e313f1248fe2373ce03309054e96387bb9249055458d0c1aaa297?s=96&d=mm&r=g\",\"caption\":\"Thiago Leite\"},\"description\":\"Thiago de Paula Leite \u00e9 procurador do Estado de S\u00e3o Paulo e professor de direito ambiental e agr\u00e1rio do Estrat\u00e9gia.\",\"url\":\"https:\\\/\\\/cj.estrategia.com\\\/portal\\\/author\\\/thiago-leite\\\/\"}]}<\/script>\n<!-- \/ Yoast SEO Premium plugin. -->","yoast_head_json":{"title":"Rachadinha: acordo de n\u00e3o persecu\u00e7\u00e3o penal de Andr\u00e9 Janones","description":"O deputado federal Andr\u00e9 Janones acaba de fechar um acordo com a PGR para devolver valores, ap\u00f3s investiga\u00e7\u00e3o sobre pr\u00e1tica de rachadinha.","robots":{"index":"index","follow":"follow","max-snippet":"max-snippet:-1","max-image-preview":"max-image-preview:large","max-video-preview":"max-video-preview:-1"},"canonical":"https:\/\/cj.estrategia.com\/portal\/rachadinha-janones-acordo-pgr\/","og_locale":"pt_BR","og_type":"article","og_title":"Rachadinha: Janones faz acordo com PGR e vai devolver R$ 157 mil","og_description":"O deputado federal Andr\u00e9 Janones acaba de fechar um acordo com a PGR para devolver valores, ap\u00f3s investiga\u00e7\u00e3o sobre pr\u00e1tica de rachadinha.","og_url":"https:\/\/cj.estrategia.com\/portal\/rachadinha-janones-acordo-pgr\/","og_site_name":"Blog - Carreiras Jur\u00eddicas - Estrat\u00e9gia","article_publisher":"https:\/\/www.facebook.com\/estrategiacarreirajuridica\/","article_published_time":"2025-03-09T02:32:13+00:00","article_modified_time":"2025-03-11T23:31:21+00:00","og_image":[{"width":700,"height":467,"url":"https:\/\/cj.estrategia.com\/portal\/wp-content\/uploads\/2025\/03\/08225132\/janones-rachadinhas.png","type":"image\/png"}],"author":"Thiago Leite","twitter_card":"summary_large_image","twitter_creator":"@EstratJuridica","twitter_site":"@EstratJuridica","twitter_misc":{"Escrito por":"Thiago Leite","Est. tempo de leitura":"8 minutos"},"schema":{"@context":"https:\/\/schema.org","@graph":[{"@type":"NewsArticle","@id":"https:\/\/cj.estrategia.com\/portal\/rachadinha-janones-acordo-pgr\/#article","isPartOf":{"@id":"https:\/\/cj.estrategia.com\/portal\/rachadinha-janones-acordo-pgr\/"},"author":{"name":"Thiago Leite","@id":"https:\/\/cj.estrategia.com\/portal\/#\/schema\/person\/7d7d2b1c8386e2eeacc0b09cfbc1d0ff"},"headline":"Rachadinha: Janones faz acordo com PGR e vai devolver R$ 157 mil","datePublished":"2025-03-09T02:32:13+00:00","dateModified":"2025-03-11T23:31:21+00:00","mainEntityOfPage":{"@id":"https:\/\/cj.estrategia.com\/portal\/rachadinha-janones-acordo-pgr\/"},"wordCount":1305,"commentCount":0,"publisher":{"@id":"https:\/\/cj.estrategia.com\/portal\/#organization"},"image":{"@id":"https:\/\/cj.estrategia.com\/portal\/rachadinha-janones-acordo-pgr\/#primaryimage"},"thumbnailUrl":"https:\/\/cj.estrategia.com\/portal\/wp-content\/uploads\/2025\/03\/08225132\/janones-rachadinhas.png","keywords":["acordo de n\u00e3o persecu\u00e7\u00e3o penal","concuss\u00e3o","corrup\u00e7\u00e3o","direito penal","direito processual penal","improbidade administrativa","peculato-desvio","Procuradoria-Geral da Rep\u00fablica (PGR)","rachadinha","STF","STJ"],"articleSection":["Carreiras Jur\u00eddicas"],"inLanguage":"pt-BR","potentialAction":[{"@type":"CommentAction","name":"Comment","target":["https:\/\/cj.estrategia.com\/portal\/rachadinha-janones-acordo-pgr\/#respond"]}]},{"@type":"WebPage","@id":"https:\/\/cj.estrategia.com\/portal\/rachadinha-janones-acordo-pgr\/","url":"https:\/\/cj.estrategia.com\/portal\/rachadinha-janones-acordo-pgr\/","name":"Rachadinha: acordo de n\u00e3o persecu\u00e7\u00e3o penal de Andr\u00e9 Janones","isPartOf":{"@id":"https:\/\/cj.estrategia.com\/portal\/#website"},"primaryImageOfPage":{"@id":"https:\/\/cj.estrategia.com\/portal\/rachadinha-janones-acordo-pgr\/#primaryimage"},"image":{"@id":"https:\/\/cj.estrategia.com\/portal\/rachadinha-janones-acordo-pgr\/#primaryimage"},"thumbnailUrl":"https:\/\/cj.estrategia.com\/portal\/wp-content\/uploads\/2025\/03\/08225132\/janones-rachadinhas.png","datePublished":"2025-03-09T02:32:13+00:00","dateModified":"2025-03-11T23:31:21+00:00","description":"O deputado federal Andr\u00e9 Janones acaba de fechar um acordo com a PGR para devolver valores, ap\u00f3s investiga\u00e7\u00e3o sobre pr\u00e1tica de rachadinha.","breadcrumb":{"@id":"https:\/\/cj.estrategia.com\/portal\/rachadinha-janones-acordo-pgr\/#breadcrumb"},"inLanguage":"pt-BR","potentialAction":[{"@type":"ReadAction","target":["https:\/\/cj.estrategia.com\/portal\/rachadinha-janones-acordo-pgr\/"]}]},{"@type":"ImageObject","inLanguage":"pt-BR","@id":"https:\/\/cj.estrategia.com\/portal\/rachadinha-janones-acordo-pgr\/#primaryimage","url":"https:\/\/cj.estrategia.com\/portal\/wp-content\/uploads\/2025\/03\/08225132\/janones-rachadinhas.png","contentUrl":"https:\/\/cj.estrategia.com\/portal\/wp-content\/uploads\/2025\/03\/08225132\/janones-rachadinhas.png","width":700,"height":467},{"@type":"BreadcrumbList","@id":"https:\/\/cj.estrategia.com\/portal\/rachadinha-janones-acordo-pgr\/#breadcrumb","itemListElement":[{"@type":"ListItem","position":1,"name":"In\u00edcio","item":"https:\/\/cj.estrategia.com\/portal\/"},{"@type":"ListItem","position":2,"name":"Rachadinha: Janones faz acordo com PGR e vai devolver R$ 157 mil"}]},{"@type":"WebSite","@id":"https:\/\/cj.estrategia.com\/portal\/#website","url":"https:\/\/cj.estrategia.com\/portal\/","name":"Blog - Carreiras Jur\u00eddicas - Estrat\u00e9gia","description":"","publisher":{"@id":"https:\/\/cj.estrategia.com\/portal\/#organization"},"potentialAction":[{"@type":"SearchAction","target":{"@type":"EntryPoint","urlTemplate":"https:\/\/cj.estrategia.com\/portal\/?s={search_term_string}"},"query-input":{"@type":"PropertyValueSpecification","valueRequired":true,"valueName":"search_term_string"}}],"inLanguage":"pt-BR"},{"@type":"Organization","@id":"https:\/\/cj.estrategia.com\/portal\/#organization","name":"Estrat\u00e9gia - Carreiras Jur\u00eddicas","url":"https:\/\/cj.estrategia.com\/portal\/","logo":{"@type":"ImageObject","inLanguage":"pt-BR","@id":"https:\/\/cj.estrategia.com\/portal\/#\/schema\/logo\/image\/","url":"https:\/\/cj.estrategia.com\/portal\/wp-content\/uploads\/2022\/03\/11151052\/cj-logo.png","contentUrl":"https:\/\/cj.estrategia.com\/portal\/wp-content\/uploads\/2022\/03\/11151052\/cj-logo.png","width":150,"height":39,"caption":"Estrat\u00e9gia - Carreiras Jur\u00eddicas"},"image":{"@id":"https:\/\/cj.estrategia.com\/portal\/#\/schema\/logo\/image\/"},"sameAs":["https:\/\/www.facebook.com\/estrategiacarreirajuridica\/","https:\/\/x.com\/EstratJuridica","https:\/\/www.instagram.com\/estrategiacarreirajuridica\/","https:\/\/www.youtube.com\/channel\/UClbMGuYbj2Mh1m3w144ETWQ"]},{"@type":"Person","@id":"https:\/\/cj.estrategia.com\/portal\/#\/schema\/person\/7d7d2b1c8386e2eeacc0b09cfbc1d0ff","name":"Thiago Leite","image":{"@type":"ImageObject","inLanguage":"pt-BR","@id":"https:\/\/secure.gravatar.com\/avatar\/15ff5746ff9e313f1248fe2373ce03309054e96387bb9249055458d0c1aaa297?s=96&d=mm&r=g","url":"https:\/\/secure.gravatar.com\/avatar\/15ff5746ff9e313f1248fe2373ce03309054e96387bb9249055458d0c1aaa297?s=96&d=mm&r=g","contentUrl":"https:\/\/secure.gravatar.com\/avatar\/15ff5746ff9e313f1248fe2373ce03309054e96387bb9249055458d0c1aaa297?s=96&d=mm&r=g","caption":"Thiago Leite"},"description":"Thiago de Paula Leite \u00e9 procurador do Estado de S\u00e3o Paulo e professor de direito ambiental e agr\u00e1rio do Estrat\u00e9gia.","url":"https:\/\/cj.estrategia.com\/portal\/author\/thiago-leite\/"}]}},"jetpack_featured_media_url":"https:\/\/cj.estrategia.com\/portal\/wp-content\/uploads\/2025\/03\/08225132\/janones-rachadinhas.png","jetpack_sharing_enabled":true,"_links":{"self":[{"href":"https:\/\/cj.estrategia.com\/portal\/wp-json\/wp\/v2\/posts\/103565","targetHints":{"allow":["GET"]}}],"collection":[{"href":"https:\/\/cj.estrategia.com\/portal\/wp-json\/wp\/v2\/posts"}],"about":[{"href":"https:\/\/cj.estrategia.com\/portal\/wp-json\/wp\/v2\/types\/post"}],"author":[{"embeddable":true,"href":"https:\/\/cj.estrategia.com\/portal\/wp-json\/wp\/v2\/users\/81"}],"replies":[{"embeddable":true,"href":"https:\/\/cj.estrategia.com\/portal\/wp-json\/wp\/v2\/comments?post=103565"}],"version-history":[{"count":0,"href":"https:\/\/cj.estrategia.com\/portal\/wp-json\/wp\/v2\/posts\/103565\/revisions"}],"wp:featuredmedia":[{"embeddable":true,"href":"https:\/\/cj.estrategia.com\/portal\/wp-json\/wp\/v2\/media\/103568"}],"wp:attachment":[{"href":"https:\/\/cj.estrategia.com\/portal\/wp-json\/wp\/v2\/media?parent=103565"}],"wp:term":[{"taxonomy":"category","embeddable":true,"href":"https:\/\/cj.estrategia.com\/portal\/wp-json\/wp\/v2\/categories?post=103565"},{"taxonomy":"post_tag","embeddable":true,"href":"https:\/\/cj.estrategia.com\/portal\/wp-json\/wp\/v2\/tags?post=103565"},{"taxonomy":"tax_estado","embeddable":true,"href":"https:\/\/cj.estrategia.com\/portal\/wp-json\/wp\/v2\/tax_estado?post=103565"}],"curies":[{"name":"wp","href":"https:\/\/api.w.org\/{rel}","templated":true}]}}