{"id":103426,"date":"2025-03-08T09:52:10","date_gmt":"2025-03-08T12:52:10","guid":{"rendered":"https:\/\/cj.estrategia.com\/portal\/?p=103426"},"modified":"2025-03-10T07:24:24","modified_gmt":"2025-03-10T10:24:24","slug":"edital-cartorio-rr","status":"publish","type":"post","link":"https:\/\/cj.estrategia.com\/portal\/edital-cartorio-rr\/","title":{"rendered":"Edital Cart\u00f3rio RR: PUBLICADO! 7 VAGAS; veja!"},"content":{"rendered":"<a id=\"cta-icon\" href=\"https:\/\/sndflw.com\/i\/cartorios-grupo\" target=\"blank\" style=\"background:rgb(41,166,26)\">\n            <img decoding=\"async\" src=\"https:\/\/cj.estrategia.com\/portal\/wp-content\/uploads\/2023\/12\/07160657\/whatsapp_1385.webp\" alt=\"\" alt=\"whatsapp_1385\"><span > Acesse agora o Grupo de Estudos para Concursos Cart\u00f3rio <\/span><\/a>\n\n\n\n<p>Est\u00e1 oficialmente dispon\u00edvel o novo edital do <strong><strong>concurso do Cart\u00f3rio RR (Tribunal de Justi\u00e7a do Estado de Roraima)<\/strong>,<\/strong> confira os detalhes da sele\u00e7\u00e3o!<\/p>\n\n\n\n<p>O documento oferta&nbsp;<strong>7 vagas&nbsp;<\/strong>imediatas de <strong>n\u00edvel superior para provimento e remo\u00e7\u00e3o <\/strong>com&nbsp;<strong>iniciais de acordo com o cart\u00f3rio mil<\/strong>.<\/p>\n\n\n\n<p>O edital est\u00e1 sob responsabilidade da&nbsp;banca <strong>Cebraspe<\/strong>, e as inscri\u00e7\u00f5es podem ser realizadas entre os dias&nbsp;<strong>3 de junho e 3 de julho<\/strong>. A taxa de inscri\u00e7\u00e3o ficou fixada em R$ 450,00 por candidato.<\/p>\n\n\n\n<p>Vale ressaltar que os delegados dos servi\u00e7os notariais e de registro <strong>ser\u00e3o remunerados, exclusivamente, por meio de emolumentos cobrados em raz\u00e3o do of\u00edcio, <\/strong>na forma da legisla\u00e7\u00e3o espec\u00edfica.<\/p>\n\n\n\n<p>Para participar da sele\u00e7\u00e3o, no caso de <strong>candidato por provimento, <\/strong>deve ser bacharel em Direito, com diploma registrado, ou ter completado, por dez anos, exerc\u00edcio em servi\u00e7o notarial ou de registro, antes da primeira publica\u00e7\u00e3o deste edital.<\/p>\n\n\n\n<p>J\u00e1 no caso de <strong>candidato por remo\u00e7\u00e3o<\/strong>, o candidato dever\u00e1 comprovar que j\u00e1 exerce a titularidade de serventia extrajudicial em qualquer localidade do Estado de Roraima por mais de dois anos at\u00e9 a primeira publica\u00e7\u00e3o deste edital.<\/p>\n\n\n\n<p>Os candidatos devidamente inscritos ser\u00e3o avaliados por&nbsp;<strong>provas objetiva no dia&nbsp;7 de setembro de 2025.<\/strong>&nbsp;Confira mais detalhes no decorrer do artigo:<\/p>\n\n\n\n<ul class=\"wp-block-list has-very-light-gray-to-cyan-bluish-gray-gradient-background has-background\">\n<li><strong>Concurso Cart\u00f3rio RR<\/strong><\/li>\n\n\n\n<li><strong style=\"color: initial;\">Situa\u00e7\u00e3o:<\/strong><span style=\"color: initial;\">&nbsp;<\/span>edital publicado<\/li>\n\n\n\n<li><strong>Banca:<\/strong> Cebraspe<\/li>\n\n\n\n<li><strong>Vagas:<\/strong>&nbsp;7<\/li>\n\n\n\n<li><strong>Sal\u00e1rio inicial:<\/strong> emolumentos cobrados em raz\u00e3o do of\u00edcio<\/li>\n\n\n\n<li><strong>Edital:<\/strong> <a href=\"https:\/\/cj.estrategia.com\/portal\/wp-content\/uploads\/2025\/03\/07213610\/tjrr-1.pdf\" target=\"_blank\" rel=\"noreferrer noopener nofollow\">Edital concurso Cart\u00f3rio RR<\/a><\/li>\n<\/ul>\n\n\n\n<p>Confira neste artigo mais informa\u00e7\u00f5es sobre o <strong><strong>Concurso <strong>Cart\u00f3rio RR<\/strong><\/strong><\/strong> e os detalhes de seu edital. Acompanhe pelos t\u00f3picos abaixo:<\/p>\n\n\n\n<p><\/p>\n\n\n\n<div class=\"container\" id=\"boxes\">\n  <div class=\"row\">\n\n    <div class=\"col-sm\">\n      <div class=\"banner-estrategia-concursos-juridicos\" id=\"box-assinatura\">\n        <h2 id=\"curso-para-concurso-cartorio-rr\" class=\"titulo-assinatura\"><span style=\"color: #ffffff; font-size: 23px; \">Curso para Concurso Cart\u00f3rio RR<\/span><\/h2>\n        <p class=\"subtitulo-assinatura\">Cursos focados no edital do concurso<\/p>\n        <div class=\"box-botao\">\n          <a class=\"btn-assinatura-juridica\" target=\"_blank\" href=\"https:\/\/cj.estrategia.com\/curso\/cartorios-do-tj-rr-pacote-teorico\/\" role=\"button\" rel=\"noopener noreferrer\">Conhe\u00e7a mais<\/a>\n        <\/div>\n      <\/div>\n      <p class=\"texto-auxiliar\">Prepare-se com o melhor material e com quem mais aprova em concursos em todo o pa\u00eds. \n<\/p>\n    <\/div>\n\n  <\/div>\n<\/div>\n\n\n\n<h2 class=\"wp-block-heading\" id=\"h-analise-de-edital\"><span id=\"analise-de-edital\">An\u00e1lise de edital<\/span><\/h2>\n\n\n\n<figure class=\"wp-block-embed is-type-video is-provider-youtube wp-block-embed-youtube wp-embed-aspect-16-9 wp-has-aspect-ratio\"><div class=\"wp-block-embed__wrapper\">\n<div class=\"cs-embed cs-embed-responsive\"><iframe title=\"Cart\u00f3rios TJ RR - An\u00e1lise de Edital com 7 vagas e provas em setembro\" width=\"1200\" height=\"675\" src=\"https:\/\/www.youtube.com\/embed\/TI7Vf0-wyaU?feature=oembed\" frameborder=\"0\" allow=\"accelerometer; autoplay; clipboard-write; encrypted-media; gyroscope; picture-in-picture; web-share\" referrerpolicy=\"strict-origin-when-cross-origin\" allowfullscreen><\/iframe><\/div>\n<\/div><\/figure>\n\n\n\n<ul class=\"wp-block-list\">\n<li><a href=\"#situacao-atual\">Situa\u00e7\u00e3o atual<\/a>\n<ul class=\"wp-block-list\">\n<li><a href=\"#atual\">Principais datas<\/a><\/li>\n<\/ul>\n<\/li>\n\n\n\n<li><a href=\"#h-carreira-cartorio-rr\">Carreira<\/a><\/li>\n\n\n\n<li><a href=\"#cargos-vagas\">Cargos e vagas<\/a><\/li>\n\n\n\n<li><a href=\"#etapas\">Etapas e provas<\/a><\/li>\n\n\n\n<li><a href=\"#cursos-assinatura\">Assinatura e cursos<\/a><\/li>\n\n\n\n<li><a href=\"#ficha-tecnica\">Ficha t\u00e9cnica<\/a><\/li>\n<\/ul>\n\n\n\n<h2 class=\"wp-block-heading\" id=\"h-concurso-cartorio-rr-situacao-atual\"><span id=\"concurso-cartorio-rr-situacao-atual\">Concurso Cart\u00f3rio RR: situa\u00e7\u00e3o atual<\/span><\/h2>\n\n\n\n<h3 class=\"wp-block-heading\" id=\"atual\"><span id=\"principais-datas\">Principais datas<\/span><\/h3>\n\n\n\n<ul class=\"wp-block-list has-very-light-gray-to-cyan-bluish-gray-gradient-background has-background\">\n<li><strong>Inscri\u00e7\u00f5es:<\/strong> 3\/6 a 3\/7\/2025<\/li>\n\n\n\n<li><strong>\u00daltimo dia pagamento:<\/strong> 7\/7\/2025<\/li>\n\n\n\n<li><strong>Isen\u00e7\u00e3o da taxa:<\/strong>&nbsp;17\/4 a 16\/5\/2025<\/li>\n\n\n\n<li><strong>Data da prova objetiva:<\/strong> 7\/9\/2025\n<ul class=\"wp-block-list\">\n<li>Per\u00edodo manh\u00e3: provimento<\/li>\n\n\n\n<li>Per\u00edodo tarde: remo\u00e7\u00e3o<\/li>\n<\/ul>\n<\/li>\n\n\n\n<li><strong>Data prova pr\u00e1tica provimento: <\/strong>15\/11\/2025<\/li>\n\n\n\n<li><strong>Data prova pr\u00e1tica remo\u00e7\u00e3o: <\/strong>16\/11\/2025<br><\/li>\n<\/ul>\n\n\n\n<h2 class=\"wp-block-heading\" id=\"h-carreira-cartorio-rr\"><span id=\"carreira-cartorio-rr\">Carreira Cart\u00f3rio RR<\/span><\/h2>\n\n\n\n<h3 class=\"wp-block-heading\" id=\"h-requisitos-cartorio-rr\"><span id=\"requisitos-cartorio-rr\">Requisitos Cart\u00f3rio RR<\/span><\/h3>\n\n\n\n<ul class=\"wp-block-list\">\n<li>No caso de candidato por provimento, ser bacharel em Direito, com diploma registrado, ou ter completado, por dez anos, exerc\u00edcio em servi\u00e7o notarial ou de registro, antes da primeira publica\u00e7\u00e3o deste edital. (artigo 15, \u00a7 2\u00ba, da Lei n\u00ba 8.935\/1994).<\/li>\n\n\n\n<li>No caso de candidato por remo\u00e7\u00e3o, o candidato dever\u00e1 comprovar que j\u00e1 exerce a titularidade de serventia extrajudicial em qualquer localidade do Estado de Roraima por mais de dois anos at\u00e9 a primeira publica\u00e7\u00e3o deste edital.<\/li>\n<\/ul>\n\n\n\n<h2 class=\"wp-block-heading\" id=\"cargos-vagas\"><span id=\"cargos-e-vagas-do-concurso-cartorio-rr\">Cargos e vagas do concurso Cart\u00f3rio RR<\/span><\/h2>\n\n\n\n<p>Confira abaixo a divis\u00e3o exata das vagas do edital:<\/p>\n\n\n\n<figure class=\"wp-block-table is-style-stripes\"><table class=\"has-very-light-gray-to-cyan-bluish-gray-gradient-background has-background has-fixed-layout\"><thead><tr><th class=\"has-text-align-center\" data-align=\"center\">TIPO<\/th><th class=\"has-text-align-center\" data-align=\"center\">VAGAS<\/th><\/tr><\/thead><tbody><tr><td class=\"has-text-align-center\" data-align=\"center\">Provimento<\/td><td class=\"has-text-align-center\" data-align=\"center\">5<\/td><\/tr><tr><td class=\"has-text-align-center\" data-align=\"center\">Remo\u00e7\u00e3o<\/td><td class=\"has-text-align-center\" data-align=\"center\">2<\/td><\/tr><\/tbody><\/table><\/figure>\n\n\n\n<h3 class=\"wp-block-heading\" id=\"h-remuneracao\"><span id=\"remuneracao\">Remunera\u00e7\u00e3o<\/span><\/h3>\n\n\n\n<p>Os delegados dos servi\u00e7os notariais e de registro ser\u00e3o remunerados, exclusivamente, por meio de emolumentos cobrados em raz\u00e3o do of\u00edcio, na forma da legisla\u00e7\u00e3o espec\u00edfica.<\/p>\n\n\n\n<h2 class=\"wp-block-heading\" id=\"h-etapas-e-provas-do-concurso-cartorio-rr\"><span id=\"etapas-e-provas-do-concurso-cartorio-rr\">Etapas e provas do concurso Cart\u00f3rio RR<\/span><\/h2>\n\n\n\n<p>Os candidatos ser\u00e3o avaliados pelas seguintes etapas e provas:<\/p>\n\n\n\n<ul class=\"wp-block-list\">\n<li>Primeira etapa &#8211; <strong>Prova objetiva de sele\u00e7\u00e3o,<\/strong>&nbsp;de car\u00e1ter eliminat\u00f3rio, distinta para cada modalidade de ingresso.<\/li>\n\n\n\n<li>Segunda etapa &#8211; <strong>Prova escrita e pr\u00e1tica, <\/strong>de car\u00e1ter eliminat\u00f3rio e classificat\u00f3rio, distinta para cada modalidade de ingresso.<\/li>\n\n\n\n<li>Terceira etapa &#8211; <strong>Comprova\u00e7\u00e3o de requisitos para a outorga de delega\u00e7\u00f5es,<\/strong> de car\u00e1ter eliminat\u00f3rio.\n<ul class=\"wp-block-list\">\n<li>Quarta etapa: <\/li>\n\n\n\n<li><strong>Exame psicot\u00e9cnico<\/strong> e envio de laudos neurol\u00f3gico e psiqui\u00e1trico, de car\u00e1ter descritivo e de presen\u00e7a obrigat\u00f3ria.<\/li>\n\n\n\n<li><strong>An\u00e1lise da vida pregressa,<\/strong> de car\u00e1ter eliminat\u00f3rio.<\/li>\n<\/ul>\n<\/li>\n\n\n\n<li>Quarta etapa &#8211; <strong>Prova oral, <\/strong>de car\u00e1ter eliminat\u00f3rio e classificat\u00f3rio.<\/li>\n\n\n\n<li>Quinta etapa &#8211; <strong>Prova de t\u00edtulos,<\/strong>&nbsp;de natureza classificat\u00f3ria.<\/li>\n<\/ul>\n\n\n\n<h3 class=\"wp-block-heading\" id=\"objetiva\"><span id=\"prova-objetiva\">Prova objetiva<\/span><\/h3>\n\n\n\n<p>A Prova Objetiva ser\u00e1 composta de <strong>100 quest\u00f5es <\/strong>para todos os cargos, com <strong>dura\u00e7\u00e3o de 5 horas<\/strong> e <strong>cinco alternativas<\/strong>, sendo que cada quest\u00e3o ter\u00e1 <strong>apenas uma alternativa correta.<\/strong><\/p>\n\n\n\n<ul class=\"wp-block-list\">\n<li>A etapa ser\u00e1 dividida em: \n<ul class=\"wp-block-list\">\n<li><strong>Turno da manh\u00e3 <\/strong>&#8211; candidatos \u00e0 outorga por provimento.<\/li>\n\n\n\n<li><strong>Turno da tarde<\/strong> &#8211; candidatos \u00e0 outorga por remo\u00e7\u00e3o.<\/li>\n<\/ul>\n<\/li>\n<\/ul>\n\n\n\n<p>A etapa versar\u00e1 sobre as seguintes disciplinas:<\/p>\n\n\n\n<ul class=\"wp-block-list\">\n<li>Direito Notarial e Registral;<\/li>\n\n\n\n<li>Direito Constitucional, Direito Administrativo, Direito Tribut\u00e1rio, Direito Civil, Direito Processual Civil, Direito Penal, Direito Processual Penal, Direito Empresarial;<\/li>\n\n\n\n<li>Conhecimentos Gerais.<\/li>\n<\/ul>\n\n\n\n<h3 class=\"wp-block-heading\" id=\"h-prova-escrita-e-pratica\"><span id=\"prova-escrita-e-pratica\">Prova escrita e pr\u00e1tica<\/span><\/h3>\n\n\n\n<p>A prova escrita e pr\u00e1tica ter\u00e1 <strong>dura\u00e7\u00e3o de 5 horas <\/strong>e ser\u00e1 aplicada em turnos diferentes para os candidatos \u00e0 outorga por provimento (manh\u00e3) e por remo\u00e7\u00e3o (tarde). Ela valer\u00e1 10 pontos e ser\u00e1 composta por:<\/p>\n\n\n\n<ul class=\"wp-block-list\">\n<li><strong>Parte 1<\/strong>: Disserta\u00e7\u00e3o de at\u00e9 100 linhas (4 pontos);<\/li>\n\n\n\n<li><strong>Parte 2<\/strong>: Pe\u00e7a pr\u00e1tica de at\u00e9 120 linhas (4 pontos);<\/li>\n\n\n\n<li><strong>Parte 3<\/strong>: Duas quest\u00f5es discursivas de at\u00e9 20 linhas cada (1 ponto cada).<\/li>\n<\/ul>\n\n\n\n<p>Na prova escrita e pr\u00e1tica, ser\u00e1 permitida a consulta \u00e0 legisla\u00e7\u00e3o, desde que respeitadas as regras estabelecidas.<\/p>\n\n\n\n<h4 class=\"wp-block-heading\" id=\"h-materiais-permitidos\"><span id=\"materiais-permitidos\">Materiais permitidos:<\/span><\/h4>\n\n\n\n<ul class=\"wp-block-list\">\n<li>Legisla\u00e7\u00e3o n\u00e3o comentada, n\u00e3o anotada e n\u00e3o comparada;<\/li>\n\n\n\n<li>C\u00f3digos, decretos, resolu\u00e7\u00f5es, instru\u00e7\u00f5es normativas e portarias;<\/li>\n\n\n\n<li>\u00cdndice remissivo, regimentos internos de tribunais e conselhos;<\/li>\n\n\n\n<li>Leis de introdu\u00e7\u00e3o dos c\u00f3digos;<\/li>\n\n\n\n<li>Legisla\u00e7\u00e3o obtida em sites oficiais, desde que n\u00e3o comentada, anotada ou comparada.<\/li>\n<\/ul>\n\n\n\n<p>O material permitido pode conter <strong>marca\u00e7\u00f5es e anota\u00e7\u00f5es<\/strong>, como:<\/p>\n\n\n\n<ul class=\"wp-block-list\">\n<li>Separadores como marcadores de p\u00e1gina, post-its ou clipes.<\/li>\n\n\n\n<li>Trechos destacados (marca-texto, sublinhados etc.);<\/li>\n\n\n\n<li>Notas transcritas, manuscritas ou impressas;<\/li>\n<\/ul>\n\n\n\n<h3 class=\"wp-block-heading\" id=\"h-comprovacao-de-requisitos-para-a-outorga-de-delegacoes\"><span id=\"comprovacao-de-requisitos-para-a-outorga-de-delegacoes\">Comprova\u00e7\u00e3o de requisitos para a outorga de delega\u00e7\u00f5es<\/span><\/h3>\n\n\n\n<h4 id=\"ingresso-por-provimento\" class=\"wp-block-heading\">Ingresso por provimento:<\/h4>\n\n\n\n<ul class=\"wp-block-list\">\n<li>Documento de identifica\u00e7\u00e3o (certid\u00e3o de nascimento\/casamento ou t\u00edtulo de cidadania);<\/li>\n\n\n\n<li>T\u00edtulo de eleitor e comprovante de quita\u00e7\u00e3o eleitoral;<\/li>\n\n\n\n<li>Comprova\u00e7\u00e3o de quita\u00e7\u00e3o com o servi\u00e7o militar (para homens);<\/li>\n\n\n\n<li>Laudo m\u00e9dico oficial de aptid\u00e3o f\u00edsica e mental;<\/li>\n\n\n\n<li>Certid\u00f5es negativas de antecedentes criminais e civis (\u00faltimos 10 anos);<\/li>\n\n\n\n<li>Diploma de bacharel em Direito ou comprova\u00e7\u00e3o de 10 anos de atividade notarial\/registral;<\/li>\n\n\n\n<li>Foto 3\u00d74 recente, curr\u00edculo e refer\u00eancias com contato;<\/li>\n\n\n\n<li>Comprovante de aprova\u00e7\u00e3o no Exame Nacional dos Cart\u00f3rios (ENAC).<\/li>\n<\/ul>\n\n\n\n<h4 id=\"ingresso-por-remocao\" class=\"wp-block-heading\">Ingresso por remo\u00e7\u00e3o:<\/h4>\n\n\n\n<ul class=\"wp-block-list\">\n<li>Documenta\u00e7\u00e3o semelhante \u00e0 exigida para provimento, exceto a comprova\u00e7\u00e3o de forma\u00e7\u00e3o acad\u00eamica;<\/li>\n\n\n\n<li>Certid\u00e3o da Corregedoria-Geral da Justi\u00e7a de Roraima confirmando mais de dois anos de atividade notarial ou registral.<\/li>\n<\/ul>\n\n\n\n<h4 id=\"exigencias-adicionais\" class=\"wp-block-heading\">Exig\u00eancias adicionais:<\/h4>\n\n\n\n<ul class=\"wp-block-list\">\n<li>Todos os candidatos devem apresentar documenta\u00e7\u00e3o comprobat\u00f3ria dos t\u00edtulos quando convocados.<\/li>\n\n\n\n<li>Candidatos que residiram em outros estados devem apresentar certid\u00f5es criminais e c\u00edveis dos locais onde viveram;<\/li>\n<\/ul>\n\n\n\n<h3 class=\"wp-block-heading\" id=\"h-prova-oral\"><span id=\"prova-oral\">Prova oral<\/span><\/h3>\n\n\n\n<p>Ser\u00e3o convocados para a prova oral os candidatos aprovados na quarta etapa (exame psicot\u00e9cnico, laudos m\u00e9dicos e an\u00e1lise de vida pregressa). Os n\u00e3o convocados ser\u00e3o eliminados do concurso.<\/p>\n\n\n\n<ul class=\"wp-block-list\">\n<li><strong>Pontua\u00e7\u00e3o<\/strong>: A prova valer\u00e1 10 pontos e abordar\u00e1 disciplinas agrupadas em quatro pontos tem\u00e1ticos, incluindo Direito Notarial e Registral, Direito Civil e outras \u00e1reas jur\u00eddicas.<\/li>\n\n\n\n<li><strong>Formato<\/strong>: Dura\u00e7\u00e3o de at\u00e9 30 minutos, com leitura e resposta \u00e0s perguntas entregues por escrito e argui\u00e7\u00e3o pela banca examinadora.<\/li>\n\n\n\n<li><strong>Crit\u00e9rios de avalia\u00e7\u00e3o<\/strong>: Dom\u00ednio jur\u00eddico, linguagem, racioc\u00ednio, argumenta\u00e7\u00e3o e uso correto do idioma. Candidatos com nota inferior a 5,00 ser\u00e3o eliminados.<\/li>\n<\/ul>\n\n\n\n<h3 class=\"wp-block-heading\" id=\"h-prova-de-titulos\"><span id=\"prova-de-titulos\">Prova de t\u00edtulos<\/span><\/h3>\n\n\n\n<p>A avalia\u00e7\u00e3o de t\u00edtulos valer\u00e1 10,00 pontos, ainda que a soma dos valores dos t\u00edtulos enviados seja superior a esse valor:<\/p>\n\n\n\n<p><\/p>\n\n\n<div class=\"wp-block-image\">\n<figure class=\"aligncenter size-full is-resized\"><img decoding=\"async\" width=\"639\" height=\"113\" src=\"https:\/\/cj.estrategia.com\/portal\/wp-content\/uploads\/2025\/03\/07220948\/image-13.png\" alt=\"\" class=\"wp-image-103464\" style=\"width:577px;height:auto\" srcset=\"https:\/\/cj.estrategia.com\/portal\/wp-content\/uploads\/2025\/03\/07220948\/image-13.png 639w, https:\/\/cj.estrategia.com\/portal\/wp-content\/uploads\/2025\/03\/07220948\/image-13-300x53.png 300w, https:\/\/cj.estrategia.com\/portal\/wp-content\/uploads\/2025\/03\/07220948\/image-13-380x67.png 380w, https:\/\/cj.estrategia.com\/portal\/wp-content\/uploads\/2025\/03\/07220948\/image-13-150x27.png 150w\" sizes=\"(max-width: 639px) 100vw, 639px\" \/><\/figure>\n<\/div>\n\n<div class=\"wp-block-image\">\n<figure class=\"aligncenter size-full\"><img decoding=\"async\" width=\"576\" height=\"791\" src=\"https:\/\/cj.estrategia.com\/portal\/wp-content\/uploads\/2025\/03\/07221008\/image-14.png\" alt=\"\" class=\"wp-image-103465\" srcset=\"https:\/\/cj.estrategia.com\/portal\/wp-content\/uploads\/2025\/03\/07221008\/image-14.png 576w, https:\/\/cj.estrategia.com\/portal\/wp-content\/uploads\/2025\/03\/07221008\/image-14-218x300.png 218w, https:\/\/cj.estrategia.com\/portal\/wp-content\/uploads\/2025\/03\/07221008\/image-14-380x522.png 380w, https:\/\/cj.estrategia.com\/portal\/wp-content\/uploads\/2025\/03\/07221008\/image-14-150x206.png 150w\" sizes=\"(max-width: 576px) 100vw, 576px\" \/><\/figure>\n<\/div>\n\n\n<p><\/p>\n\n\n\n<p><\/p>\n\n\n\n<p><\/p>\n\n\n\n<p class=\"has-text-align-center\"><em>Fique por dentro de todos os detalhes do edital do concurso Cart\u00f3rio RR.<\/em><br><em>Preparamos um artigo exclusivo para voc\u00ea, basta conferir abaixo:<\/em><\/p>\n\n\n\n<p class=\"has-text-align-center has-luminous-vivid-amber-background-color has-background cnvs-block-core-paragraph-1738691449545\"><strong><a href=\"https:\/\/cj.estrategia.com\/portal\/concurso-cartorio-rr\/\">Concurso Cart\u00f3rio RR<\/a><\/strong><\/p>\n\n\n\n<h2 class=\"wp-block-heading has-text-align-center\" id=\"h-quer-saber-tudo-sobre-concursos-previstos-confira-nossos-artigos\"><span id=\"quer-saber-tudo-sobre-concursos-previstosconfira-nossos-artigos\">Quer saber tudo sobre concursos previstos?<br><strong>Confira nossos artigos!<\/strong><\/span><\/h2>\n\n\n\n<ul class=\"wp-block-list\">\n<li><a href=\"https:\/\/cj.estrategia.com\/portal\/concursos-abertos-carreiras-juridicas\/\" target=\"_blank\" >Concursos jur\u00eddicos abertos<\/a><\/li>\n\n\n\n<li><a href=\"https:\/\/cj.estrategia.com\/portal\/concursos-2025-carreiras-juridicas\/\" target=\"_blank\" >Concursos jur\u00eddicos 2025<\/a><\/li>\n\n\n\n<li><a href=\"https:\/\/cj.estrategia.com\/portal\/concursos-delegado\/\" target=\"_blank\" >Concursos Delegado<\/a><\/li>\n<\/ul>\n\n\n\n<h2 class=\"wp-block-heading has-text-align-center\" id=\"CURSO\"><span id=\"cursos-e-assinaturas\">CURSOS E ASSINATURAS<\/span><\/h2>\n\n\n\n<p><\/p>\n\n\n\n<div class=\"wp-block-cover\" style=\"min-height:155px;aspect-ratio:unset;\"><img decoding=\"async\" width=\"1890\" height=\"351\" class=\"wp-block-cover__image-background wp-image-8669\" alt=\"Assinaturas Jur\u00eddicas\" src=\"https:\/\/cj.estrategia.com\/portal\/wp-content\/uploads\/2022\/06\/20151253\/concurso-carreiras-juridicas-assinatura-juridica.jpg\" style=\"object-position:78% 43%\" data-object-fit=\"cover\" data-object-position=\"78% 43%\" srcset=\"https:\/\/cj.estrategia.com\/portal\/wp-content\/uploads\/2022\/06\/20151253\/concurso-carreiras-juridicas-assinatura-juridica.jpg 1890w, https:\/\/cj.estrategia.com\/portal\/wp-content\/uploads\/2022\/06\/20151253\/concurso-carreiras-juridicas-assinatura-juridica-300x56.jpg 300w, https:\/\/cj.estrategia.com\/portal\/wp-content\/uploads\/2022\/06\/20151253\/concurso-carreiras-juridicas-assinatura-juridica-1024x190.jpg 1024w, https:\/\/cj.estrategia.com\/portal\/wp-content\/uploads\/2022\/06\/20151253\/concurso-carreiras-juridicas-assinatura-juridica-768x143.jpg 768w, https:\/\/cj.estrategia.com\/portal\/wp-content\/uploads\/2022\/06\/20151253\/concurso-carreiras-juridicas-assinatura-juridica-1536x285.jpg 1536w, https:\/\/cj.estrategia.com\/portal\/wp-content\/uploads\/2022\/06\/20151253\/concurso-carreiras-juridicas-assinatura-juridica-380x71.jpg 380w, https:\/\/cj.estrategia.com\/portal\/wp-content\/uploads\/2022\/06\/20151253\/concurso-carreiras-juridicas-assinatura-juridica-800x149.jpg 800w, https:\/\/cj.estrategia.com\/portal\/wp-content\/uploads\/2022\/06\/20151253\/concurso-carreiras-juridicas-assinatura-juridica-1160x215.jpg 1160w\" sizes=\"(max-width: 1890px) 100vw, 1890px\" \/><span aria-hidden=\"true\" class=\"wp-block-cover__background has-background-dim\"><\/span><div class=\"wp-block-cover__inner-container is-layout-flow wp-block-cover-is-layout-flow\">\n<h3 id=\"faca-a-sua-assinatura\" class=\"titulo-assinatura\"><span style=\"color: #ffffff;\">Fa\u00e7a a sua assinatura!<\/span><\/h3>\n<p class=\"subtitulo-assinatura\" style=\"display:block!important; line-height: 0;\"><span style=\"color: #ffffff;\">Escolha a sua \u00e1rea.<\/span><\/p>\n<a target=\"_blank\" href=\"https:\/\/www.estrategiaconcursos.com.br\/assinaturas-ecj\/\" rel=\"noopener\"><button style=\"border-radius: 10px; text-transform: capitalize;\">Acessar<\/button><\/a>\n<\/div><\/div>\n\n\n\n<p><\/p>\n\n\n\n<figure class=\"wp-block-image is-resized\"><img decoding=\"async\" src=\"https:\/\/dhg1h5j42swfq.cloudfront.net\/2021\/04\/19202624\/ficha-tecnica-1-1024x632-1-3.png\" alt=\"Informa\u00e7\u00f5es sobre o pr\u00f3ximo concurso Cart\u00f3rio RR\" class=\"wp-image-717343\" style=\"width:217px;height:auto\"\/><\/figure>\n\n\n\n<h4 class=\"wp-block-heading\" id=\"ficha\"><span id=\"informacoes-sobre-o-proximo-concurso-cartorio-rr\">Informa\u00e7\u00f5es sobre o pr\u00f3ximo concurso Cart\u00f3rio RR<\/span><\/h4>\n\n\n\n<ul class=\"wp-block-list\">\n<li><strong>Provas:<\/strong> 7\/9\/2025<\/li>\n\n\n\n<li><strong>Vagas<\/strong>: 7<\/li>\n\n\n\n<li><strong>Cargos<\/strong>: Provimento e remo\u00e7\u00e3o<\/li>\n\n\n\n<li><strong>Lota\u00e7\u00f5es<\/strong>: Brasil <\/li>\n\n\n\n<li><strong>Banca<\/strong>: CEBRASPE<\/li>\n\n\n\n<li><strong>Escolaridade<\/strong>: Bacharel em Direito + 3 anos de experi\u00eancia<\/li>\n\n\n\n<li><strong>Edital: <\/strong><a href=\"https:\/\/cj.estrategia.com\/portal\/wp-content\/uploads\/2025\/03\/07213610\/tjrr-1.pdf\" target=\"_blank\" rel=\"noreferrer noopener nofollow\">Edital concurso Cart\u00f3rio RR<\/a><\/li>\n<\/ul>\n\n\n\n<p><a href=\"https:\/\/twitter.com\/share?&amp;text=Concurso%20Delegado%20CE%3A%20IMINENTE%21%20100%20vagas%20e%20at%C3%A9%20R%24%2020%20mil%21&amp;via=EstratJuridica&amp;url=https:\/\/cj.estrategia.com\/portal\/concurso-delegado-ce\/\" target=\"_blank\" ><\/a><\/p>\n\n\n\n<p><\/p>\n\n\n\n<p><\/p>\n","protected":false},"excerpt":{"rendered":"Est\u00e1 oficialmente dispon\u00edvel o novo edital do concurso do Cart\u00f3rio RR (Tribunal de Justi\u00e7a do Estado de Roraima),&hellip;\n","protected":false},"author":12,"featured_media":20773,"comment_status":"open","ping_status":"open","sticky":false,"template":"","format":"standard","meta":{"_jetpack_memberships_contains_paid_content":false,"footnotes":""},"categories":[29],"tags":[],"tax_estado":[52],"class_list":{"0":"post-103426","1":"post","2":"type-post","3":"status-publish","4":"format-standard","5":"has-post-thumbnail","7":"category-cartorio","8":"tax_estado-rr"},"acf":[],"yoast_head":"<!-- This site is optimized with the Yoast SEO Premium plugin v27.4 (Yoast SEO v27.4) - https:\/\/yoast.com\/product\/yoast-seo-premium-wordpress\/ -->\n<title>Edital Cart\u00f3rio RR: PUBLICADO! 7 VAGAS; veja!<\/title>\n<meta name=\"description\" content=\"Est\u00e1 oficialmente dispon\u00edvel o Edital do novo concurso para Cart\u00f3rio RR, com vagas para provimento e remo\u00e7\u00e3o com taxa de R$ 450,00!\" \/>\n<meta name=\"robots\" content=\"index, follow, max-snippet:-1, max-image-preview:large, max-video-preview:-1\" \/>\n<link rel=\"canonical\" href=\"https:\/\/cj.estrategia.com\/portal\/edital-cartorio-rr\/\" \/>\n<meta property=\"og:locale\" content=\"pt_BR\" \/>\n<meta property=\"og:type\" content=\"article\" \/>\n<meta property=\"og:title\" content=\"Edital Cart\u00f3rio RR: PUBLICADO! 7 VAGAS; veja!\" \/>\n<meta property=\"og:description\" content=\"Est\u00e1 oficialmente dispon\u00edvel o Edital do novo concurso para Cart\u00f3rio RR, com vagas para provimento e remo\u00e7\u00e3o com taxa de R$ 450,00!\" \/>\n<meta property=\"og:url\" content=\"https:\/\/cj.estrategia.com\/portal\/edital-cartorio-rr\/\" \/>\n<meta property=\"og:site_name\" content=\"Blog - Carreiras Jur\u00eddicas - Estrat\u00e9gia\" \/>\n<meta property=\"article:publisher\" content=\"https:\/\/www.facebook.com\/estrategiacarreirajuridica\/\" \/>\n<meta property=\"article:published_time\" content=\"2025-03-08T12:52:10+00:00\" \/>\n<meta property=\"article:modified_time\" content=\"2025-03-10T10:24:24+00:00\" \/>\n<meta property=\"og:image\" content=\"https:\/\/cj.estrategia.com\/portal\/wp-content\/uploads\/2022\/07\/04102041\/Concursos-Cartorios.jpg\" \/>\n\t<meta property=\"og:image:width\" content=\"768\" \/>\n\t<meta property=\"og:image:height\" content=\"432\" \/>\n\t<meta property=\"og:image:type\" content=\"image\/jpeg\" \/>\n<meta name=\"author\" content=\"Coordena\u00e7\u00e3o\" \/>\n<meta name=\"twitter:card\" content=\"summary_large_image\" \/>\n<meta name=\"twitter:creator\" content=\"@EstratJuridica\" \/>\n<meta name=\"twitter:site\" content=\"@EstratJuridica\" \/>\n<meta name=\"twitter:label1\" content=\"Escrito por\" \/>\n\t<meta name=\"twitter:data1\" content=\"Coordena\u00e7\u00e3o\" \/>\n<script type=\"application\/ld+json\" class=\"yoast-schema-graph\">{\"@context\":\"https:\\\/\\\/schema.org\",\"@graph\":[{\"@type\":\"NewsArticle\",\"@id\":\"https:\\\/\\\/cj.estrategia.com\\\/portal\\\/edital-cartorio-rr\\\/#article\",\"isPartOf\":{\"@id\":\"https:\\\/\\\/cj.estrategia.com\\\/portal\\\/edital-cartorio-rr\\\/\"},\"author\":{\"name\":\"Coordena\u00e7\u00e3o\",\"@id\":\"https:\\\/\\\/cj.estrategia.com\\\/portal\\\/#\\\/schema\\\/person\\\/4d70317d31449932b99102916b6637f5\"},\"headline\":\"Edital Cart\u00f3rio RR: PUBLICADO! 7 VAGAS; veja!\",\"datePublished\":\"2025-03-08T12:52:10+00:00\",\"dateModified\":\"2025-03-10T10:24:24+00:00\",\"mainEntityOfPage\":{\"@id\":\"https:\\\/\\\/cj.estrategia.com\\\/portal\\\/edital-cartorio-rr\\\/\"},\"wordCount\":1331,\"commentCount\":0,\"publisher\":{\"@id\":\"https:\\\/\\\/cj.estrategia.com\\\/portal\\\/#organization\"},\"image\":{\"@id\":\"https:\\\/\\\/cj.estrategia.com\\\/portal\\\/edital-cartorio-rr\\\/#primaryimage\"},\"thumbnailUrl\":\"https:\\\/\\\/cj.estrategia.com\\\/portal\\\/wp-content\\\/uploads\\\/2022\\\/07\\\/04102041\\\/Concursos-Cartorios.jpg\",\"articleSection\":[\"Cart\u00f3rio\"],\"inLanguage\":\"pt-BR\",\"potentialAction\":[{\"@type\":\"CommentAction\",\"name\":\"Comment\",\"target\":[\"https:\\\/\\\/cj.estrategia.com\\\/portal\\\/edital-cartorio-rr\\\/#respond\"]}]},{\"@type\":\"WebPage\",\"@id\":\"https:\\\/\\\/cj.estrategia.com\\\/portal\\\/edital-cartorio-rr\\\/\",\"url\":\"https:\\\/\\\/cj.estrategia.com\\\/portal\\\/edital-cartorio-rr\\\/\",\"name\":\"Edital Cart\u00f3rio RR: PUBLICADO! 7 VAGAS; veja!\",\"isPartOf\":{\"@id\":\"https:\\\/\\\/cj.estrategia.com\\\/portal\\\/#website\"},\"primaryImageOfPage\":{\"@id\":\"https:\\\/\\\/cj.estrategia.com\\\/portal\\\/edital-cartorio-rr\\\/#primaryimage\"},\"image\":{\"@id\":\"https:\\\/\\\/cj.estrategia.com\\\/portal\\\/edital-cartorio-rr\\\/#primaryimage\"},\"thumbnailUrl\":\"https:\\\/\\\/cj.estrategia.com\\\/portal\\\/wp-content\\\/uploads\\\/2022\\\/07\\\/04102041\\\/Concursos-Cartorios.jpg\",\"datePublished\":\"2025-03-08T12:52:10+00:00\",\"dateModified\":\"2025-03-10T10:24:24+00:00\",\"description\":\"Est\u00e1 oficialmente dispon\u00edvel o Edital do novo concurso para Cart\u00f3rio RR, com vagas para provimento e remo\u00e7\u00e3o com taxa de R$ 450,00!\",\"breadcrumb\":{\"@id\":\"https:\\\/\\\/cj.estrategia.com\\\/portal\\\/edital-cartorio-rr\\\/#breadcrumb\"},\"inLanguage\":\"pt-BR\",\"potentialAction\":[{\"@type\":\"ReadAction\",\"target\":[\"https:\\\/\\\/cj.estrategia.com\\\/portal\\\/edital-cartorio-rr\\\/\"]}]},{\"@type\":\"ImageObject\",\"inLanguage\":\"pt-BR\",\"@id\":\"https:\\\/\\\/cj.estrategia.com\\\/portal\\\/edital-cartorio-rr\\\/#primaryimage\",\"url\":\"https:\\\/\\\/cj.estrategia.com\\\/portal\\\/wp-content\\\/uploads\\\/2022\\\/07\\\/04102041\\\/Concursos-Cartorios.jpg\",\"contentUrl\":\"https:\\\/\\\/cj.estrategia.com\\\/portal\\\/wp-content\\\/uploads\\\/2022\\\/07\\\/04102041\\\/Concursos-Cartorios.jpg\",\"width\":768,\"height\":432,\"caption\":\"Concurso de Cart\u00f3rio\"},{\"@type\":\"BreadcrumbList\",\"@id\":\"https:\\\/\\\/cj.estrategia.com\\\/portal\\\/edital-cartorio-rr\\\/#breadcrumb\",\"itemListElement\":[{\"@type\":\"ListItem\",\"position\":1,\"name\":\"In\u00edcio\",\"item\":\"https:\\\/\\\/cj.estrategia.com\\\/portal\\\/\"},{\"@type\":\"ListItem\",\"position\":2,\"name\":\"Edital Cart\u00f3rio RR: PUBLICADO! 7 VAGAS; veja!\"}]},{\"@type\":\"WebSite\",\"@id\":\"https:\\\/\\\/cj.estrategia.com\\\/portal\\\/#website\",\"url\":\"https:\\\/\\\/cj.estrategia.com\\\/portal\\\/\",\"name\":\"Blog - Carreiras Jur\u00eddicas - Estrat\u00e9gia\",\"description\":\"\",\"publisher\":{\"@id\":\"https:\\\/\\\/cj.estrategia.com\\\/portal\\\/#organization\"},\"potentialAction\":[{\"@type\":\"SearchAction\",\"target\":{\"@type\":\"EntryPoint\",\"urlTemplate\":\"https:\\\/\\\/cj.estrategia.com\\\/portal\\\/?s={search_term_string}\"},\"query-input\":{\"@type\":\"PropertyValueSpecification\",\"valueRequired\":true,\"valueName\":\"search_term_string\"}}],\"inLanguage\":\"pt-BR\"},{\"@type\":\"Organization\",\"@id\":\"https:\\\/\\\/cj.estrategia.com\\\/portal\\\/#organization\",\"name\":\"Estrat\u00e9gia - Carreiras Jur\u00eddicas\",\"url\":\"https:\\\/\\\/cj.estrategia.com\\\/portal\\\/\",\"logo\":{\"@type\":\"ImageObject\",\"inLanguage\":\"pt-BR\",\"@id\":\"https:\\\/\\\/cj.estrategia.com\\\/portal\\\/#\\\/schema\\\/logo\\\/image\\\/\",\"url\":\"https:\\\/\\\/cj.estrategia.com\\\/portal\\\/wp-content\\\/uploads\\\/2022\\\/03\\\/11151052\\\/cj-logo.png\",\"contentUrl\":\"https:\\\/\\\/cj.estrategia.com\\\/portal\\\/wp-content\\\/uploads\\\/2022\\\/03\\\/11151052\\\/cj-logo.png\",\"width\":150,\"height\":39,\"caption\":\"Estrat\u00e9gia - Carreiras Jur\u00eddicas\"},\"image\":{\"@id\":\"https:\\\/\\\/cj.estrategia.com\\\/portal\\\/#\\\/schema\\\/logo\\\/image\\\/\"},\"sameAs\":[\"https:\\\/\\\/www.facebook.com\\\/estrategiacarreirajuridica\\\/\",\"https:\\\/\\\/x.com\\\/EstratJuridica\",\"https:\\\/\\\/www.instagram.com\\\/estrategiacarreirajuridica\\\/\",\"https:\\\/\\\/www.youtube.com\\\/channel\\\/UClbMGuYbj2Mh1m3w144ETWQ\"]},{\"@type\":\"Person\",\"@id\":\"https:\\\/\\\/cj.estrategia.com\\\/portal\\\/#\\\/schema\\\/person\\\/4d70317d31449932b99102916b6637f5\",\"name\":\"Coordena\u00e7\u00e3o\",\"image\":{\"@type\":\"ImageObject\",\"inLanguage\":\"pt-BR\",\"@id\":\"https:\\\/\\\/cj.estrategia.com\\\/portal\\\/wp-content\\\/uploads\\\/2022\\\/05\\\/12164923\\\/estrategia-carreira-juridica-coordenacao-96x96.png\",\"url\":\"https:\\\/\\\/cj.estrategia.com\\\/portal\\\/wp-content\\\/uploads\\\/2022\\\/05\\\/12164923\\\/estrategia-carreira-juridica-coordenacao-96x96.png\",\"contentUrl\":\"https:\\\/\\\/cj.estrategia.com\\\/portal\\\/wp-content\\\/uploads\\\/2022\\\/05\\\/12164923\\\/estrategia-carreira-juridica-coordenacao-96x96.png\",\"caption\":\"Coordena\u00e7\u00e3o\"},\"url\":\"https:\\\/\\\/cj.estrategia.com\\\/portal\\\/author\\\/coordenacao\\\/\"}]}<\/script>\n<!-- \/ Yoast SEO Premium plugin. -->","yoast_head_json":{"title":"Edital Cart\u00f3rio RR: PUBLICADO! 7 VAGAS; veja!","description":"Est\u00e1 oficialmente dispon\u00edvel o Edital do novo concurso para Cart\u00f3rio RR, com vagas para provimento e remo\u00e7\u00e3o com taxa de R$ 450,00!","robots":{"index":"index","follow":"follow","max-snippet":"max-snippet:-1","max-image-preview":"max-image-preview:large","max-video-preview":"max-video-preview:-1"},"canonical":"https:\/\/cj.estrategia.com\/portal\/edital-cartorio-rr\/","og_locale":"pt_BR","og_type":"article","og_title":"Edital Cart\u00f3rio RR: PUBLICADO! 7 VAGAS; veja!","og_description":"Est\u00e1 oficialmente dispon\u00edvel o Edital do novo concurso para Cart\u00f3rio RR, com vagas para provimento e remo\u00e7\u00e3o com taxa de R$ 450,00!","og_url":"https:\/\/cj.estrategia.com\/portal\/edital-cartorio-rr\/","og_site_name":"Blog - Carreiras Jur\u00eddicas - Estrat\u00e9gia","article_publisher":"https:\/\/www.facebook.com\/estrategiacarreirajuridica\/","article_published_time":"2025-03-08T12:52:10+00:00","article_modified_time":"2025-03-10T10:24:24+00:00","og_image":[{"width":768,"height":432,"url":"https:\/\/cj.estrategia.com\/portal\/wp-content\/uploads\/2022\/07\/04102041\/Concursos-Cartorios.jpg","type":"image\/jpeg"}],"author":"Coordena\u00e7\u00e3o","twitter_card":"summary_large_image","twitter_creator":"@EstratJuridica","twitter_site":"@EstratJuridica","twitter_misc":{"Escrito por":"Coordena\u00e7\u00e3o"},"schema":{"@context":"https:\/\/schema.org","@graph":[{"@type":"NewsArticle","@id":"https:\/\/cj.estrategia.com\/portal\/edital-cartorio-rr\/#article","isPartOf":{"@id":"https:\/\/cj.estrategia.com\/portal\/edital-cartorio-rr\/"},"author":{"name":"Coordena\u00e7\u00e3o","@id":"https:\/\/cj.estrategia.com\/portal\/#\/schema\/person\/4d70317d31449932b99102916b6637f5"},"headline":"Edital Cart\u00f3rio RR: PUBLICADO! 7 VAGAS; veja!","datePublished":"2025-03-08T12:52:10+00:00","dateModified":"2025-03-10T10:24:24+00:00","mainEntityOfPage":{"@id":"https:\/\/cj.estrategia.com\/portal\/edital-cartorio-rr\/"},"wordCount":1331,"commentCount":0,"publisher":{"@id":"https:\/\/cj.estrategia.com\/portal\/#organization"},"image":{"@id":"https:\/\/cj.estrategia.com\/portal\/edital-cartorio-rr\/#primaryimage"},"thumbnailUrl":"https:\/\/cj.estrategia.com\/portal\/wp-content\/uploads\/2022\/07\/04102041\/Concursos-Cartorios.jpg","articleSection":["Cart\u00f3rio"],"inLanguage":"pt-BR","potentialAction":[{"@type":"CommentAction","name":"Comment","target":["https:\/\/cj.estrategia.com\/portal\/edital-cartorio-rr\/#respond"]}]},{"@type":"WebPage","@id":"https:\/\/cj.estrategia.com\/portal\/edital-cartorio-rr\/","url":"https:\/\/cj.estrategia.com\/portal\/edital-cartorio-rr\/","name":"Edital Cart\u00f3rio RR: PUBLICADO! 7 VAGAS; veja!","isPartOf":{"@id":"https:\/\/cj.estrategia.com\/portal\/#website"},"primaryImageOfPage":{"@id":"https:\/\/cj.estrategia.com\/portal\/edital-cartorio-rr\/#primaryimage"},"image":{"@id":"https:\/\/cj.estrategia.com\/portal\/edital-cartorio-rr\/#primaryimage"},"thumbnailUrl":"https:\/\/cj.estrategia.com\/portal\/wp-content\/uploads\/2022\/07\/04102041\/Concursos-Cartorios.jpg","datePublished":"2025-03-08T12:52:10+00:00","dateModified":"2025-03-10T10:24:24+00:00","description":"Est\u00e1 oficialmente dispon\u00edvel o Edital do novo concurso para Cart\u00f3rio RR, com vagas para provimento e remo\u00e7\u00e3o com taxa de R$ 450,00!","breadcrumb":{"@id":"https:\/\/cj.estrategia.com\/portal\/edital-cartorio-rr\/#breadcrumb"},"inLanguage":"pt-BR","potentialAction":[{"@type":"ReadAction","target":["https:\/\/cj.estrategia.com\/portal\/edital-cartorio-rr\/"]}]},{"@type":"ImageObject","inLanguage":"pt-BR","@id":"https:\/\/cj.estrategia.com\/portal\/edital-cartorio-rr\/#primaryimage","url":"https:\/\/cj.estrategia.com\/portal\/wp-content\/uploads\/2022\/07\/04102041\/Concursos-Cartorios.jpg","contentUrl":"https:\/\/cj.estrategia.com\/portal\/wp-content\/uploads\/2022\/07\/04102041\/Concursos-Cartorios.jpg","width":768,"height":432,"caption":"Concurso de Cart\u00f3rio"},{"@type":"BreadcrumbList","@id":"https:\/\/cj.estrategia.com\/portal\/edital-cartorio-rr\/#breadcrumb","itemListElement":[{"@type":"ListItem","position":1,"name":"In\u00edcio","item":"https:\/\/cj.estrategia.com\/portal\/"},{"@type":"ListItem","position":2,"name":"Edital Cart\u00f3rio RR: PUBLICADO! 7 VAGAS; veja!"}]},{"@type":"WebSite","@id":"https:\/\/cj.estrategia.com\/portal\/#website","url":"https:\/\/cj.estrategia.com\/portal\/","name":"Blog - Carreiras Jur\u00eddicas - Estrat\u00e9gia","description":"","publisher":{"@id":"https:\/\/cj.estrategia.com\/portal\/#organization"},"potentialAction":[{"@type":"SearchAction","target":{"@type":"EntryPoint","urlTemplate":"https:\/\/cj.estrategia.com\/portal\/?s={search_term_string}"},"query-input":{"@type":"PropertyValueSpecification","valueRequired":true,"valueName":"search_term_string"}}],"inLanguage":"pt-BR"},{"@type":"Organization","@id":"https:\/\/cj.estrategia.com\/portal\/#organization","name":"Estrat\u00e9gia - Carreiras Jur\u00eddicas","url":"https:\/\/cj.estrategia.com\/portal\/","logo":{"@type":"ImageObject","inLanguage":"pt-BR","@id":"https:\/\/cj.estrategia.com\/portal\/#\/schema\/logo\/image\/","url":"https:\/\/cj.estrategia.com\/portal\/wp-content\/uploads\/2022\/03\/11151052\/cj-logo.png","contentUrl":"https:\/\/cj.estrategia.com\/portal\/wp-content\/uploads\/2022\/03\/11151052\/cj-logo.png","width":150,"height":39,"caption":"Estrat\u00e9gia - Carreiras Jur\u00eddicas"},"image":{"@id":"https:\/\/cj.estrategia.com\/portal\/#\/schema\/logo\/image\/"},"sameAs":["https:\/\/www.facebook.com\/estrategiacarreirajuridica\/","https:\/\/x.com\/EstratJuridica","https:\/\/www.instagram.com\/estrategiacarreirajuridica\/","https:\/\/www.youtube.com\/channel\/UClbMGuYbj2Mh1m3w144ETWQ"]},{"@type":"Person","@id":"https:\/\/cj.estrategia.com\/portal\/#\/schema\/person\/4d70317d31449932b99102916b6637f5","name":"Coordena\u00e7\u00e3o","image":{"@type":"ImageObject","inLanguage":"pt-BR","@id":"https:\/\/cj.estrategia.com\/portal\/wp-content\/uploads\/2022\/05\/12164923\/estrategia-carreira-juridica-coordenacao-96x96.png","url":"https:\/\/cj.estrategia.com\/portal\/wp-content\/uploads\/2022\/05\/12164923\/estrategia-carreira-juridica-coordenacao-96x96.png","contentUrl":"https:\/\/cj.estrategia.com\/portal\/wp-content\/uploads\/2022\/05\/12164923\/estrategia-carreira-juridica-coordenacao-96x96.png","caption":"Coordena\u00e7\u00e3o"},"url":"https:\/\/cj.estrategia.com\/portal\/author\/coordenacao\/"}]}},"jetpack_featured_media_url":"https:\/\/cj.estrategia.com\/portal\/wp-content\/uploads\/2022\/07\/04102041\/Concursos-Cartorios.jpg","jetpack_sharing_enabled":true,"_links":{"self":[{"href":"https:\/\/cj.estrategia.com\/portal\/wp-json\/wp\/v2\/posts\/103426","targetHints":{"allow":["GET"]}}],"collection":[{"href":"https:\/\/cj.estrategia.com\/portal\/wp-json\/wp\/v2\/posts"}],"about":[{"href":"https:\/\/cj.estrategia.com\/portal\/wp-json\/wp\/v2\/types\/post"}],"author":[{"embeddable":true,"href":"https:\/\/cj.estrategia.com\/portal\/wp-json\/wp\/v2\/users\/12"}],"replies":[{"embeddable":true,"href":"https:\/\/cj.estrategia.com\/portal\/wp-json\/wp\/v2\/comments?post=103426"}],"version-history":[{"count":39,"href":"https:\/\/cj.estrategia.com\/portal\/wp-json\/wp\/v2\/posts\/103426\/revisions"}],"predecessor-version":[{"id":103669,"href":"https:\/\/cj.estrategia.com\/portal\/wp-json\/wp\/v2\/posts\/103426\/revisions\/103669"}],"wp:featuredmedia":[{"embeddable":true,"href":"https:\/\/cj.estrategia.com\/portal\/wp-json\/wp\/v2\/media\/20773"}],"wp:attachment":[{"href":"https:\/\/cj.estrategia.com\/portal\/wp-json\/wp\/v2\/media?parent=103426"}],"wp:term":[{"taxonomy":"category","embeddable":true,"href":"https:\/\/cj.estrategia.com\/portal\/wp-json\/wp\/v2\/categories?post=103426"},{"taxonomy":"post_tag","embeddable":true,"href":"https:\/\/cj.estrategia.com\/portal\/wp-json\/wp\/v2\/tags?post=103426"},{"taxonomy":"tax_estado","embeddable":true,"href":"https:\/\/cj.estrategia.com\/portal\/wp-json\/wp\/v2\/tax_estado?post=103426"}],"curies":[{"name":"wp","href":"https:\/\/api.w.org\/{rel}","templated":true}]}}