{"id":102943,"date":"2025-03-14T20:03:57","date_gmt":"2025-03-14T23:03:57","guid":{"rendered":"https:\/\/cj.estrategia.com\/portal\/?p=102943"},"modified":"2025-04-22T13:11:33","modified_gmt":"2025-04-22T16:11:33","slug":"edital-concurso-delegado-ce","status":"publish","type":"post","link":"https:\/\/cj.estrategia.com\/portal\/edital-concurso-delegado-ce\/","title":{"rendered":"Edital Delegado CE: publicado; 100 vagas; inicial de R$ 20 mil!"},"content":{"rendered":"<a id=\"cta-icon\" href=\"https:\/\/sndflw.com\/i\/delegado-civil-grupo\" target=\"blank\" style=\"background:rgb(41,166,26)\">\n            <img decoding=\"async\" src=\"https:\/\/cj.estrategia.com\/portal\/wp-content\/uploads\/2023\/12\/07160657\/whatsapp_1385.webp\" alt=\"\" alt=\"whatsapp_1385\"><span > Acesse agora o Grupo de Estudos para Delegado Civil<\/span><\/a>\n\n\n\n<p>Est\u00e1 oficialmente dispon\u00edvel o novo edital do <strong>concurso para Delegado do Cear\u00e1,<\/strong> confira os detalhes da sele\u00e7\u00e3o!<\/p>\n\n\n\n<p>O documento oferta\u00a0<strong>100 vagas\u00a0<\/strong>imediatas, al\u00e9m de forma\u00e7\u00e3o de cadastro reserva para os cargos de <strong>n\u00edvel superior <\/strong>com\u00a0<strong>iniciais de at\u00e9 R$ 20 mil<\/strong>.<\/p>\n\n\n\n<p>O edital est\u00e1 sob responsabilidade da\u00a0banca Cebraspe, e as inscri\u00e7\u00f5es podem ser realizadas entre os dias\u00a0<strong>xx de xx e xx de xx<\/strong>. A taxa de inscri\u00e7\u00e3o ficou fixada em R$ xx por candidato.<\/p>\n\n\n\n<p>Para participar do certame \u00e9 necess\u00e1rio\u2026<\/p>\n\n\n\n<ul class=\"wp-block-list\"><\/ul>\n\n\n\n<p>Os candidatos devidamente inscritos ser\u00e3o avaliados por\u00a0<strong>provas escritas no dia\u00a0xxx de xx de 2025.<\/strong>\u00a0Confira mais detalhes no decorrer do artigo:<\/p>\n\n\n\n<ul class=\"wp-block-list has-very-light-gray-to-cyan-bluish-gray-gradient-background has-background\">\n<li><strong>Concurso Delegado CE<\/strong><\/li>\n\n\n\n<li><strong style=\"color: initial;\">Situa\u00e7\u00e3o:<\/strong><span style=\"color: initial;\">\u00a0<\/span>edital publicado<\/li>\n\n\n\n<li><strong>Banca:<\/strong> Cebraspe<\/li>\n\n\n\n<li><strong>Vagas:<\/strong>\u00a0100<\/li>\n\n\n\n<li><strong>Sal\u00e1rio inicial:<\/strong> R$ 20.019,18<\/li>\n\n\n\n<li><strong>Edital:<\/strong> <\/li>\n<\/ul>\n\n\n\n<p>Confira neste artigo mais informa\u00e7\u00f5es sobre o <strong><strong>Concurso Delegado CE<\/strong><\/strong> e os detalhes de seu edital. Acompanhe pelos t\u00f3picos abaixo:<\/p>\n\n\n\n<p><\/p>\n\n\n\n<ul class=\"wp-block-list\">\n<li><a href=\"#situacao-atual\">Situa\u00e7\u00e3o atual<\/a>\n<ul class=\"wp-block-list\">\n<li><a href=\"#atual\">Principais datas<\/a><\/li>\n<\/ul>\n<\/li>\n\n\n\n<li><a href=\"#cargos-vagas\">Cargos e vagas<\/a><\/li>\n\n\n\n<li><a href=\"#etapas\">Etapas e provas<\/a><\/li>\n\n\n\n<li><a href=\"#cursos-assinatura\">Assinatura e cursos<\/a><\/li>\n\n\n\n<li><a href=\"#ficha-tecnica\">Ficha t\u00e9cnica<\/a><\/li>\n<\/ul>\n\n\n\n<div class=\"container\" id=\"boxes\">\n  <div class=\"row\">\n\n    <div class=\"col-sm\">\n      <div class=\"banner-estrategia-concursos-juridicos\" id=\"box-assinatura\">\n        <h2 id=\"curso-para-delegado-ce\" class=\"titulo-assinatura\"><span style=\"color: #ffffff; font-size: 23px; \">Curso para Delegado-CE <\/span><\/h2>\n        <p class=\"subtitulo-assinatura\">Cursos focados no edital do concurso<\/p>\n        <div class=\"box-botao\">\n          <a class=\"btn-assinatura-juridica\" target=\"_blank\" href=\"https:\/\/cj.estrategia.com\/curso\/pc-ce-delegado-pacote-teorico\/\" role=\"button\" rel=\"noopener noreferrer\">Conhe\u00e7a mais<\/a>\n        <\/div>\n      <\/div>\n      <p class=\"texto-auxiliar\">Prepare-se com o melhor material e com quem mais aprova em concursos em todo o pa\u00eds. \n<\/p>\n    <\/div>\n\n  <\/div>\n<\/div>\n\n\n\n<h2 class=\"wp-block-heading\" id=\"h-concurso-delegado-ce-situacao-atual\"><span id=\"concurso-delegado-ce-situacao-atual\">Concurso Delegado CE: situa\u00e7\u00e3o atual<\/span><\/h2>\n\n\n\n<h3 class=\"wp-block-heading\" id=\"atual\"><span id=\"principais-datas\">Principais datas<\/span><\/h3>\n\n\n\n<ul class=\"wp-block-list has-very-light-gray-to-cyan-bluish-gray-gradient-background has-background\">\n<li><strong>Inscri\u00e7\u00f5es:<\/strong> <\/li>\n\n\n\n<li><strong>\u00daltimo dia pagamento:<\/strong> <\/li>\n\n\n\n<li><strong>Isen\u00e7\u00e3o da taxa:<\/strong>\u00a0<\/li>\n\n\n\n<li><strong>Data da prova:\u00a0<\/strong><\/li>\n<\/ul>\n\n\n\n<h2 class=\"wp-block-heading\" id=\"h-carreira-delegado-ce\"><span id=\"carreira-delegado-ce\">Carreira Delegado CE<\/span><\/h2>\n\n\n\n<h3 class=\"wp-block-heading\" id=\"h-requisitos-delegado-ce\"><span id=\"requisitos-delegado-ce\">Requisitos Delegado CE<\/span><\/h3>\n\n\n\n<p><\/p>\n\n\n\n<h2 class=\"wp-block-heading\" id=\"cargos-vagas\"><span id=\"cargos-e-vagas-do-concurso-delegado-ce\">Cargos e vagas do concurso Delegado CE<\/span><\/h2>\n\n\n\n<p>Confira abaixo a divis\u00e3o exata das vagas do edital:<\/p>\n\n\n\n<figure class=\"wp-block-table is-style-stripes\"><table class=\"has-very-light-gray-to-cyan-bluish-gray-gradient-background has-background has-fixed-layout\"><thead><tr><th class=\"has-text-align-center\" data-align=\"center\">CARGOS<\/th><th class=\"has-text-align-center\" data-align=\"center\">VAGAS<\/th><th class=\"has-text-align-center\" data-align=\"center\">SAL\u00c1RIOS<\/th><\/tr><\/thead><tbody><tr><td class=\"has-text-align-center\" data-align=\"center\">Delegado<\/td><td class=\"has-text-align-center\" data-align=\"center\">100<\/td><td class=\"has-text-align-center\" data-align=\"center\">R$ 20.019,18<\/td><\/tr><\/tbody><\/table><\/figure>\n\n\n\n<h3 class=\"wp-block-heading\" id=\"h-atribuicoes-delegado-ce\"><span id=\"atribuicoes-delegado-ce\">Atribui\u00e7\u00f5es Delegado CE<\/span><\/h3>\n\n\n\n<p><\/p>\n\n\n\n<h2 class=\"wp-block-heading\" id=\"etapas\"><span id=\"etapas-e-provas-do-concurso-delegado-ce\">Etapas e provas do concurso Delegado CE<\/span><\/h2>\n\n\n\n<p>Os candidatos ser\u00e3o avaliados pelas seguintes etapas e provas:<\/p>\n\n\n\n<ul class=\"wp-block-list\">\n<li><strong>Prova escrita,<\/strong>\u00a0compreendendo etapas de m\u00faltipla escolha e discursiva, de natureza eliminat\u00f3ria e classificat\u00f3ria.<\/li>\n\n\n\n<li><strong>Teste de aptid\u00e3o f\u00edsica,\u00a0<\/strong>de natureza eliminat\u00f3ria.<\/li>\n\n\n\n<li><strong>Avalia\u00e7\u00e3o psicol\u00f3gica,<\/strong>\u00a0de natureza eliminat\u00f3ria.<\/li>\n\n\n\n<li><strong>Prova oral,\u00a0<\/strong>de natureza eliminat\u00f3ria e classificat\u00f3ria.<\/li>\n\n\n\n<li><strong>Prova de t\u00edtulos,<\/strong>\u00a0de natureza classificat\u00f3ria.<\/li>\n\n\n\n<li>I<strong>nvestiga\u00e7\u00e3o social,<\/strong>\u00a0de natureza eliminat\u00f3ria.<\/li>\n\n\n\n<li><strong>Curso de forma\u00e7\u00e3o e treinamento profissional,\u00a0<\/strong>de natureza eliminat\u00f3ria e classificat\u00f3ria.<\/li>\n\n\n\n<li><strong>Heteroidentifica\u00e7\u00e3o.<\/strong><\/li>\n<\/ul>\n\n\n\n<h3 class=\"wp-block-heading\" id=\"objetiva\"><span id=\"prova-escrita\">Prova escrita<\/span><\/h3>\n\n\n\n<p>A Prova Escrita ser\u00e1 composta de <strong>xx quest\u00f5es <\/strong>para todos os cargos, com <strong>dura\u00e7\u00e3o de xx horas<\/strong> e <strong>xx alternativas<\/strong>, sendo que cada quest\u00e3o ter\u00e1 <strong>apenas uma alternativa correta.<\/strong><\/p>\n\n\n\n<p>A etapa versar\u00e1 sobre as seguintes disciplinas:<\/p>\n\n\n\n<p>Conhecimentos Gerais \u2013 <\/p>\n\n\n\n<p>Atualidades <\/p>\n\n\n\n<p>Conhecimentos Espec\u00edficos<\/p>\n\n\n\n<h3 class=\"wp-block-heading\" id=\"h-teste-de-aptidao-fisica\"><span id=\"teste-de-aptidao-fisica\">Teste de aptid\u00e3o f\u00edsica<\/span><\/h3>\n\n\n\n<p><\/p>\n\n\n\n<h3 class=\"wp-block-heading\" id=\"h-avaliacao-psicologica\"><span id=\"avaliacao-psicologica\">Avalia\u00e7\u00e3o psicol\u00f3gica<\/span><\/h3>\n\n\n\n<p><\/p>\n\n\n\n<h3 class=\"wp-block-heading\" id=\"h-prova-oral\"><span id=\"prova-oral\">Prova oral<\/span><\/h3>\n\n\n\n<p><\/p>\n\n\n\n<h3 class=\"wp-block-heading\" id=\"h-prova-de-titulos\"><span id=\"prova-de-titulos\">Prova de t\u00edtulos<\/span><\/h3>\n\n\n\n<p><\/p>\n\n\n\n<h3 class=\"wp-block-heading\" id=\"h-investigacao-social\"><span id=\"investigacao-social\">Investiga\u00e7\u00e3o social<\/span><\/h3>\n\n\n\n<p><\/p>\n\n\n\n<h3 class=\"wp-block-heading\" id=\"h-curso-de-formacao-e-treinamento-profissional\"><span id=\"curso-de-formacao-e-treinamento-profissional\">Curso de forma\u00e7\u00e3o e treinamento profissional<\/span><\/h3>\n\n\n\n<p><\/p>\n\n\n\n<h3 class=\"wp-block-heading\" id=\"h-procedimento-de-heteroidentificacao\"><span id=\"procedimento-de-heteroidentificacao\">Procedimento de heteroidentifica\u00e7\u00e3o<\/span><\/h3>\n\n\n\n<p><\/p>\n\n\n\n<p><\/p>\n\n\n\n<p class=\"has-text-align-center\"><em>Fique por dentro de todos os detalhes do edital do concurso para Delegado CE.<\/em><br><em>Preparamos um artigo exclusivo para voc\u00ea, basta conferir abaixo:<\/em><\/p>\n\n\n\n<p class=\"has-text-align-center has-luminous-vivid-amber-background-color has-background cnvs-block-core-paragraph-1738691449545\"><strong><a href=\"https:\/\/cj.estrategia.com\/portal\/concurso-delegado-ce\/\" target=\"_blank\" rel=\"noreferrer noopener nofollow\">Concursos Delegado CE<\/a><\/strong><\/p>\n\n\n\n<h2 class=\"wp-block-heading has-text-align-center\" id=\"h-quer-saber-tudo-sobre-concursos-previstos-confira-nossos-artigos\"><span id=\"quer-saber-tudo-sobre-concursos-previstosconfira-nossos-artigos\">Quer saber tudo sobre concursos previstos?<br><strong>Confira nossos artigos!<\/strong><\/span><\/h2>\n\n\n\n<ul class=\"wp-block-list\">\n<li><a href=\"https:\/\/cj.estrategia.com\/portal\/concursos-abertos-carreiras-juridicas\/\" target=\"_blank\" >Concursos jur\u00eddicos abertos<\/a><\/li>\n\n\n\n<li><a href=\"https:\/\/cj.estrategia.com\/portal\/concursos-2025-carreiras-juridicas\/\" target=\"_blank\" >Concursos jur\u00eddicos 2025<\/a><\/li>\n\n\n\n<li><a href=\"https:\/\/cj.estrategia.com\/portal\/concursos-delegado\/\" target=\"_blank\" >Concursos Delegado<\/a><\/li>\n<\/ul>\n\n\n\n<h2 class=\"wp-block-heading has-text-align-center\" id=\"CURSO\"><span id=\"cursos-e-assinaturas\">CURSOS E ASSINATURAS<\/span><\/h2>\n\n\n\n<p><\/p>\n\n\n\n<div class=\"wp-block-cover\" style=\"min-height:155px;aspect-ratio:unset;\"><img decoding=\"async\" width=\"1890\" height=\"351\" class=\"wp-block-cover__image-background wp-image-8669\" alt=\"Assinaturas Jur\u00eddicas\" src=\"https:\/\/cj.estrategia.com\/portal\/wp-content\/uploads\/2022\/06\/20151253\/concurso-carreiras-juridicas-assinatura-juridica.jpg\" style=\"object-position:78% 43%\" data-object-fit=\"cover\" data-object-position=\"78% 43%\" srcset=\"https:\/\/cj.estrategia.com\/portal\/wp-content\/uploads\/2022\/06\/20151253\/concurso-carreiras-juridicas-assinatura-juridica.jpg 1890w, https:\/\/cj.estrategia.com\/portal\/wp-content\/uploads\/2022\/06\/20151253\/concurso-carreiras-juridicas-assinatura-juridica-300x56.jpg 300w, https:\/\/cj.estrategia.com\/portal\/wp-content\/uploads\/2022\/06\/20151253\/concurso-carreiras-juridicas-assinatura-juridica-1024x190.jpg 1024w, https:\/\/cj.estrategia.com\/portal\/wp-content\/uploads\/2022\/06\/20151253\/concurso-carreiras-juridicas-assinatura-juridica-768x143.jpg 768w, https:\/\/cj.estrategia.com\/portal\/wp-content\/uploads\/2022\/06\/20151253\/concurso-carreiras-juridicas-assinatura-juridica-1536x285.jpg 1536w, https:\/\/cj.estrategia.com\/portal\/wp-content\/uploads\/2022\/06\/20151253\/concurso-carreiras-juridicas-assinatura-juridica-380x71.jpg 380w, https:\/\/cj.estrategia.com\/portal\/wp-content\/uploads\/2022\/06\/20151253\/concurso-carreiras-juridicas-assinatura-juridica-800x149.jpg 800w, https:\/\/cj.estrategia.com\/portal\/wp-content\/uploads\/2022\/06\/20151253\/concurso-carreiras-juridicas-assinatura-juridica-1160x215.jpg 1160w\" sizes=\"(max-width: 1890px) 100vw, 1890px\" \/><span aria-hidden=\"true\" class=\"wp-block-cover__background has-background-dim\"><\/span><div class=\"wp-block-cover__inner-container is-layout-flow wp-block-cover-is-layout-flow\">\n<h3 id=\"faca-a-sua-assinatura\" class=\"titulo-assinatura\"><span style=\"color: #ffffff;\">Fa\u00e7a a sua assinatura!<\/span><\/h3>\n<p class=\"subtitulo-assinatura\" style=\"display:block!important; line-height: 0;\"><span style=\"color: #ffffff;\">Escolha a sua \u00e1rea.<\/span><\/p>\n<a target=\"_blank\" href=\"https:\/\/www.estrategiaconcursos.com.br\/assinaturas-ecj\/\" rel=\"noopener\"><button style=\"border-radius: 10px; text-transform: capitalize;\">Acessar<\/button><\/a>\n<\/div><\/div>\n\n\n\n<p><\/p>\n\n\n\n<figure class=\"wp-block-image is-resized\"><img decoding=\"async\" src=\"https:\/\/dhg1h5j42swfq.cloudfront.net\/2021\/04\/19202624\/ficha-tecnica-1-1024x632-1-3.png\" alt=\"Ficha t\u00e9cnica do concurso Delegado ES\" class=\"wp-image-717343\" style=\"width:217px;height:auto\"\/><\/figure>\n\n\n\n<h4 class=\"wp-block-heading\" id=\"ficha\"><span id=\"informacoes-sobre-o-proximo-concurso-delegado-ce\">Informa\u00e7\u00f5es sobre o pr\u00f3ximo concurso Delegado CE<\/span><\/h4>\n\n\n\n<ul class=\"wp-block-list\">\n<li><strong>Provas:<\/strong><\/li>\n\n\n\n<li><strong>Vagas<\/strong>: 100<\/li>\n\n\n\n<li><strong>Cargos<\/strong>: Delegado de Pol\u00edcia de 1\u00aa classe<\/li>\n\n\n\n<li><strong>Lota\u00e7\u00f5es<\/strong>: Cear\u00e1<\/li>\n\n\n\n<li><strong>Banca<\/strong>: Cebraspe<\/li>\n\n\n\n<li><strong>Escolaridade<\/strong>: Bacharelado em Direito<\/li>\n\n\n\n<li><strong>Edital: <\/strong><\/li>\n<\/ul>\n\n\n\n<p><a href=\"https:\/\/twitter.com\/share?&text=Concurso%20Delegado%20CE%3A%20IMINENTE%21%20100%20vagas%20e%20at%C3%A9%20R%24%2020%20mil%21&via=EstratJuridica&url=https:\/\/cj.estrategia.com\/portal\/concurso-delegado-ce\/\" target=\"_blank\" ><\/a><\/p>\n\n\n\n<p><\/p>\n\n\n\n<p><\/p>\n","protected":false},"excerpt":{"rendered":"Est\u00e1 oficialmente dispon\u00edvel o novo edital do concurso para Delegado do Cear\u00e1, confira os detalhes da sele\u00e7\u00e3o! O&hellip;\n","protected":false},"author":12,"featured_media":32071,"comment_status":"open","ping_status":"open","sticky":false,"template":"","format":"standard","meta":{"_jetpack_memberships_contains_paid_content":false,"footnotes":""},"categories":[28],"tags":[],"tax_estado":[35],"class_list":{"0":"post-102943","1":"post","2":"type-post","3":"status-publish","4":"format-standard","5":"has-post-thumbnail","7":"category-delegado","8":"tax_estado-ce"},"acf":[],"yoast_head":"<!-- This site is optimized with the Yoast SEO Premium plugin v27.5 (Yoast SEO v27.5) - https:\/\/yoast.com\/product\/yoast-seo-premium-wordpress\/ -->\n<title>Edital Delegado CE: publicado; 100 vagas; inicial de R$ 20 mil!<\/title>\n<meta name=\"description\" content=\"Est\u00e1 oficialmente dispon\u00edvel o novo concurso para Delegado CE, confira os detalhes desta sele\u00e7\u00e3o com oferta 100 + 200 CR de vagas imediatas!\" \/>\n<meta name=\"robots\" content=\"index, follow, max-snippet:-1, max-image-preview:large, max-video-preview:-1\" \/>\n<link rel=\"canonical\" href=\"https:\/\/cj.estrategia.com\/portal\/edital-concurso-delegado-ce\/\" \/>\n<meta property=\"og:locale\" content=\"pt_BR\" \/>\n<meta property=\"og:type\" content=\"article\" \/>\n<meta property=\"og:title\" content=\"Edital Delegado CE: publicado; 100 vagas; inicial de R$ 20 mil!\" \/>\n<meta property=\"og:description\" content=\"Est\u00e1 oficialmente dispon\u00edvel o novo concurso para Delegado CE, confira os detalhes desta sele\u00e7\u00e3o com oferta 100 + 200 CR de vagas imediatas!\" \/>\n<meta property=\"og:url\" content=\"https:\/\/cj.estrategia.com\/portal\/edital-concurso-delegado-ce\/\" \/>\n<meta property=\"og:site_name\" content=\"Blog - Carreiras Jur\u00eddicas - Estrat\u00e9gia\" \/>\n<meta property=\"article:publisher\" content=\"https:\/\/www.facebook.com\/estrategiacarreirajuridica\/\" \/>\n<meta property=\"article:published_time\" content=\"2025-03-14T23:03:57+00:00\" \/>\n<meta property=\"article:modified_time\" content=\"2025-04-22T16:11:33+00:00\" \/>\n<meta property=\"og:image\" content=\"https:\/\/cj.estrategia.com\/portal\/wp-content\/uploads\/2023\/01\/24174531\/concurso-delegado-ce-ecj.jpg\" \/>\n\t<meta property=\"og:image:width\" content=\"960\" \/>\n\t<meta property=\"og:image:height\" content=\"540\" \/>\n\t<meta property=\"og:image:type\" content=\"image\/jpeg\" \/>\n<meta name=\"author\" content=\"Coordena\u00e7\u00e3o\" \/>\n<meta name=\"twitter:card\" content=\"summary_large_image\" \/>\n<meta name=\"twitter:creator\" content=\"@EstratJuridica\" \/>\n<meta name=\"twitter:site\" content=\"@EstratJuridica\" \/>\n<meta name=\"twitter:label1\" content=\"Escrito por\" \/>\n\t<meta name=\"twitter:data1\" content=\"Coordena\u00e7\u00e3o\" \/>\n\t<meta name=\"twitter:label2\" content=\"Est. tempo de leitura\" \/>\n\t<meta name=\"twitter:data2\" content=\"3 minutos\" \/>\n<script type=\"application\/ld+json\" class=\"yoast-schema-graph\">{\"@context\":\"https:\\\/\\\/schema.org\",\"@graph\":[{\"@type\":\"NewsArticle\",\"@id\":\"https:\\\/\\\/cj.estrategia.com\\\/portal\\\/edital-concurso-delegado-ce\\\/#article\",\"isPartOf\":{\"@id\":\"https:\\\/\\\/cj.estrategia.com\\\/portal\\\/edital-concurso-delegado-ce\\\/\"},\"author\":{\"name\":\"Coordena\u00e7\u00e3o\",\"@id\":\"https:\\\/\\\/cj.estrategia.com\\\/portal\\\/#\\\/schema\\\/person\\\/4d70317d31449932b99102916b6637f5\"},\"headline\":\"Edital Delegado CE: publicado; 100 vagas; inicial de R$ 20 mil!\",\"datePublished\":\"2025-03-14T23:03:57+00:00\",\"dateModified\":\"2025-04-22T16:11:33+00:00\",\"mainEntityOfPage\":{\"@id\":\"https:\\\/\\\/cj.estrategia.com\\\/portal\\\/edital-concurso-delegado-ce\\\/\"},\"wordCount\":506,\"commentCount\":0,\"publisher\":{\"@id\":\"https:\\\/\\\/cj.estrategia.com\\\/portal\\\/#organization\"},\"image\":{\"@id\":\"https:\\\/\\\/cj.estrategia.com\\\/portal\\\/edital-concurso-delegado-ce\\\/#primaryimage\"},\"thumbnailUrl\":\"https:\\\/\\\/cj.estrategia.com\\\/portal\\\/wp-content\\\/uploads\\\/2023\\\/01\\\/24174531\\\/concurso-delegado-ce-ecj.jpg\",\"articleSection\":[\"Delegado\"],\"inLanguage\":\"pt-BR\",\"potentialAction\":[{\"@type\":\"CommentAction\",\"name\":\"Comment\",\"target\":[\"https:\\\/\\\/cj.estrategia.com\\\/portal\\\/edital-concurso-delegado-ce\\\/#respond\"]}]},{\"@type\":\"WebPage\",\"@id\":\"https:\\\/\\\/cj.estrategia.com\\\/portal\\\/edital-concurso-delegado-ce\\\/\",\"url\":\"https:\\\/\\\/cj.estrategia.com\\\/portal\\\/edital-concurso-delegado-ce\\\/\",\"name\":\"Edital Delegado CE: publicado; 100 vagas; inicial de R$ 20 mil!\",\"isPartOf\":{\"@id\":\"https:\\\/\\\/cj.estrategia.com\\\/portal\\\/#website\"},\"primaryImageOfPage\":{\"@id\":\"https:\\\/\\\/cj.estrategia.com\\\/portal\\\/edital-concurso-delegado-ce\\\/#primaryimage\"},\"image\":{\"@id\":\"https:\\\/\\\/cj.estrategia.com\\\/portal\\\/edital-concurso-delegado-ce\\\/#primaryimage\"},\"thumbnailUrl\":\"https:\\\/\\\/cj.estrategia.com\\\/portal\\\/wp-content\\\/uploads\\\/2023\\\/01\\\/24174531\\\/concurso-delegado-ce-ecj.jpg\",\"datePublished\":\"2025-03-14T23:03:57+00:00\",\"dateModified\":\"2025-04-22T16:11:33+00:00\",\"description\":\"Est\u00e1 oficialmente dispon\u00edvel o novo concurso para Delegado CE, confira os detalhes desta sele\u00e7\u00e3o com oferta 100 + 200 CR de vagas imediatas!\",\"breadcrumb\":{\"@id\":\"https:\\\/\\\/cj.estrategia.com\\\/portal\\\/edital-concurso-delegado-ce\\\/#breadcrumb\"},\"inLanguage\":\"pt-BR\",\"potentialAction\":[{\"@type\":\"ReadAction\",\"target\":[\"https:\\\/\\\/cj.estrategia.com\\\/portal\\\/edital-concurso-delegado-ce\\\/\"]}]},{\"@type\":\"ImageObject\",\"inLanguage\":\"pt-BR\",\"@id\":\"https:\\\/\\\/cj.estrategia.com\\\/portal\\\/edital-concurso-delegado-ce\\\/#primaryimage\",\"url\":\"https:\\\/\\\/cj.estrategia.com\\\/portal\\\/wp-content\\\/uploads\\\/2023\\\/01\\\/24174531\\\/concurso-delegado-ce-ecj.jpg\",\"contentUrl\":\"https:\\\/\\\/cj.estrategia.com\\\/portal\\\/wp-content\\\/uploads\\\/2023\\\/01\\\/24174531\\\/concurso-delegado-ce-ecj.jpg\",\"width\":960,\"height\":540,\"caption\":\"concurso delegado ce\"},{\"@type\":\"BreadcrumbList\",\"@id\":\"https:\\\/\\\/cj.estrategia.com\\\/portal\\\/edital-concurso-delegado-ce\\\/#breadcrumb\",\"itemListElement\":[{\"@type\":\"ListItem\",\"position\":1,\"name\":\"In\u00edcio\",\"item\":\"https:\\\/\\\/cj.estrategia.com\\\/portal\\\/\"},{\"@type\":\"ListItem\",\"position\":2,\"name\":\"Edital Delegado CE: publicado; 100 vagas; inicial de R$ 20 mil!\"}]},{\"@type\":\"WebSite\",\"@id\":\"https:\\\/\\\/cj.estrategia.com\\\/portal\\\/#website\",\"url\":\"https:\\\/\\\/cj.estrategia.com\\\/portal\\\/\",\"name\":\"Blog - Carreiras Jur\u00eddicas - Estrat\u00e9gia\",\"description\":\"\",\"publisher\":{\"@id\":\"https:\\\/\\\/cj.estrategia.com\\\/portal\\\/#organization\"},\"potentialAction\":[{\"@type\":\"SearchAction\",\"target\":{\"@type\":\"EntryPoint\",\"urlTemplate\":\"https:\\\/\\\/cj.estrategia.com\\\/portal\\\/?s={search_term_string}\"},\"query-input\":{\"@type\":\"PropertyValueSpecification\",\"valueRequired\":true,\"valueName\":\"search_term_string\"}}],\"inLanguage\":\"pt-BR\"},{\"@type\":\"Organization\",\"@id\":\"https:\\\/\\\/cj.estrategia.com\\\/portal\\\/#organization\",\"name\":\"Estrat\u00e9gia - Carreiras Jur\u00eddicas\",\"url\":\"https:\\\/\\\/cj.estrategia.com\\\/portal\\\/\",\"logo\":{\"@type\":\"ImageObject\",\"inLanguage\":\"pt-BR\",\"@id\":\"https:\\\/\\\/cj.estrategia.com\\\/portal\\\/#\\\/schema\\\/logo\\\/image\\\/\",\"url\":\"https:\\\/\\\/cj.estrategia.com\\\/portal\\\/wp-content\\\/uploads\\\/2022\\\/03\\\/11151052\\\/cj-logo.png\",\"contentUrl\":\"https:\\\/\\\/cj.estrategia.com\\\/portal\\\/wp-content\\\/uploads\\\/2022\\\/03\\\/11151052\\\/cj-logo.png\",\"width\":150,\"height\":39,\"caption\":\"Estrat\u00e9gia - Carreiras Jur\u00eddicas\"},\"image\":{\"@id\":\"https:\\\/\\\/cj.estrategia.com\\\/portal\\\/#\\\/schema\\\/logo\\\/image\\\/\"},\"sameAs\":[\"https:\\\/\\\/www.facebook.com\\\/estrategiacarreirajuridica\\\/\",\"https:\\\/\\\/x.com\\\/EstratJuridica\",\"https:\\\/\\\/www.instagram.com\\\/estrategiacarreirajuridica\\\/\",\"https:\\\/\\\/www.youtube.com\\\/channel\\\/UClbMGuYbj2Mh1m3w144ETWQ\"]},{\"@type\":\"Person\",\"@id\":\"https:\\\/\\\/cj.estrategia.com\\\/portal\\\/#\\\/schema\\\/person\\\/4d70317d31449932b99102916b6637f5\",\"name\":\"Coordena\u00e7\u00e3o\",\"image\":{\"@type\":\"ImageObject\",\"inLanguage\":\"pt-BR\",\"@id\":\"https:\\\/\\\/cj.estrategia.com\\\/portal\\\/wp-content\\\/uploads\\\/2022\\\/05\\\/12164923\\\/estrategia-carreira-juridica-coordenacao-96x96.png\",\"url\":\"https:\\\/\\\/cj.estrategia.com\\\/portal\\\/wp-content\\\/uploads\\\/2022\\\/05\\\/12164923\\\/estrategia-carreira-juridica-coordenacao-96x96.png\",\"contentUrl\":\"https:\\\/\\\/cj.estrategia.com\\\/portal\\\/wp-content\\\/uploads\\\/2022\\\/05\\\/12164923\\\/estrategia-carreira-juridica-coordenacao-96x96.png\",\"caption\":\"Coordena\u00e7\u00e3o\"},\"url\":\"https:\\\/\\\/cj.estrategia.com\\\/portal\\\/author\\\/coordenacao\\\/\"}]}<\/script>\n<!-- \/ Yoast SEO Premium plugin. -->","yoast_head_json":{"title":"Edital Delegado CE: publicado; 100 vagas; inicial de R$ 20 mil!","description":"Est\u00e1 oficialmente dispon\u00edvel o novo concurso para Delegado CE, confira os detalhes desta sele\u00e7\u00e3o com oferta 100 + 200 CR de vagas imediatas!","robots":{"index":"index","follow":"follow","max-snippet":"max-snippet:-1","max-image-preview":"max-image-preview:large","max-video-preview":"max-video-preview:-1"},"canonical":"https:\/\/cj.estrategia.com\/portal\/edital-concurso-delegado-ce\/","og_locale":"pt_BR","og_type":"article","og_title":"Edital Delegado CE: publicado; 100 vagas; inicial de R$ 20 mil!","og_description":"Est\u00e1 oficialmente dispon\u00edvel o novo concurso para Delegado CE, confira os detalhes desta sele\u00e7\u00e3o com oferta 100 + 200 CR de vagas imediatas!","og_url":"https:\/\/cj.estrategia.com\/portal\/edital-concurso-delegado-ce\/","og_site_name":"Blog - Carreiras Jur\u00eddicas - Estrat\u00e9gia","article_publisher":"https:\/\/www.facebook.com\/estrategiacarreirajuridica\/","article_published_time":"2025-03-14T23:03:57+00:00","article_modified_time":"2025-04-22T16:11:33+00:00","og_image":[{"width":960,"height":540,"url":"https:\/\/cj.estrategia.com\/portal\/wp-content\/uploads\/2023\/01\/24174531\/concurso-delegado-ce-ecj.jpg","type":"image\/jpeg"}],"author":"Coordena\u00e7\u00e3o","twitter_card":"summary_large_image","twitter_creator":"@EstratJuridica","twitter_site":"@EstratJuridica","twitter_misc":{"Escrito por":"Coordena\u00e7\u00e3o","Est. tempo de leitura":"3 minutos"},"schema":{"@context":"https:\/\/schema.org","@graph":[{"@type":"NewsArticle","@id":"https:\/\/cj.estrategia.com\/portal\/edital-concurso-delegado-ce\/#article","isPartOf":{"@id":"https:\/\/cj.estrategia.com\/portal\/edital-concurso-delegado-ce\/"},"author":{"name":"Coordena\u00e7\u00e3o","@id":"https:\/\/cj.estrategia.com\/portal\/#\/schema\/person\/4d70317d31449932b99102916b6637f5"},"headline":"Edital Delegado CE: publicado; 100 vagas; inicial de R$ 20 mil!","datePublished":"2025-03-14T23:03:57+00:00","dateModified":"2025-04-22T16:11:33+00:00","mainEntityOfPage":{"@id":"https:\/\/cj.estrategia.com\/portal\/edital-concurso-delegado-ce\/"},"wordCount":506,"commentCount":0,"publisher":{"@id":"https:\/\/cj.estrategia.com\/portal\/#organization"},"image":{"@id":"https:\/\/cj.estrategia.com\/portal\/edital-concurso-delegado-ce\/#primaryimage"},"thumbnailUrl":"https:\/\/cj.estrategia.com\/portal\/wp-content\/uploads\/2023\/01\/24174531\/concurso-delegado-ce-ecj.jpg","articleSection":["Delegado"],"inLanguage":"pt-BR","potentialAction":[{"@type":"CommentAction","name":"Comment","target":["https:\/\/cj.estrategia.com\/portal\/edital-concurso-delegado-ce\/#respond"]}]},{"@type":"WebPage","@id":"https:\/\/cj.estrategia.com\/portal\/edital-concurso-delegado-ce\/","url":"https:\/\/cj.estrategia.com\/portal\/edital-concurso-delegado-ce\/","name":"Edital Delegado CE: publicado; 100 vagas; inicial de R$ 20 mil!","isPartOf":{"@id":"https:\/\/cj.estrategia.com\/portal\/#website"},"primaryImageOfPage":{"@id":"https:\/\/cj.estrategia.com\/portal\/edital-concurso-delegado-ce\/#primaryimage"},"image":{"@id":"https:\/\/cj.estrategia.com\/portal\/edital-concurso-delegado-ce\/#primaryimage"},"thumbnailUrl":"https:\/\/cj.estrategia.com\/portal\/wp-content\/uploads\/2023\/01\/24174531\/concurso-delegado-ce-ecj.jpg","datePublished":"2025-03-14T23:03:57+00:00","dateModified":"2025-04-22T16:11:33+00:00","description":"Est\u00e1 oficialmente dispon\u00edvel o novo concurso para Delegado CE, confira os detalhes desta sele\u00e7\u00e3o com oferta 100 + 200 CR de vagas imediatas!","breadcrumb":{"@id":"https:\/\/cj.estrategia.com\/portal\/edital-concurso-delegado-ce\/#breadcrumb"},"inLanguage":"pt-BR","potentialAction":[{"@type":"ReadAction","target":["https:\/\/cj.estrategia.com\/portal\/edital-concurso-delegado-ce\/"]}]},{"@type":"ImageObject","inLanguage":"pt-BR","@id":"https:\/\/cj.estrategia.com\/portal\/edital-concurso-delegado-ce\/#primaryimage","url":"https:\/\/cj.estrategia.com\/portal\/wp-content\/uploads\/2023\/01\/24174531\/concurso-delegado-ce-ecj.jpg","contentUrl":"https:\/\/cj.estrategia.com\/portal\/wp-content\/uploads\/2023\/01\/24174531\/concurso-delegado-ce-ecj.jpg","width":960,"height":540,"caption":"concurso delegado ce"},{"@type":"BreadcrumbList","@id":"https:\/\/cj.estrategia.com\/portal\/edital-concurso-delegado-ce\/#breadcrumb","itemListElement":[{"@type":"ListItem","position":1,"name":"In\u00edcio","item":"https:\/\/cj.estrategia.com\/portal\/"},{"@type":"ListItem","position":2,"name":"Edital Delegado CE: publicado; 100 vagas; inicial de R$ 20 mil!"}]},{"@type":"WebSite","@id":"https:\/\/cj.estrategia.com\/portal\/#website","url":"https:\/\/cj.estrategia.com\/portal\/","name":"Blog - Carreiras Jur\u00eddicas - Estrat\u00e9gia","description":"","publisher":{"@id":"https:\/\/cj.estrategia.com\/portal\/#organization"},"potentialAction":[{"@type":"SearchAction","target":{"@type":"EntryPoint","urlTemplate":"https:\/\/cj.estrategia.com\/portal\/?s={search_term_string}"},"query-input":{"@type":"PropertyValueSpecification","valueRequired":true,"valueName":"search_term_string"}}],"inLanguage":"pt-BR"},{"@type":"Organization","@id":"https:\/\/cj.estrategia.com\/portal\/#organization","name":"Estrat\u00e9gia - Carreiras Jur\u00eddicas","url":"https:\/\/cj.estrategia.com\/portal\/","logo":{"@type":"ImageObject","inLanguage":"pt-BR","@id":"https:\/\/cj.estrategia.com\/portal\/#\/schema\/logo\/image\/","url":"https:\/\/cj.estrategia.com\/portal\/wp-content\/uploads\/2022\/03\/11151052\/cj-logo.png","contentUrl":"https:\/\/cj.estrategia.com\/portal\/wp-content\/uploads\/2022\/03\/11151052\/cj-logo.png","width":150,"height":39,"caption":"Estrat\u00e9gia - Carreiras Jur\u00eddicas"},"image":{"@id":"https:\/\/cj.estrategia.com\/portal\/#\/schema\/logo\/image\/"},"sameAs":["https:\/\/www.facebook.com\/estrategiacarreirajuridica\/","https:\/\/x.com\/EstratJuridica","https:\/\/www.instagram.com\/estrategiacarreirajuridica\/","https:\/\/www.youtube.com\/channel\/UClbMGuYbj2Mh1m3w144ETWQ"]},{"@type":"Person","@id":"https:\/\/cj.estrategia.com\/portal\/#\/schema\/person\/4d70317d31449932b99102916b6637f5","name":"Coordena\u00e7\u00e3o","image":{"@type":"ImageObject","inLanguage":"pt-BR","@id":"https:\/\/cj.estrategia.com\/portal\/wp-content\/uploads\/2022\/05\/12164923\/estrategia-carreira-juridica-coordenacao-96x96.png","url":"https:\/\/cj.estrategia.com\/portal\/wp-content\/uploads\/2022\/05\/12164923\/estrategia-carreira-juridica-coordenacao-96x96.png","contentUrl":"https:\/\/cj.estrategia.com\/portal\/wp-content\/uploads\/2022\/05\/12164923\/estrategia-carreira-juridica-coordenacao-96x96.png","caption":"Coordena\u00e7\u00e3o"},"url":"https:\/\/cj.estrategia.com\/portal\/author\/coordenacao\/"}]}},"jetpack_featured_media_url":"https:\/\/cj.estrategia.com\/portal\/wp-content\/uploads\/2023\/01\/24174531\/concurso-delegado-ce-ecj.jpg","jetpack_sharing_enabled":true,"_links":{"self":[{"href":"https:\/\/cj.estrategia.com\/portal\/wp-json\/wp\/v2\/posts\/102943","targetHints":{"allow":["GET"]}}],"collection":[{"href":"https:\/\/cj.estrategia.com\/portal\/wp-json\/wp\/v2\/posts"}],"about":[{"href":"https:\/\/cj.estrategia.com\/portal\/wp-json\/wp\/v2\/types\/post"}],"author":[{"embeddable":true,"href":"https:\/\/cj.estrategia.com\/portal\/wp-json\/wp\/v2\/users\/12"}],"replies":[{"embeddable":true,"href":"https:\/\/cj.estrategia.com\/portal\/wp-json\/wp\/v2\/comments?post=102943"}],"version-history":[{"count":0,"href":"https:\/\/cj.estrategia.com\/portal\/wp-json\/wp\/v2\/posts\/102943\/revisions"}],"wp:featuredmedia":[{"embeddable":true,"href":"https:\/\/cj.estrategia.com\/portal\/wp-json\/wp\/v2\/media\/32071"}],"wp:attachment":[{"href":"https:\/\/cj.estrategia.com\/portal\/wp-json\/wp\/v2\/media?parent=102943"}],"wp:term":[{"taxonomy":"category","embeddable":true,"href":"https:\/\/cj.estrategia.com\/portal\/wp-json\/wp\/v2\/categories?post=102943"},{"taxonomy":"post_tag","embeddable":true,"href":"https:\/\/cj.estrategia.com\/portal\/wp-json\/wp\/v2\/tags?post=102943"},{"taxonomy":"tax_estado","embeddable":true,"href":"https:\/\/cj.estrategia.com\/portal\/wp-json\/wp\/v2\/tax_estado?post=102943"}],"curies":[{"name":"wp","href":"https:\/\/api.w.org\/{rel}","templated":true}]}}