{"id":102736,"date":"2025-03-05T23:09:42","date_gmt":"2025-03-06T02:09:42","guid":{"rendered":"https:\/\/cj.estrategia.com\/portal\/?p=102736"},"modified":"2025-06-15T03:23:51","modified_gmt":"2025-06-15T06:23:51","slug":"stf-anistia-cabos-aeronautica","status":"publish","type":"post","link":"https:\/\/cj.estrategia.com\/portal\/stf-anistia-cabos-aeronautica\/","title":{"rendered":"STF garante anistia a cabos da Aeron\u00e1utica afastados no in\u00edcio da ditadura militar \u2013 distinguish?"},"content":{"rendered":"\n<p><em>STF reconhece anistia a cabos da Aeron\u00e1utica desligados no in\u00edcio da ditadura militar, garantindo repara\u00e7\u00e3o a militares afastados por atos institucionais.<\/em><br><\/p>\n\n\n\n<figure class=\"wp-block-image size-full\"><img decoding=\"async\" width=\"976\" height=\"550\" src=\"https:\/\/cj.estrategia.com\/portal\/wp-content\/uploads\/2025\/03\/05222827\/aeronautica.jpg\" alt=\"cabos da Aeron\u00e1utica\" class=\"wp-image-102737\" srcset=\"https:\/\/cj.estrategia.com\/portal\/wp-content\/uploads\/2025\/03\/05222827\/aeronautica.jpg 976w, https:\/\/cj.estrategia.com\/portal\/wp-content\/uploads\/2025\/03\/05222827\/aeronautica-300x169.jpg 300w, https:\/\/cj.estrategia.com\/portal\/wp-content\/uploads\/2025\/03\/05222827\/aeronautica-768x433.jpg 768w, https:\/\/cj.estrategia.com\/portal\/wp-content\/uploads\/2025\/03\/05222827\/aeronautica-960x540.jpg 960w, https:\/\/cj.estrategia.com\/portal\/wp-content\/uploads\/2025\/03\/05222827\/aeronautica-380x214.jpg 380w, https:\/\/cj.estrategia.com\/portal\/wp-content\/uploads\/2025\/03\/05222827\/aeronautica-800x451.jpg 800w, https:\/\/cj.estrategia.com\/portal\/wp-content\/uploads\/2025\/03\/05222827\/aeronautica-150x85.jpg 150w\" sizes=\"(max-width: 976px) 100vw, 976px\" \/><\/figure>\n\n\n\n<h2 class=\"wp-block-heading\" id=\"h-contexto\" style=\"font-style:normal;font-weight:400\"><span id=\"contexto\"><strong>Contexto<\/strong><\/span><\/h2>\n\n\n\n<p>Recentemente, o Supremo Tribunal Federal (STF) proferiu decis\u00e3o importante ao invalidar 36 portarias editadas em 2020 pelo ent\u00e3o Minist\u00e9rio da Mulher, da Fam\u00edlia e dos Direitos Humanos que anulavam a anistia pol\u00edtica e as pens\u00f5es concedidas a ex-cabos da Aeron\u00e1utica afastados de seus cargos no in\u00edcio da ditadura militar.&nbsp;<\/p>\n\n\n\n<p>O caso remonta a 1964, quando, ap\u00f3s o golpe militar, cabos da Aeron\u00e1utica que manifestaram oposi\u00e7\u00e3o \u00e0 ruptura democr\u00e1tica foram compulsoriamente transferidos para a reserva, por for\u00e7a da Portaria n\u00ba 1.104\/1964 do Minist\u00e9rio da Aeron\u00e1utica.&nbsp;<\/p>\n\n\n\n<p>Assim, entre 2002 e 2006, o Minist\u00e9rio da Justi\u00e7a e Seguran\u00e7a P\u00fablica <strong>reconheceu o car\u00e1ter pol\u00edtico<\/strong> das dispensas e expediu diversas portarias concedendo anistia e pens\u00f5es a esses ex-militares, entendendo que a Portaria n\u00ba 1.104\/1964 constitu\u00eda um ato de exce\u00e7\u00e3o de natureza exclusivamente pol\u00edtica.<\/p>\n\n\n\n<p>Em 2019, entretanto, o STF estabeleceu, no julgamento do RE 817.338, com repercuss\u00e3o geral, que a Administra\u00e7\u00e3o <strong>P\u00fablica poderia revisar a concess\u00e3o de anistia a ex-militares, <\/strong><strong>desde que respeitado o devido processo legal. Determinou-se tamb\u00e9m que a Uni\u00e3o n\u00e3o poderia exigir a devolu\u00e7\u00e3o de valores j\u00e1 repassados aos anistiados<\/strong>.<\/p>\n\n\n\n<h2 class=\"wp-block-heading\" id=\"h-a-anulacao-das-anistias\" style=\"font-style:normal;font-weight:400\"><span id=\"a-anulacao-das-anistias\"><strong>A anula\u00e7\u00e3o das anistias<\/strong><\/span><\/h2>\n\n\n\n<p>No ano seguinte, em junho de 2020, o Minist\u00e9rio da Mulher, da Fam\u00edlia e dos Direitos Humanos, ent\u00e3o chefiado pela atual senadora Damares Alves (Republicanos), editou 313 portarias anulando a anistia concedida aos cabos da Aeron\u00e1utica.&nbsp;<\/p>\n\n\n\n<p>Tais portarias justificavam a revoga\u00e7\u00e3o pela &#8220;aus\u00eancia de comprova\u00e7\u00e3o da exist\u00eancia de persegui\u00e7\u00e3o exclusivamente pol\u00edtica no ato concessivo&#8221;.<\/p>\n\n\n\n<p>Em seguida, a medida foi contestada pelo Conselho Federal da OAB, que impetrou Argui\u00e7\u00e3o de Descumprimento de Preceito Fundamental (ADPF 777) perante o STF. A peti\u00e7\u00e3o inicial, assinada pelo constitucionalista Lenio Streck, apontava viola\u00e7\u00e3o aos princ\u00edpios do contradit\u00f3rio e da ampla defesa, uma vez que os anistiados n\u00e3o foram notificados do processo administrativo de revis\u00e3o, tampouco tiveram oportunidade de se defender.<\/p>\n\n\n\n<h3 class=\"wp-block-heading\" id=\"h-anistia-politica-e-reparacao-de-natureza-economica\" style=\"font-style:normal;font-weight:400\"><span id=\"anistia-politica-e-reparacao-de-natureza-economica\"><strong>Anistia pol\u00edtica e repara\u00e7\u00e3o de natureza econ\u00f4mica<\/strong><\/span><\/h3>\n\n\n\n<p><strong>Administra\u00e7\u00e3o P\u00fablica pode anular a anistia pol\u00edtica que j\u00e1 foi concedida?<\/strong><\/p>\n\n\n\n<p>Durante a ditadura militar instalada no Brasil em 1964, diversas pessoas foram v\u00edtimas de persegui\u00e7\u00e3o pol\u00edtica praticada pelo governo federal.<\/p>\n\n\n\n<p>Como exemplo disso, diversos militares que n\u00e3o eram alinhados ao governo foram considerados \u201csubversivos\u201d pelo regime militar e expulsos das For\u00e7as Armadas.<\/p>\n\n\n\n<p>A fim de reparar pol\u00edtica e economicamente situa\u00e7\u00f5es como essa e que atingiram milhares de indiv\u00edduos na \u00e9poca da ditadura militar, a CF\/88 previu, no art. 8\u00ba do ADCT, que a Uni\u00e3o poder\u00e1 conceder anistia pol\u00edtica a pessoas que foram prejudicadas por persegui\u00e7\u00f5es decorrentes de motiva\u00e7\u00e3o pol\u00edtica no per\u00edodo de 18\/09\/1946 at\u00e9 a data de promulga\u00e7\u00e3o da Constitui\u00e7\u00e3o.<\/p>\n\n\n\n<p>H\u00e1 previs\u00e3o tamb\u00e9m de que o anistiado receba uma repara\u00e7\u00e3o de natureza econ\u00f4mica, a ser paga pela Uni\u00e3o, em alguns casos nos quais fique demonstrado que ele sofreu preju\u00edzos em sua atividade laboral.<\/p>\n\n\n\n<p>A Lei n\u00ba 10.559\/2002 regulamentou o art. 8\u00ba do ADCT e a concess\u00e3o dessa repara\u00e7\u00e3o econ\u00f4mica para os anistiados. Veja:<\/p>\n\n\n\n<pre class=\"wp-block-preformatted\">Art. 1\u00ba O Regime do Anistiado Pol\u00edtico compreende os seguintes direitos:<br><br>I - declara\u00e7\u00e3o da condi\u00e7\u00e3o de anistiado pol\u00edtico;<br><br>II - repara\u00e7\u00e3o econ\u00f4mica, de car\u00e1ter indenizat\u00f3rio, em presta\u00e7\u00e3o \u00fanica ou em presta\u00e7\u00e3o mensal, permanente e continuada, asseguradas a readmiss\u00e3o ou a promo\u00e7\u00e3o na inatividade, nas condi\u00e7\u00f5es estabelecidas no caput e nos \u00a7\u00a7 1\u00ba e 5\u00ba do art. 8\u00ba do Ato das Disposi\u00e7\u00f5es Constitucionais Transit\u00f3rias;<br><br>(...)<br><br>Art. 3\u00ba A repara\u00e7\u00e3o econ\u00f4mica de que trata o inciso II do art. 1\u00ba desta Lei, nas condi\u00e7\u00f5es estabelecidas no caput do art. 8\u00ba do Ato das Disposi\u00e7\u00f5es Constitucionais Transit\u00f3rias, correr\u00e1 \u00e0 conta do Tesouro Nacional.<br><br>(...)<br><br>Art. 4\u00ba A repara\u00e7\u00e3o econ\u00f4mica em presta\u00e7\u00e3o \u00fanica consistir\u00e1 no pagamento de trinta sal\u00e1rios m\u00ednimos por ano de puni\u00e7\u00e3o e ser\u00e1 devida aos anistiados pol\u00edticos que n\u00e3o puderem comprovar v\u00ednculos com a atividade laboral.<br><br>(...)<br><br>Art. 5\u00ba A repara\u00e7\u00e3o econ\u00f4mica em presta\u00e7\u00e3o mensal, permanente e continuada, nos termos do art. 8\u00ba do Ato das Disposi\u00e7\u00f5es Constitucionais Transit\u00f3rias, ser\u00e1 assegurada aos anistiados pol\u00edticos que comprovarem v\u00ednculos com a atividade laboral, \u00e0 exce\u00e7\u00e3o dos que optarem por receber em presta\u00e7\u00e3o \u00fanica.<br><br>(...)<br><br>Art. 6\u00ba O valor da presta\u00e7\u00e3o mensal, permanente e continuada, ser\u00e1 igual ao da remunera\u00e7\u00e3o que o anistiado pol\u00edtico receberia se na ativa estivesse, (...)<\/pre>\n\n\n\n<h4 class=\"wp-block-heading\" id=\"h-imagine-agora-a-seguinte-situacao-adaptada\" style=\"font-style:normal;font-weight:400\"><span id=\"imagine-agora-a-seguinte-situacao-adaptada\"><strong>Imagine agora a seguinte situa\u00e7\u00e3o adaptada<\/strong><\/span><\/h4>\n\n\n\n<ul class=\"wp-block-list is-style-cnvs-list-styled-positive\">\n<li>Em <strong>1964<\/strong>, Jo\u00e3o, cabo da Aeron\u00e1utica, foi dispensado do servi\u00e7o militar na d\u00e9cada de 1960 por meio da Portaria n\u00ba 1.104\/1964.<\/li>\n\n\n\n<li>Em <strong>2003<\/strong>, o Ministro da Justi\u00e7a concedeu a Jo\u00e3o a anistia reconhecendo a sua condi\u00e7\u00e3o de perseguido pol\u00edtico.<\/li>\n\n\n\n<li>Em <strong>2006<\/strong>, a Advocacia-Geral da Uni\u00e3o emitiu nota t\u00e9cnica (AGU\/JD-1\/2006) fazendo alguns questionamentos sobre a forma indevida pela qual estavam sendo concedidas anistias pol\u00edticas, dentre elas a que foi outorgada a Jo\u00e3o. Segundo esta nota, a Comiss\u00e3o de Anistia estava concedendo o benef\u00edcio com base apenas em um documento produzido na \u00e9poca do regime militar de exce\u00e7\u00e3o, n\u00e3o sendo isso suficiente, considerando que seriam necess\u00e1rias provas complementares.<\/li>\n\n\n\n<li>Em <strong>2011<\/strong>, o Ministro da Justi\u00e7a, motivado pela nota t\u00e9cnica editada em 2006, determinou que fossem revistas as portarias de anistia de in\u00fameros militares, dentre elas a de Jo\u00e3o.<\/li>\n\n\n\n<li>Em <strong>2012<\/strong>, foi aberto processo administrativo para examinar a situa\u00e7\u00e3o de Jo\u00e3o e, ao final, determinou-se a anula\u00e7\u00e3o da anistia pol\u00edtica que lhe havia sido concedida sob o argumento de que a Portaria n\u00ba 1.104\/1964, que ensejou a dispensa do cabo, n\u00e3o tinha motiva\u00e7\u00e3o pol\u00edtica.<\/li>\n<\/ul>\n\n\n\n<p>A Portaria n\u00ba 1.104\/1964 limitou-se a desligar Jo\u00e3o da Aeron\u00e1utica \u2013 assim como in\u00fameros outros \u2013 pelo simples fato de ele ter completado o tempo de servi\u00e7o militar (8 anos).<\/p>\n\n\n\n<p>O Minist\u00e9rio da Justi\u00e7a fundamentou seu ato no poder de autotutela.<\/p>\n\n\n\n<h4 class=\"wp-block-heading\" id=\"h-isso-seria-possivel\" style=\"font-style:normal;font-weight:400\"><span id=\"isso-seria-possivel\"><strong>Isso seria poss\u00edvel?<\/strong><\/span><\/h4>\n\n\n\n<ul style=\"font-size:20px\" class=\"wp-block-list is-style-cnvs-list-styled-positive\">\n<li><mark style=\"background-color:rgba(0, 0, 0, 0);color:#137900\" class=\"has-inline-color\"><strong>Sim.<\/strong><\/mark><\/li>\n<\/ul>\n\n\n\n<p>A jurisprud\u00eancia do STF construiu a tese de que o prazo decadencial do art. 54 da Lei n\u00ba 9.784\/99 n\u00e3o se aplica quando o ato a ser anulado afronta diretamente a Constitui\u00e7\u00e3o Federal.<\/p>\n\n\n\n<p>Situa\u00e7\u00f5es de flagrante inconstitucionalidade n\u00e3o devem ser consolidadas pelo transcurso do prazo decadencial previsto no art. 54 da Lei n\u00ba 9.784\/99, sob pena de subvers\u00e3o das determina\u00e7\u00f5es insertas na Constitui\u00e7\u00e3o Federal.<\/p>\n\n\n\n<p>Desse modo, n\u00e3o pode haver \u201cusucapi\u00e3o de constitucionalidade\u201d, pois a obrigatoriedade da Constitui\u00e7\u00e3o deriva de sua vig\u00eancia. N\u00e3o \u00e9 poss\u00edvel entender, portanto, que o tempo derrogue a for\u00e7a obrigat\u00f3ria de seus preceitos por causa de a\u00e7\u00f5es omissivas ou comissivas de autoridades p\u00fablicas.<\/p>\n\n\n\n<p>Se h\u00e1 uma inconstitucionalidade flagrante, a pessoa que est\u00e1 se beneficiando dessa situa\u00e7\u00e3o n\u00e3o est\u00e1 de boa-f\u00e9, j\u00e1 que deveria saber que aquela situa\u00e7\u00e3o \u00e9 incompat\u00edvel com o ordenamento jur\u00eddico.<\/p>\n\n\n\n<p>A parte final do art. 54 menciona que esse prazo n\u00e3o se aplica se ficar demonstrada a m\u00e1-f\u00e9 do benefici\u00e1rio. Logo, estando o benefici\u00e1rio de m\u00e1-f\u00e9 (porque a inconstitucionalidade era evidente), a ele n\u00e3o pode ser aplicado o prazo decadencial.<\/p>\n\n\n\n<div class=\"wp-block-group is-style-cnvs-block-bg-light has-background\" style=\"background-color:#fcb90045\"><div class=\"wp-block-group__inner-container is-layout-constrained wp-block-group-is-layout-constrained\">\n<div class=\"wp-block-media-text\" style=\"grid-template-columns:36% auto\"><figure class=\"wp-block-media-text__media\"><img decoding=\"async\" width=\"484\" height=\"410\" src=\"https:\/\/cj.estrategia.com\/portal\/wp-content\/uploads\/2024\/12\/06210003\/484-410-max.png\" alt=\"\" class=\"wp-image-86519 size-full\" srcset=\"https:\/\/cj.estrategia.com\/portal\/wp-content\/uploads\/2024\/12\/06210003\/484-410-max.png 484w, https:\/\/cj.estrategia.com\/portal\/wp-content\/uploads\/2024\/12\/06210003\/484-410-max-300x254.png 300w, https:\/\/cj.estrategia.com\/portal\/wp-content\/uploads\/2024\/12\/06210003\/484-410-max-380x322.png 380w, https:\/\/cj.estrategia.com\/portal\/wp-content\/uploads\/2024\/12\/06210003\/484-410-max-150x127.png 150w\" sizes=\"(max-width: 484px) 100vw, 484px\" \/><\/figure><div class=\"wp-block-media-text__content\">\n<p>Portanto<strong>, o ato administrativo que declarou o impetrante como anistiado pol\u00edtico n\u00e3o \u00e9 pass\u00edvel de convalida\u00e7\u00e3o pelo tempo, dada a sua manifesta inconstitucionalidade, uma vez que viola frontalmente o art. 8\u00ba do ADCT<\/strong>.<\/p>\n<\/div><\/div>\n<\/div><\/div>\n\n\n\n<p>A Comiss\u00e3o de Anistia do Minist\u00e9rio da Justi\u00e7a editou s\u00famula administrativa reconhecendo indiscriminadamente que todos os cabos da Aeron\u00e1utica que houvessem sido licenciados pela implementa\u00e7\u00e3o do tempo de servi\u00e7o militar (8 anos) seriam anistiados por ato de natureza exclusivamente pol\u00edtica, sendo este o \u00fanico fundamento para o enquadramento na situa\u00e7\u00e3o do art. 8\u00ba do ADCT.<\/p>\n\n\n\n<p>Essa interpreta\u00e7\u00e3o dada pela Comiss\u00e3o de Anistia do Minist\u00e9rio da Justi\u00e7a acabou presumindo que houve motiva\u00e7\u00e3o pol\u00edtica na Portaria 1.104\/1964, implicando em n\u00fameros impressionantes de concess\u00e3o de anistia pol\u00edtica para ex-integrantes da Aeron\u00e1utica.<\/p>\n\n\n\n<h2 class=\"wp-block-heading\" id=\"h-em-suma\" style=\"font-style:normal;font-weight:400\"><span id=\"em-suma\"><strong>Em suma:<\/strong><\/span><\/h2>\n\n\n\n<div class=\"wp-block-group\"><div class=\"wp-block-group__inner-container is-layout-constrained wp-block-group-is-layout-constrained\">\n<div class=\"wp-block-group is-style-cnvs-block-bordered\"><div class=\"wp-block-group__inner-container is-layout-constrained wp-block-group-is-layout-constrained\">\n<p>No exerc\u00edcio do seu poder de autotutela, poder\u00e1 a Administra\u00e7\u00e3o P\u00fablica rever os atos de concess\u00e3o de anistia a cabos da Aeron\u00e1utica com fundamento na Portaria n\u00ba 1.104\/1964, quando se comprovar a aus\u00eancia de ato com motiva\u00e7\u00e3o exclusivamente pol\u00edtica, assegurando-se ao anistiado, em procedimento administrativo, o devido processo legal e a n\u00e3o devolu\u00e7\u00e3o das verbas j\u00e1 recebidas.<\/p>\n\n\n\n<p><strong><em>STF. Plen\u00e1rio. RE 817338\/DF, Rel. Min. Dias Toffoli, julgado em 16\/10\/2019 (Repercuss\u00e3o Geral \u2013 Tema 839) (Info 956).<\/em><\/strong><\/p>\n<\/div><\/div>\n<\/div><\/div>\n\n\n\n<p>O STJ seguindo a orienta\u00e7\u00e3o do STF, tamb\u00e9m definiu que:<\/p>\n\n\n\n<div class=\"wp-block-group\"><div class=\"wp-block-group__inner-container is-layout-constrained wp-block-group-is-layout-constrained\">\n<div class=\"wp-block-group is-style-cnvs-block-bordered\"><div class=\"wp-block-group__inner-container is-layout-constrained wp-block-group-is-layout-constrained\">\n<p>No exerc\u00edcio de seu poder de autotutela, poder\u00e1 a Administra\u00e7\u00e3o P\u00fablica rever os atos de concess\u00e3o de anistia a cabos da Aeron\u00e1utica relativos \u00e0 Portaria n\u00ba 1.104\/1964, quando se comprovar a aus\u00eancia de ato com motiva\u00e7\u00e3o exclusivamente pol\u00edtica, assegurando-se ao anistiado, em procedimento administrativo, o devido processo legal e a n\u00e3o devolu\u00e7\u00e3o das verbas j\u00e1 recebidas.<\/p>\n\n\n\n<p><em><strong>STJ. 1\u00aa Se\u00e7\u00e3o. MS 20.187-DF, Rel. Min. Manoel Erhardt (Desembargador convocado do TRF5), julgado em 10\/08\/2022 (Info 744).<\/strong><\/em><\/p>\n<\/div><\/div>\n<\/div><\/div>\n\n\n\n<div class=\"wp-block-group is-style-cnvs-block-bordered\"><div class=\"wp-block-group__inner-container is-layout-constrained wp-block-group-is-layout-constrained\">\n<p>No exerc\u00edcio do seu poder de autotutela, poder\u00e1 a Administra\u00e7\u00e3o P\u00fablica rever os atos de concess\u00e3o de anistia a cabos da Aeron\u00e1utica com fundamento na Portaria n\u00ba 1.104\/1964, quando se comprovar a aus\u00eancia de ato com motiva\u00e7\u00e3o exclusivamente pol\u00edtica, assegurando-se ao anistiado, em procedimento administrativo, o devido processo legal e a n\u00e3o devolu\u00e7\u00e3o das verbas j\u00e1 recebidas.<\/p>\n\n\n\n<p><strong><em>STJ. 1\u00aa Se\u00e7\u00e3o. MS 18442-DF, Rel. Min. S\u00e9rgio Kukina, julgado em 09\/11\/2022 (Info 756).<\/em><\/strong><\/p>\n<\/div><\/div>\n\n\n\n<p>No mesmo sentido:<\/p>\n\n\n\n<div class=\"wp-block-group\"><div class=\"wp-block-group__inner-container is-layout-constrained wp-block-group-is-layout-constrained\">\n<div class=\"wp-block-group is-style-cnvs-block-bordered\"><div class=\"wp-block-group__inner-container is-layout-constrained wp-block-group-is-layout-constrained\">\n<p>\u00c9 poss\u00edvel a anula\u00e7\u00e3o do ato de anistia pela Administra\u00e7\u00e3o P\u00fablica, evidenciada a viola\u00e7\u00e3o direta do art. 8\u00ba do ADCT, mesmo quando decorrido o prazo decadencial contido na Lei n\u00ba 9.784\/99.<\/p>\n\n\n\n<p><strong><em>STJ. 1\u00aa Se\u00e7\u00e3o. MS 19.070-DF, Rel. Min. Napole\u00e3o Nunes Maia Filho, Rel. Acd. Min. Og Fernandes, julgado em 12\/02\/2020 (Info 668).<\/em><\/strong><\/p>\n<\/div><\/div>\n<\/div><\/div>\n\n\n\n<h2 class=\"wp-block-heading\" id=\"h-e-agora-o-que-ficou-decidido-pelo-stf-nbsp\" style=\"font-style:normal;font-weight:400\"><span id=\"e-agora-o-que-ficou-decidido-pelo-stf\"><strong>E agora, o que ficou decidido pelo STF?&nbsp;<\/strong><\/span><\/h2>\n\n\n\n<p>Veja, no julgamento da ADPF 777 ficou estabelecido alguns <strong>limites da autotutela administrativa frente a situa\u00e7\u00f5es \u201cconsolidadas pelo tempo\u201d, bem como um certo desrespeito ao princ\u00edpio do contradit\u00f3rio.<\/strong>&nbsp;<\/p>\n\n\n\n<p>Em s\u00edntese, <strong>a Min Relatora destacou que:<\/strong><\/p>\n\n\n\n<div class=\"wp-block-group is-style-cnvs-block-shadow\"><div class=\"wp-block-group__inner-container is-layout-constrained wp-block-group-is-layout-constrained\">\n<ol class=\"wp-block-list is-style-cnvs-list-styled-negative\">\n<li><mark style=\"background-color:rgba(0, 0, 0, 0)\" class=\"has-inline-color has-black-color\">Houve um significativo <strong>lapso temporal de 17 anos entre a concess\u00e3o da anistia (2002-2006) e sua anula\u00e7\u00e3o (2020),<\/strong> extrapolando qualquer par\u00e2metro de razoabilidade temporal para o exerc\u00edcio do poder de autotutela;<\/mark><\/li>\n\n\n\n<li><mark style=\"background-color:rgba(0, 0, 0, 0)\" class=\"has-inline-color has-black-color\">Al\u00e9m disso, a situa\u00e7\u00e3o de especial <strong>vulnerabilidade dos anistiados<\/strong>, que s\u00e3o pessoas <strong>idosas<\/strong> e que organizaram suas vidas e planejamentos financeiros com base na expectativa leg\u00edtima da manuten\u00e7\u00e3o de seus benef\u00edcios;<\/mark><\/li>\n\n\n\n<li><mark style=\"background-color:rgba(0, 0, 0, 0)\" class=\"has-inline-color has-black-color\">O contexto, isto \u00e9, anula\u00e7\u00e3o <strong>em plena pandemia de Covid-19<\/strong>, quando a prote\u00e7\u00e3o social se tornava ainda mais necess\u00e1ria, especialmente para grupos de risco como idosos;<\/mark><\/li>\n\n\n\n<li><mark style=\"background-color:rgba(0, 0, 0, 0)\" class=\"has-inline-color has-black-color\"><strong>O contradit\u00f3rio, isto \u00e9, houve aus\u00eancia de motiva\u00e7\u00e3o concreta e individualizada<\/strong> nas portarias anulat\u00f3rias, que apresentavam fundamento gen\u00e9rico (&#8220;aus\u00eancia de comprova\u00e7\u00e3o da exist\u00eancia de persegui\u00e7\u00e3o exclusivamente pol\u00edtica&#8221;), <strong>contradizendo o pr\u00f3prio entendimento do STF no RE 817.338, que exigia comprova\u00e7\u00e3o espec\u00edfica da aus\u00eancia de motiva\u00e7\u00e3o pol\u00edtica para justificar a revis\u00e3o<\/strong>.<\/mark><\/li>\n<\/ol>\n<\/div><\/div>\n\n\n\n<p>Em outras palavras, a ministra n\u00e3o questionou a possibilidade te\u00f3rica de revis\u00e3o, <strong><mark style=\"background-color:rgba(0, 0, 0, 0)\" class=\"has-inline-color has-vivid-red-color\">mas sim a forma como esta foi realizada na pr\u00e1tica.<\/mark><\/strong><\/p>\n\n\n\n<h2 class=\"wp-block-heading\" id=\"h-como-podemos-diferenciar-entao\" style=\"font-style:normal;font-weight:400\"><span id=\"como-podemos-diferenciar-entao\"><strong>Como podemos diferenciar ent\u00e3o?<\/strong><\/span><\/h2>\n\n\n\n<figure class=\"wp-block-table\"><table class=\"has-fixed-layout\"><thead><tr><th><\/th><th><strong>ADPF 777 (2025)<\/strong><\/th><th><strong>MS 17526-DF e precedentes<\/strong><\/th><\/tr><\/thead><tbody><tr><td><strong>Tempo decorrido<\/strong><\/td><td>17-18 anos (2002-2020)<\/td><td>8-9 anos (2003-2012)<\/td><\/tr><tr><td><strong>Forma da revis\u00e3o<\/strong><\/td><td>313 portarias simult\u00e2neas com texto id\u00eantico<\/td><td>An\u00e1lise gradual e individual dos casos<\/td><\/tr><tr><td><strong>Motiva\u00e7\u00e3o<\/strong><\/td><td>Gen\u00e9rica, sem an\u00e1lise individual<\/td><td>Espec\u00edfica para cada caso<\/td><\/tr><tr><td><strong>Contexto<\/strong><\/td><td>Durante pandemia COVID-19, afetando idosos<\/td><td>Sem circunst\u00e2ncias agravantes espec\u00edficas<\/td><\/tr><tr><td><strong>Devido processo<\/strong><\/td><td>Dimens\u00e3o substantiva (razoabilidade)<\/td><td>Dimens\u00e3o formal (procedimento)<\/td><\/tr><tr><td><strong>Resultado<\/strong><\/td><td>Anula\u00e7\u00e3o das portarias, mantendo anistias<\/td><td>Valida\u00e7\u00e3o das anula\u00e7\u00f5es de anistia<\/td><\/tr><\/tbody><\/table><\/figure>\n\n\n\n<p>Eu n\u00e3o tenho d\u00favidas que isso ser\u00e1 cobrado em provas!<\/p>\n\n\n\n<p>Sauda\u00e7\u00f5es!<\/p>\n\n\n\n<div class=\"wp-block-group\"><div class=\"wp-block-group__inner-container is-layout-constrained wp-block-group-is-layout-constrained\">\n<div class=\"wp-block-group is-style-cnvs-block-bg-light has-background\" style=\"background-color:#f1cf687d\"><div class=\"wp-block-group__inner-container is-layout-constrained wp-block-group-is-layout-constrained\">\n<p style=\"font-size:18px\"><strong>Refer\u00eancias:<\/strong><\/p>\n\n\n\n<p>CAVALCANTE, M\u00e1rcio Andr\u00e9 Lopes.\u00a0<strong><a href=\"https:\/\/buscadordizerodireito.com.br\/jurisprudencia\/detalhes\/600c273011dd92cffe8bb70613bd796f\">\u00c9 poss\u00edvel a anula\u00e7\u00e3o do ato de anistia pela Administra\u00e7\u00e3o P\u00fablica, evidenciada a viola\u00e7\u00e3o direta do art. 8\u00ba do ADCT, mesmo quando decorrido o prazo decadencial contido na Lei 9.784\/99<\/a><\/strong>. Buscador Dizer o Direito, Manaus. Acesso em: 03\/03\/2025.<\/p>\n<\/div><\/div>\n<\/div><\/div>\n\n\n\n<p>Quer saber quais ser\u00e3o os pr\u00f3ximos concursos?<\/p>\n\n\n\n<pre class=\"wp-block-verse has-text-align-center\">Confira nossos&nbsp;<a href=\"https:\/\/cj.estrategia.com\/portal\/\" target=\"_blank\" >artigos para Carreiras Jur\u00eddicas<\/a>!<\/pre>\n\n\n\n<p class=\"has-text-align-center has-white-color has-pale-cyan-blue-background-color has-text-color has-background has-link-color wp-elements-3ffc9057f2314ec15f13b132eefb20e4\"><a href=\"https:\/\/www.estrategiaconcursos.com.br\/blog\/concursos-abertos\/\" target=\"_blank\" >Concursos p\u00fablicos abertos<\/a><\/p>\n\n\n\n<p class=\"has-text-align-center has-white-color has-pale-cyan-blue-background-color has-text-color has-background has-link-color wp-elements-0ddcc3bba7dead06242e688a17e9e277\"><a href=\"https:\/\/cj.estrategia.com\/portal\/concursos-2025-carreiras-juridicas\/\" target=\"_blank\" >Concursos 2025<\/a><\/p>\n\n\n\n<h3 class=\"wp-block-heading has-text-align-center\" id=\"h-cursos-e-assinaturas\"><span id=\"cursos-e-assinaturas\">CURSOS E ASSINATURAS<\/span><\/h3>\n\n\n\n<div class=\"wp-block-cover\" style=\"min-height:155px;aspect-ratio:unset;\"><img decoding=\"async\" width=\"1890\" height=\"351\" class=\"wp-block-cover__image-background wp-image-8669\" alt=\"Assinaturas Jur\u00eddicas\" src=\"https:\/\/cj.estrategia.com\/portal\/wp-content\/uploads\/2022\/06\/20151253\/concurso-carreiras-juridicas-assinatura-juridica.jpg\" style=\"object-position:78% 43%\" data-object-fit=\"cover\" data-object-position=\"78% 43%\" srcset=\"https:\/\/cj.estrategia.com\/portal\/wp-content\/uploads\/2022\/06\/20151253\/concurso-carreiras-juridicas-assinatura-juridica.jpg 1890w, https:\/\/cj.estrategia.com\/portal\/wp-content\/uploads\/2022\/06\/20151253\/concurso-carreiras-juridicas-assinatura-juridica-300x56.jpg 300w, https:\/\/cj.estrategia.com\/portal\/wp-content\/uploads\/2022\/06\/20151253\/concurso-carreiras-juridicas-assinatura-juridica-1024x190.jpg 1024w, https:\/\/cj.estrategia.com\/portal\/wp-content\/uploads\/2022\/06\/20151253\/concurso-carreiras-juridicas-assinatura-juridica-768x143.jpg 768w, https:\/\/cj.estrategia.com\/portal\/wp-content\/uploads\/2022\/06\/20151253\/concurso-carreiras-juridicas-assinatura-juridica-1536x285.jpg 1536w, https:\/\/cj.estrategia.com\/portal\/wp-content\/uploads\/2022\/06\/20151253\/concurso-carreiras-juridicas-assinatura-juridica-380x71.jpg 380w, https:\/\/cj.estrategia.com\/portal\/wp-content\/uploads\/2022\/06\/20151253\/concurso-carreiras-juridicas-assinatura-juridica-800x149.jpg 800w, https:\/\/cj.estrategia.com\/portal\/wp-content\/uploads\/2022\/06\/20151253\/concurso-carreiras-juridicas-assinatura-juridica-1160x215.jpg 1160w\" sizes=\"(max-width: 1890px) 100vw, 1890px\" \/><span aria-hidden=\"true\" class=\"wp-block-cover__background has-background-dim\"><\/span><div class=\"wp-block-cover__inner-container is-layout-flow wp-block-cover-is-layout-flow\">\n<h3 id=\"faca-a-sua-assinatura\" class=\"titulo-assinatura\"><span style=\"color: #ffffff;\">Fa\u00e7a a sua assinatura!<\/span><\/h3>\n<p class=\"subtitulo-assinatura\" style=\"display:block!important; line-height: 0;\"><span style=\"color: #ffffff;\">Escolha a sua \u00e1rea.<\/span><\/p>\n<a target=\"_blank\" href=\"https:\/\/www.estrategiaconcursos.com.br\/assinaturas-ecj\/\" rel=\"noopener\"><button style=\"border-radius: 10px; text-transform: capitalize;\">Acessar<\/button><\/a>\n<\/div><\/div>\n\n\n\n<p><\/p>\n","protected":false},"excerpt":{"rendered":"STF reconhece anistia a cabos da Aeron\u00e1utica desligados no in\u00edcio da ditadura militar, garantindo repara\u00e7\u00e3o a militares afastados&hellip;\n","protected":false},"author":93,"featured_media":102737,"comment_status":"open","ping_status":"open","sticky":false,"template":"","format":"standard","meta":{"_jetpack_memberships_contains_paid_content":false,"footnotes":""},"categories":[1],"tags":[2175,336,755,2176,1188,134],"tax_estado":[],"class_list":{"0":"post-102736","1":"post","2":"type-post","3":"status-publish","4":"format-standard","5":"has-post-thumbnail","7":"category-carreiras-juridicas","8":"tag-aeronautica","9":"tag-analise-juridica","10":"tag-anistia","11":"tag-distinguish","12":"tag-ditadura-militar","13":"tag-stf"},"acf":[],"yoast_head":"<!-- This site is optimized with the Yoast SEO Premium plugin v27.4 (Yoast SEO v27.4) - https:\/\/yoast.com\/product\/yoast-seo-premium-wordpress\/ -->\n<title>Cabos da Aeron\u00e1utica afastados na ditadura militar s\u00e3o anistiados<\/title>\n<meta name=\"description\" content=\"Supremo reconhece anistia a cabos da Aeron\u00e1utica desligados no in\u00edcio da ditadura militar, garantindo repara\u00e7\u00e3o a militares afastados.\" \/>\n<meta name=\"robots\" content=\"index, follow, max-snippet:-1, max-image-preview:large, max-video-preview:-1\" \/>\n<link rel=\"canonical\" href=\"https:\/\/cj.estrategia.com\/portal\/stf-anistia-cabos-aeronautica\/\" \/>\n<meta property=\"og:locale\" content=\"pt_BR\" \/>\n<meta property=\"og:type\" content=\"article\" \/>\n<meta property=\"og:title\" content=\"STF garante anistia a cabos da Aeron\u00e1utica afastados no in\u00edcio da ditadura militar \u2013 distinguish?\" \/>\n<meta property=\"og:description\" content=\"Supremo reconhece anistia a cabos da Aeron\u00e1utica desligados no in\u00edcio da ditadura militar, garantindo repara\u00e7\u00e3o a militares afastados.\" \/>\n<meta property=\"og:url\" content=\"https:\/\/cj.estrategia.com\/portal\/stf-anistia-cabos-aeronautica\/\" \/>\n<meta property=\"og:site_name\" content=\"Blog - Carreiras Jur\u00eddicas - Estrat\u00e9gia\" \/>\n<meta property=\"article:publisher\" content=\"https:\/\/www.facebook.com\/estrategiacarreirajuridica\/\" \/>\n<meta property=\"article:published_time\" content=\"2025-03-06T02:09:42+00:00\" \/>\n<meta property=\"article:modified_time\" content=\"2025-06-15T06:23:51+00:00\" \/>\n<meta property=\"og:image\" content=\"https:\/\/cj.estrategia.com\/portal\/wp-content\/uploads\/2025\/03\/05222827\/aeronautica.jpg\" \/>\n\t<meta property=\"og:image:width\" content=\"976\" \/>\n\t<meta property=\"og:image:height\" content=\"550\" \/>\n\t<meta property=\"og:image:type\" content=\"image\/jpeg\" \/>\n<meta name=\"author\" content=\"Felipe Duque\" \/>\n<meta name=\"twitter:card\" content=\"summary_large_image\" \/>\n<meta name=\"twitter:creator\" content=\"@https:\/\/x.com\/ProfessorDuque\" \/>\n<meta name=\"twitter:site\" content=\"@EstratJuridica\" \/>\n<meta name=\"twitter:label1\" content=\"Escrito por\" \/>\n\t<meta name=\"twitter:data1\" content=\"Felipe Duque\" \/>\n\t<meta name=\"twitter:label2\" content=\"Est. tempo de leitura\" \/>\n\t<meta name=\"twitter:data2\" content=\"20 minutos\" \/>\n<script type=\"application\/ld+json\" class=\"yoast-schema-graph\">{\"@context\":\"https:\\\/\\\/schema.org\",\"@graph\":[{\"@type\":\"NewsArticle\",\"@id\":\"https:\\\/\\\/cj.estrategia.com\\\/portal\\\/stf-anistia-cabos-aeronautica\\\/#article\",\"isPartOf\":{\"@id\":\"https:\\\/\\\/cj.estrategia.com\\\/portal\\\/stf-anistia-cabos-aeronautica\\\/\"},\"author\":{\"name\":\"Felipe Duque\",\"@id\":\"https:\\\/\\\/cj.estrategia.com\\\/portal\\\/#\\\/schema\\\/person\\\/b5b0253b269d7130d1f7770b1ba29285\"},\"headline\":\"STF garante anistia a cabos da Aeron\u00e1utica afastados no in\u00edcio da ditadura militar \u2013 distinguish?\",\"datePublished\":\"2025-03-06T02:09:42+00:00\",\"dateModified\":\"2025-06-15T06:23:51+00:00\",\"mainEntityOfPage\":{\"@id\":\"https:\\\/\\\/cj.estrategia.com\\\/portal\\\/stf-anistia-cabos-aeronautica\\\/\"},\"wordCount\":1876,\"commentCount\":0,\"publisher\":{\"@id\":\"https:\\\/\\\/cj.estrategia.com\\\/portal\\\/#organization\"},\"image\":{\"@id\":\"https:\\\/\\\/cj.estrategia.com\\\/portal\\\/stf-anistia-cabos-aeronautica\\\/#primaryimage\"},\"thumbnailUrl\":\"https:\\\/\\\/cj.estrategia.com\\\/portal\\\/wp-content\\\/uploads\\\/2025\\\/03\\\/05222827\\\/aeronautica.jpg\",\"keywords\":[\"aeron\u00e1utica\",\"an\u00e1lise jur\u00eddica\",\"anistia\",\"distinguish\",\"Ditadura Militar\",\"STF\"],\"articleSection\":[\"Carreiras Jur\u00eddicas\"],\"inLanguage\":\"pt-BR\",\"potentialAction\":[{\"@type\":\"CommentAction\",\"name\":\"Comment\",\"target\":[\"https:\\\/\\\/cj.estrategia.com\\\/portal\\\/stf-anistia-cabos-aeronautica\\\/#respond\"]}]},{\"@type\":\"WebPage\",\"@id\":\"https:\\\/\\\/cj.estrategia.com\\\/portal\\\/stf-anistia-cabos-aeronautica\\\/\",\"url\":\"https:\\\/\\\/cj.estrategia.com\\\/portal\\\/stf-anistia-cabos-aeronautica\\\/\",\"name\":\"Cabos da Aeron\u00e1utica afastados na ditadura militar s\u00e3o anistiados\",\"isPartOf\":{\"@id\":\"https:\\\/\\\/cj.estrategia.com\\\/portal\\\/#website\"},\"primaryImageOfPage\":{\"@id\":\"https:\\\/\\\/cj.estrategia.com\\\/portal\\\/stf-anistia-cabos-aeronautica\\\/#primaryimage\"},\"image\":{\"@id\":\"https:\\\/\\\/cj.estrategia.com\\\/portal\\\/stf-anistia-cabos-aeronautica\\\/#primaryimage\"},\"thumbnailUrl\":\"https:\\\/\\\/cj.estrategia.com\\\/portal\\\/wp-content\\\/uploads\\\/2025\\\/03\\\/05222827\\\/aeronautica.jpg\",\"datePublished\":\"2025-03-06T02:09:42+00:00\",\"dateModified\":\"2025-06-15T06:23:51+00:00\",\"description\":\"Supremo reconhece anistia a cabos da Aeron\u00e1utica desligados no in\u00edcio da ditadura militar, garantindo repara\u00e7\u00e3o a militares afastados.\",\"breadcrumb\":{\"@id\":\"https:\\\/\\\/cj.estrategia.com\\\/portal\\\/stf-anistia-cabos-aeronautica\\\/#breadcrumb\"},\"inLanguage\":\"pt-BR\",\"potentialAction\":[{\"@type\":\"ReadAction\",\"target\":[\"https:\\\/\\\/cj.estrategia.com\\\/portal\\\/stf-anistia-cabos-aeronautica\\\/\"]}]},{\"@type\":\"ImageObject\",\"inLanguage\":\"pt-BR\",\"@id\":\"https:\\\/\\\/cj.estrategia.com\\\/portal\\\/stf-anistia-cabos-aeronautica\\\/#primaryimage\",\"url\":\"https:\\\/\\\/cj.estrategia.com\\\/portal\\\/wp-content\\\/uploads\\\/2025\\\/03\\\/05222827\\\/aeronautica.jpg\",\"contentUrl\":\"https:\\\/\\\/cj.estrategia.com\\\/portal\\\/wp-content\\\/uploads\\\/2025\\\/03\\\/05222827\\\/aeronautica.jpg\",\"width\":976,\"height\":550},{\"@type\":\"BreadcrumbList\",\"@id\":\"https:\\\/\\\/cj.estrategia.com\\\/portal\\\/stf-anistia-cabos-aeronautica\\\/#breadcrumb\",\"itemListElement\":[{\"@type\":\"ListItem\",\"position\":1,\"name\":\"In\u00edcio\",\"item\":\"https:\\\/\\\/cj.estrategia.com\\\/portal\\\/\"},{\"@type\":\"ListItem\",\"position\":2,\"name\":\"STF garante anistia a cabos da Aeron\u00e1utica afastados no in\u00edcio da ditadura militar \u2013 distinguish?\"}]},{\"@type\":\"WebSite\",\"@id\":\"https:\\\/\\\/cj.estrategia.com\\\/portal\\\/#website\",\"url\":\"https:\\\/\\\/cj.estrategia.com\\\/portal\\\/\",\"name\":\"Blog - Carreiras Jur\u00eddicas - Estrat\u00e9gia\",\"description\":\"\",\"publisher\":{\"@id\":\"https:\\\/\\\/cj.estrategia.com\\\/portal\\\/#organization\"},\"potentialAction\":[{\"@type\":\"SearchAction\",\"target\":{\"@type\":\"EntryPoint\",\"urlTemplate\":\"https:\\\/\\\/cj.estrategia.com\\\/portal\\\/?s={search_term_string}\"},\"query-input\":{\"@type\":\"PropertyValueSpecification\",\"valueRequired\":true,\"valueName\":\"search_term_string\"}}],\"inLanguage\":\"pt-BR\"},{\"@type\":\"Organization\",\"@id\":\"https:\\\/\\\/cj.estrategia.com\\\/portal\\\/#organization\",\"name\":\"Estrat\u00e9gia - Carreiras Jur\u00eddicas\",\"url\":\"https:\\\/\\\/cj.estrategia.com\\\/portal\\\/\",\"logo\":{\"@type\":\"ImageObject\",\"inLanguage\":\"pt-BR\",\"@id\":\"https:\\\/\\\/cj.estrategia.com\\\/portal\\\/#\\\/schema\\\/logo\\\/image\\\/\",\"url\":\"https:\\\/\\\/cj.estrategia.com\\\/portal\\\/wp-content\\\/uploads\\\/2022\\\/03\\\/11151052\\\/cj-logo.png\",\"contentUrl\":\"https:\\\/\\\/cj.estrategia.com\\\/portal\\\/wp-content\\\/uploads\\\/2022\\\/03\\\/11151052\\\/cj-logo.png\",\"width\":150,\"height\":39,\"caption\":\"Estrat\u00e9gia - Carreiras Jur\u00eddicas\"},\"image\":{\"@id\":\"https:\\\/\\\/cj.estrategia.com\\\/portal\\\/#\\\/schema\\\/logo\\\/image\\\/\"},\"sameAs\":[\"https:\\\/\\\/www.facebook.com\\\/estrategiacarreirajuridica\\\/\",\"https:\\\/\\\/x.com\\\/EstratJuridica\",\"https:\\\/\\\/www.instagram.com\\\/estrategiacarreirajuridica\\\/\",\"https:\\\/\\\/www.youtube.com\\\/channel\\\/UClbMGuYbj2Mh1m3w144ETWQ\"]},{\"@type\":\"Person\",\"@id\":\"https:\\\/\\\/cj.estrategia.com\\\/portal\\\/#\\\/schema\\\/person\\\/b5b0253b269d7130d1f7770b1ba29285\",\"name\":\"Felipe Duque\",\"image\":{\"@type\":\"ImageObject\",\"inLanguage\":\"pt-BR\",\"@id\":\"https:\\\/\\\/cj.estrategia.com\\\/portal\\\/wp-content\\\/uploads\\\/2024\\\/08\\\/06162009\\\/Captura-de-Tela-2024-08-06-as-16.19.26-96x96.png\",\"url\":\"https:\\\/\\\/cj.estrategia.com\\\/portal\\\/wp-content\\\/uploads\\\/2024\\\/08\\\/06162009\\\/Captura-de-Tela-2024-08-06-as-16.19.26-96x96.png\",\"contentUrl\":\"https:\\\/\\\/cj.estrategia.com\\\/portal\\\/wp-content\\\/uploads\\\/2024\\\/08\\\/06162009\\\/Captura-de-Tela-2024-08-06-as-16.19.26-96x96.png\",\"caption\":\"Felipe Duque\"},\"description\":\"Felipe Duque - Mestre em Direito Pol\u00edtico e Econ\u00f4mico na Mackenzie-SP. Graduado em Direito pela Universidade Cat\u00f3lica de Pernambuco, com conclus\u00e3o pelo regime de Aproveitamento Extraordin\u00e1rio nos Estudos (art. 47, \u00a7 2\u00ba, da Lei n\u00ba 9.394\\\/96). Ex-Assessor de Desembargador no TJPE. Procurador da Fazenda Nacional. Integra voluntariamente a Coordena\u00e7\u00e3o de Assuntos Estrat\u00e9gicos Judiciais da PGFN. Professor do Estrat\u00e9gia Carreira Jur\u00eddica, Estrat\u00e9gia OAB e Buscador Dizer o Direito. Autor do livro \u201cReforma Tribut\u00e1ria Comentada e Esquematizada\u201d, \\\"Manual de Processo Tribut\u00e1rio: Administrativo e Judicial\\\" pela editora Juspodivm Parecerista na Revista de Estudos Jur\u00eddicos do Superior Tribunal de Justi\u00e7a (REJuriSTJ)\",\"sameAs\":[\"http:\\\/\\\/lattes.cnpq.br\\\/5755137268084324\",\"https:\\\/\\\/www.instagram.com\\\/felipe_duque\\\/\",\"https:\\\/\\\/br.linkedin.com\\\/in\\\/felipe-duque-56954638\",\"https:\\\/\\\/x.com\\\/https:\\\/\\\/x.com\\\/ProfessorDuque\",\"https:\\\/\\\/www.youtube.com\\\/@felipeduque-experienciasco5797\"],\"url\":\"https:\\\/\\\/cj.estrategia.com\\\/portal\\\/author\\\/felipe-duque\\\/\"}]}<\/script>\n<!-- \/ Yoast SEO Premium plugin. -->","yoast_head_json":{"title":"Cabos da Aeron\u00e1utica afastados na ditadura militar s\u00e3o anistiados","description":"Supremo reconhece anistia a cabos da Aeron\u00e1utica desligados no in\u00edcio da ditadura militar, garantindo repara\u00e7\u00e3o a militares afastados.","robots":{"index":"index","follow":"follow","max-snippet":"max-snippet:-1","max-image-preview":"max-image-preview:large","max-video-preview":"max-video-preview:-1"},"canonical":"https:\/\/cj.estrategia.com\/portal\/stf-anistia-cabos-aeronautica\/","og_locale":"pt_BR","og_type":"article","og_title":"STF garante anistia a cabos da Aeron\u00e1utica afastados no in\u00edcio da ditadura militar \u2013 distinguish?","og_description":"Supremo reconhece anistia a cabos da Aeron\u00e1utica desligados no in\u00edcio da ditadura militar, garantindo repara\u00e7\u00e3o a militares afastados.","og_url":"https:\/\/cj.estrategia.com\/portal\/stf-anistia-cabos-aeronautica\/","og_site_name":"Blog - Carreiras Jur\u00eddicas - Estrat\u00e9gia","article_publisher":"https:\/\/www.facebook.com\/estrategiacarreirajuridica\/","article_published_time":"2025-03-06T02:09:42+00:00","article_modified_time":"2025-06-15T06:23:51+00:00","og_image":[{"width":976,"height":550,"url":"https:\/\/cj.estrategia.com\/portal\/wp-content\/uploads\/2025\/03\/05222827\/aeronautica.jpg","type":"image\/jpeg"}],"author":"Felipe Duque","twitter_card":"summary_large_image","twitter_creator":"@https:\/\/x.com\/ProfessorDuque","twitter_site":"@EstratJuridica","twitter_misc":{"Escrito por":"Felipe Duque","Est. tempo de leitura":"20 minutos"},"schema":{"@context":"https:\/\/schema.org","@graph":[{"@type":"NewsArticle","@id":"https:\/\/cj.estrategia.com\/portal\/stf-anistia-cabos-aeronautica\/#article","isPartOf":{"@id":"https:\/\/cj.estrategia.com\/portal\/stf-anistia-cabos-aeronautica\/"},"author":{"name":"Felipe Duque","@id":"https:\/\/cj.estrategia.com\/portal\/#\/schema\/person\/b5b0253b269d7130d1f7770b1ba29285"},"headline":"STF garante anistia a cabos da Aeron\u00e1utica afastados no in\u00edcio da ditadura militar \u2013 distinguish?","datePublished":"2025-03-06T02:09:42+00:00","dateModified":"2025-06-15T06:23:51+00:00","mainEntityOfPage":{"@id":"https:\/\/cj.estrategia.com\/portal\/stf-anistia-cabos-aeronautica\/"},"wordCount":1876,"commentCount":0,"publisher":{"@id":"https:\/\/cj.estrategia.com\/portal\/#organization"},"image":{"@id":"https:\/\/cj.estrategia.com\/portal\/stf-anistia-cabos-aeronautica\/#primaryimage"},"thumbnailUrl":"https:\/\/cj.estrategia.com\/portal\/wp-content\/uploads\/2025\/03\/05222827\/aeronautica.jpg","keywords":["aeron\u00e1utica","an\u00e1lise jur\u00eddica","anistia","distinguish","Ditadura Militar","STF"],"articleSection":["Carreiras Jur\u00eddicas"],"inLanguage":"pt-BR","potentialAction":[{"@type":"CommentAction","name":"Comment","target":["https:\/\/cj.estrategia.com\/portal\/stf-anistia-cabos-aeronautica\/#respond"]}]},{"@type":"WebPage","@id":"https:\/\/cj.estrategia.com\/portal\/stf-anistia-cabos-aeronautica\/","url":"https:\/\/cj.estrategia.com\/portal\/stf-anistia-cabos-aeronautica\/","name":"Cabos da Aeron\u00e1utica afastados na ditadura militar s\u00e3o anistiados","isPartOf":{"@id":"https:\/\/cj.estrategia.com\/portal\/#website"},"primaryImageOfPage":{"@id":"https:\/\/cj.estrategia.com\/portal\/stf-anistia-cabos-aeronautica\/#primaryimage"},"image":{"@id":"https:\/\/cj.estrategia.com\/portal\/stf-anistia-cabos-aeronautica\/#primaryimage"},"thumbnailUrl":"https:\/\/cj.estrategia.com\/portal\/wp-content\/uploads\/2025\/03\/05222827\/aeronautica.jpg","datePublished":"2025-03-06T02:09:42+00:00","dateModified":"2025-06-15T06:23:51+00:00","description":"Supremo reconhece anistia a cabos da Aeron\u00e1utica desligados no in\u00edcio da ditadura militar, garantindo repara\u00e7\u00e3o a militares afastados.","breadcrumb":{"@id":"https:\/\/cj.estrategia.com\/portal\/stf-anistia-cabos-aeronautica\/#breadcrumb"},"inLanguage":"pt-BR","potentialAction":[{"@type":"ReadAction","target":["https:\/\/cj.estrategia.com\/portal\/stf-anistia-cabos-aeronautica\/"]}]},{"@type":"ImageObject","inLanguage":"pt-BR","@id":"https:\/\/cj.estrategia.com\/portal\/stf-anistia-cabos-aeronautica\/#primaryimage","url":"https:\/\/cj.estrategia.com\/portal\/wp-content\/uploads\/2025\/03\/05222827\/aeronautica.jpg","contentUrl":"https:\/\/cj.estrategia.com\/portal\/wp-content\/uploads\/2025\/03\/05222827\/aeronautica.jpg","width":976,"height":550},{"@type":"BreadcrumbList","@id":"https:\/\/cj.estrategia.com\/portal\/stf-anistia-cabos-aeronautica\/#breadcrumb","itemListElement":[{"@type":"ListItem","position":1,"name":"In\u00edcio","item":"https:\/\/cj.estrategia.com\/portal\/"},{"@type":"ListItem","position":2,"name":"STF garante anistia a cabos da Aeron\u00e1utica afastados no in\u00edcio da ditadura militar \u2013 distinguish?"}]},{"@type":"WebSite","@id":"https:\/\/cj.estrategia.com\/portal\/#website","url":"https:\/\/cj.estrategia.com\/portal\/","name":"Blog - Carreiras Jur\u00eddicas - Estrat\u00e9gia","description":"","publisher":{"@id":"https:\/\/cj.estrategia.com\/portal\/#organization"},"potentialAction":[{"@type":"SearchAction","target":{"@type":"EntryPoint","urlTemplate":"https:\/\/cj.estrategia.com\/portal\/?s={search_term_string}"},"query-input":{"@type":"PropertyValueSpecification","valueRequired":true,"valueName":"search_term_string"}}],"inLanguage":"pt-BR"},{"@type":"Organization","@id":"https:\/\/cj.estrategia.com\/portal\/#organization","name":"Estrat\u00e9gia - Carreiras Jur\u00eddicas","url":"https:\/\/cj.estrategia.com\/portal\/","logo":{"@type":"ImageObject","inLanguage":"pt-BR","@id":"https:\/\/cj.estrategia.com\/portal\/#\/schema\/logo\/image\/","url":"https:\/\/cj.estrategia.com\/portal\/wp-content\/uploads\/2022\/03\/11151052\/cj-logo.png","contentUrl":"https:\/\/cj.estrategia.com\/portal\/wp-content\/uploads\/2022\/03\/11151052\/cj-logo.png","width":150,"height":39,"caption":"Estrat\u00e9gia - Carreiras Jur\u00eddicas"},"image":{"@id":"https:\/\/cj.estrategia.com\/portal\/#\/schema\/logo\/image\/"},"sameAs":["https:\/\/www.facebook.com\/estrategiacarreirajuridica\/","https:\/\/x.com\/EstratJuridica","https:\/\/www.instagram.com\/estrategiacarreirajuridica\/","https:\/\/www.youtube.com\/channel\/UClbMGuYbj2Mh1m3w144ETWQ"]},{"@type":"Person","@id":"https:\/\/cj.estrategia.com\/portal\/#\/schema\/person\/b5b0253b269d7130d1f7770b1ba29285","name":"Felipe Duque","image":{"@type":"ImageObject","inLanguage":"pt-BR","@id":"https:\/\/cj.estrategia.com\/portal\/wp-content\/uploads\/2024\/08\/06162009\/Captura-de-Tela-2024-08-06-as-16.19.26-96x96.png","url":"https:\/\/cj.estrategia.com\/portal\/wp-content\/uploads\/2024\/08\/06162009\/Captura-de-Tela-2024-08-06-as-16.19.26-96x96.png","contentUrl":"https:\/\/cj.estrategia.com\/portal\/wp-content\/uploads\/2024\/08\/06162009\/Captura-de-Tela-2024-08-06-as-16.19.26-96x96.png","caption":"Felipe Duque"},"description":"Felipe Duque - Mestre em Direito Pol\u00edtico e Econ\u00f4mico na Mackenzie-SP. Graduado em Direito pela Universidade Cat\u00f3lica de Pernambuco, com conclus\u00e3o pelo regime de Aproveitamento Extraordin\u00e1rio nos Estudos (art. 47, \u00a7 2\u00ba, da Lei n\u00ba 9.394\/96). Ex-Assessor de Desembargador no TJPE. Procurador da Fazenda Nacional. Integra voluntariamente a Coordena\u00e7\u00e3o de Assuntos Estrat\u00e9gicos Judiciais da PGFN. Professor do Estrat\u00e9gia Carreira Jur\u00eddica, Estrat\u00e9gia OAB e Buscador Dizer o Direito. Autor do livro \u201cReforma Tribut\u00e1ria Comentada e Esquematizada\u201d, \"Manual de Processo Tribut\u00e1rio: Administrativo e Judicial\" pela editora Juspodivm Parecerista na Revista de Estudos Jur\u00eddicos do Superior Tribunal de Justi\u00e7a (REJuriSTJ)","sameAs":["http:\/\/lattes.cnpq.br\/5755137268084324","https:\/\/www.instagram.com\/felipe_duque\/","https:\/\/br.linkedin.com\/in\/felipe-duque-56954638","https:\/\/x.com\/https:\/\/x.com\/ProfessorDuque","https:\/\/www.youtube.com\/@felipeduque-experienciasco5797"],"url":"https:\/\/cj.estrategia.com\/portal\/author\/felipe-duque\/"}]}},"jetpack_featured_media_url":"https:\/\/cj.estrategia.com\/portal\/wp-content\/uploads\/2025\/03\/05222827\/aeronautica.jpg","jetpack_sharing_enabled":true,"_links":{"self":[{"href":"https:\/\/cj.estrategia.com\/portal\/wp-json\/wp\/v2\/posts\/102736","targetHints":{"allow":["GET"]}}],"collection":[{"href":"https:\/\/cj.estrategia.com\/portal\/wp-json\/wp\/v2\/posts"}],"about":[{"href":"https:\/\/cj.estrategia.com\/portal\/wp-json\/wp\/v2\/types\/post"}],"author":[{"embeddable":true,"href":"https:\/\/cj.estrategia.com\/portal\/wp-json\/wp\/v2\/users\/93"}],"replies":[{"embeddable":true,"href":"https:\/\/cj.estrategia.com\/portal\/wp-json\/wp\/v2\/comments?post=102736"}],"version-history":[{"count":27,"href":"https:\/\/cj.estrategia.com\/portal\/wp-json\/wp\/v2\/posts\/102736\/revisions"}],"predecessor-version":[{"id":102765,"href":"https:\/\/cj.estrategia.com\/portal\/wp-json\/wp\/v2\/posts\/102736\/revisions\/102765"}],"wp:featuredmedia":[{"embeddable":true,"href":"https:\/\/cj.estrategia.com\/portal\/wp-json\/wp\/v2\/media\/102737"}],"wp:attachment":[{"href":"https:\/\/cj.estrategia.com\/portal\/wp-json\/wp\/v2\/media?parent=102736"}],"wp:term":[{"taxonomy":"category","embeddable":true,"href":"https:\/\/cj.estrategia.com\/portal\/wp-json\/wp\/v2\/categories?post=102736"},{"taxonomy":"post_tag","embeddable":true,"href":"https:\/\/cj.estrategia.com\/portal\/wp-json\/wp\/v2\/tags?post=102736"},{"taxonomy":"tax_estado","embeddable":true,"href":"https:\/\/cj.estrategia.com\/portal\/wp-json\/wp\/v2\/tax_estado?post=102736"}],"curies":[{"name":"wp","href":"https:\/\/api.w.org\/{rel}","templated":true}]}}