{"id":102025,"date":"2025-01-10T10:26:07","date_gmt":"2025-01-10T13:26:07","guid":{"rendered":"https:\/\/cj.estrategia.com\/portal\/?p=102025"},"modified":"2026-02-05T17:18:45","modified_gmt":"2026-02-05T20:18:45","slug":"concurso-pgm-salvador-ba","status":"publish","type":"post","link":"https:\/\/cj.estrategia.com\/portal\/concurso-pgm-salvador-ba\/","title":{"rendered":"Concurso PGM Salvador BA: \u00faltimo certame foi realizado em 2015"},"content":{"rendered":"\n<p>O \u00faltimo edital do concurso para a Procuradoria-Geral do Munic\u00edpio de Salvador foi publicado em 2015. O certame ofertou <strong>7 vagas<\/strong> para o cargo de <strong>Procurador do Munic\u00edpio de Salvador \u2013 2.\u00aa Classe<\/strong> com remunera\u00e7\u00e3o inicial de vencimento b\u00e1sico de R$ 6.764,29, acrescido de gratifica\u00e7\u00e3o de produ\u00e7\u00e3o de at\u00e9 200%, podendo atingir um total de<strong> R$ 20.292,87.<\/strong><\/p>\n\n\n\n<p>A sele\u00e7\u00e3o foi <a href=\"https:\/\/cj.estrategia.com\/portal\/wp-content\/uploads\/2025\/03\/01094622\/HOMOLOGACAO_CONCURSO_PROCURADOR_MUNICIPIO.pdf\">hom<\/a><a href=\"https:\/\/cj.estrategia.com\/portal\/wp-content\/uploads\/2025\/03\/01094622\/HOMOLOGACAO_CONCURSO_PROCURADOR_MUNICIPIO.pdf\" target=\"_blank\" >o<\/a><a href=\"https:\/\/cj.estrategia.com\/portal\/wp-content\/uploads\/2025\/03\/01094622\/HOMOLOGACAO_CONCURSO_PROCURADOR_MUNICIPIO.pdf\">logada <\/a>em 2016. Confira o resultado final com a lista de aprovados abaixo: <\/p>\n\n\n\n<ul class=\"wp-block-list\">\n<li><a href=\"https:\/\/cj.estrategia.com\/portal\/wp-content\/uploads\/2025\/03\/01094653\/ED_21_2016_PREF_SALVADOR_15_PROCURADOR_FINAL_ENTREVISTA_CONCURSO.pdf\" target=\"_blank\" >Resultado final;<\/a><\/li>\n<\/ul>\n\n\n\n<p>Para participar da sele\u00e7\u00e3o, os candidatos deveriam possuir diploma de n\u00edvel superior de Bacharelado em Direito e inscri\u00e7\u00e3o como advogado na Ordem dos Advogados do Brasil (OAB).<\/p>\n\n\n\n<ul class=\"wp-block-list has-very-light-gray-to-cyan-bluish-gray-gradient-background has-background\">\n<li><strong>Concurso PGM Salvador BA<\/strong><\/li>\n\n\n\n<li><strong>Status:<\/strong> previsto<\/li>\n\n\n\n<li><strong>Banca:<\/strong> <a href=\"https:\/\/www.cebraspe.org.br\/concursos\/PREF_SALVADOR_15_PROCURADOR\" target=\"_blank\" >Cebraspe<\/a><\/li>\n\n\n\n<li><strong>Vagas:<\/strong> a definir<\/li>\n\n\n\n<li><strong>Sal\u00e1rio inicial: <\/strong>at\u00e9 R$ 20.292,87 [\u00faltimo edital]<\/li>\n\n\n\n<li><strong><a href=\"https:\/\/www.cebraspe.org.br\/concursos\/PREF_SALVADOR_15_PROCURADOR\" target=\"_blank\" >Edital PGM Salvador 2015<\/a><\/strong><\/li>\n<\/ul>\n\n\n\n<div class=\"container\" id=\"boxes\">\n  <div class=\"row\">\n\n    <div class=\"col-sm\">\n      <div class=\"banner-ecj-procuradorias\" id=\"box-assinatura\">\n        <h2 id=\"cursos-para-pgm-salvador-ba\" class=\"titulo-assinatura\"><span style=\"color: #ffffff; font-size: 23px; \">Cursos para PGM Salvador BA<\/span><\/h2>\n        <p class=\"subtitulo-assinatura\">Cursos focados no edital!<\/p>\n        <div class=\"box-botao\">\n          <a class=\"btn-assinatura-juridica\" target=\"_blank\" href=\"https:\/\/cj.estrategia.com\/concurso\/cursos-para-procuradorias-e-advogados\" role=\"button\" rel=\"noopener noreferrer\">CLIQUE AQUI<\/a>\n        <\/div>\n      <\/div>\n      <p class=\"texto-auxiliar\">Prepare-se com o melhor material e com quem mais aprova em concursos em todo o pa\u00eds. \n<\/p>\n    <\/div>\n\n  <\/div>\n<\/div>\n\n\n\n<p><\/p>\n\n\n\n<div class=\"wp-block-yoast-seo-table-of-contents yoast-table-of-contents\"><h2 id=\"o-que-voce-vai-encontrar-neste-artigo\">O que voc\u00ea vai encontrar neste artigo?<\/h2><ul><li><a href=\"#h-concurso-pgm-salvador-ba-ultimo-concurso\" data-level=\"2\">Concurso PGM Salvador BA: \u00faltimo concurso<\/a><ul><li><a href=\"#cargo\" data-level=\"3\">Cargos e Vagas<\/a><\/li><li><a href=\"#salario\" data-level=\"3\">Sal\u00e1rios e Benef\u00edcios<\/a><\/li><li><a href=\"#requisito\" data-level=\"3\">Requisitos<\/a><\/li><\/ul><\/li><li><a href=\"#h-concurso-pgm-salvador-ba-etapas-do-ultimo-concurso\" data-level=\"2\">Concurso PGM Salvador BA: etapas do \u00faltimo concurso<\/a><ul><li><a href=\"#h-prova-objetiva\" data-level=\"3\">Prova objetiva<\/a><\/li><li><a href=\"#h-prova-discursiva\" data-level=\"3\">Prova discursiva<\/a><\/li><li><a href=\"#h-avaliacao-de-titulos\" data-level=\"3\">Avalia\u00e7\u00e3o de t\u00edtulos<\/a><\/li><\/ul><\/li><li><a href=\"#h-quer-saber-tudo-sobre-concursos-previstos-confira-nossos-artigos\" data-level=\"2\">Quer saber tudo sobre concursos previstos? Confira nossos artigos!<\/a><\/li><li><a href=\"#cursos\" data-level=\"2\">Quer estudar para PGM Salvador BA?<\/a><\/li><\/ul><\/div>\n\n\n\n<p><\/p>\n\n\n\n<ul class=\"wp-block-list\"><\/ul>\n\n\n\n<h2 class=\"wp-block-heading\" id=\"h-concurso-pgm-salvador-ba-ultimo-concurso\"><span id=\"concurso-pgm-salvador-ba-ultimo-concurso\">Concurso PGM Salvador BA: \u00faltimo concurso<\/span><\/h2>\n\n\n\n<h3 class=\"wp-block-heading\" id=\"cargo\"><span id=\"cargos-e-vagas\">Cargos e Vagas<\/span><\/h3>\n\n\n\n<p><strong>Procurador Municipal<\/strong> \u2013 07 Vagas<\/p>\n\n\n\n<h3 class=\"wp-block-heading\" id=\"salario\"><span id=\"salarios-e-beneficios\">Sal\u00e1rios e Benef\u00edcios <\/span><\/h3>\n\n\n\n<p>A\u00a0remunera\u00e7\u00e3o inicial ofertada foi de R$ 6.764,29, acrescido de gratifica\u00e7\u00e3o de produ\u00e7\u00e3o de at\u00e9 200%, podendo atingir um total de R$ 20.292,87.<\/p>\n\n\n\n<h3 class=\"wp-block-heading\" id=\"requisito\"><span id=\"requisitos\">Requisitos <\/span><\/h3>\n\n\n\n<p>Para ingressar na carreira, foi exigido diploma de n\u00edvel superior de Bacharelado em Direito e inscri\u00e7\u00e3o como advogado na Ordem dos Advogados do Brasil (OAB).<\/p>\n\n\n\n<h2 class=\"wp-block-heading\" id=\"h-concurso-pgm-salvador-ba-etapas-do-ultimo-concurso\"><span id=\"concurso-pgm-salvador-ba-etapas-do-ultimo-concurso\">Concurso PGM Salvador BA: etapas do \u00faltimo concurso<\/span><\/h2>\n\n\n\n<p>Os candidatos foram avaliadas pelas seguintes etapas: <\/p>\n\n\n\n<ul class=\"wp-block-list\">\n<li>Prova objetiva, de car\u00e1ter eliminat\u00f3rio e classificat\u00f3rio; <\/li>\n\n\n\n<li>Provas discursivas, de car\u00e1ter eliminat\u00f3rio e classificat\u00f3rio; <\/li>\n\n\n\n<li>Avalia\u00e7\u00e3o de t\u00edtulos, de car\u00e1ter classificat\u00f3rio.<\/li>\n<\/ul>\n\n\n\n<h3 class=\"wp-block-heading\" id=\"h-prova-objetiva\"><span id=\"prova-objetiva\">Prova objetiva<\/span><\/h3>\n\n\n\n<p>A prova objetiva, de car\u00e1ter eliminat\u00f3rio e classificat\u00f3rio, teve dura\u00e7\u00e3o de 5 horas e foi aplicada no dia 18 de outubro de 2015. Foi composta por 100 quest\u00f5es e pelas disciplinas abaixo:<\/p>\n\n\n<div class=\"wp-block-image\">\n<figure class=\"aligncenter size-full\"><img decoding=\"async\" width=\"520\" height=\"262\" src=\"https:\/\/cj.estrategia.com\/portal\/wp-content\/uploads\/2025\/03\/01101015\/image.png\" alt=\"\" class=\"wp-image-102075\" srcset=\"https:\/\/cj.estrategia.com\/portal\/wp-content\/uploads\/2025\/03\/01101015\/image.png 520w, https:\/\/cj.estrategia.com\/portal\/wp-content\/uploads\/2025\/03\/01101015\/image-300x151.png 300w, https:\/\/cj.estrategia.com\/portal\/wp-content\/uploads\/2025\/03\/01101015\/image-380x191.png 380w, https:\/\/cj.estrategia.com\/portal\/wp-content\/uploads\/2025\/03\/01101015\/image-150x76.png 150w\" sizes=\"(max-width: 520px) 100vw, 520px\" \/><\/figure>\n<\/div>\n\n\n<h3 class=\"wp-block-heading\" id=\"h-prova-discursiva\"><span id=\"prova-discursiva\">Prova discursiva<\/span><\/h3>\n\n\n\n<p>As provas tiveram dura\u00e7\u00e3o de 5 horas cada e foram aplicadas no dia 6 de dezembro de 2015, respectivamente, nos turnos da manh\u00e3 e da tarde. As provas discursivas P2 e P3 valeram 100,00 pontos cada e consistiram de:<\/p>\n\n\n<div class=\"wp-block-image\">\n<figure class=\"aligncenter size-full\"><img decoding=\"async\" width=\"519\" height=\"205\" src=\"https:\/\/cj.estrategia.com\/portal\/wp-content\/uploads\/2025\/03\/01101038\/image-1.png\" alt=\"\" class=\"wp-image-102077\" srcset=\"https:\/\/cj.estrategia.com\/portal\/wp-content\/uploads\/2025\/03\/01101038\/image-1.png 519w, https:\/\/cj.estrategia.com\/portal\/wp-content\/uploads\/2025\/03\/01101038\/image-1-300x118.png 300w, https:\/\/cj.estrategia.com\/portal\/wp-content\/uploads\/2025\/03\/01101038\/image-1-380x150.png 380w, https:\/\/cj.estrategia.com\/portal\/wp-content\/uploads\/2025\/03\/01101038\/image-1-150x59.png 150w\" sizes=\"(max-width: 519px) 100vw, 519px\" \/><\/figure>\n<\/div>\n\n\n<h3 class=\"wp-block-heading\" id=\"h-avaliacao-de-titulos\"><span id=\"avaliacao-de-titulos\">Avalia\u00e7\u00e3o de t\u00edtulos<\/span><\/h3>\n\n\n\n<p>A avalia\u00e7\u00e3o de t\u00edtulos valeu 50,00 pontos, ainda que a soma dos valores dos t\u00edtulos apresentados fosse superior a esse valor:<\/p>\n\n\n<div class=\"wp-block-image\">\n<figure class=\"aligncenter size-full\"><img decoding=\"async\" width=\"523\" height=\"459\" src=\"https:\/\/cj.estrategia.com\/portal\/wp-content\/uploads\/2025\/03\/01102332\/image-2.png\" alt=\"\" class=\"wp-image-102079\" srcset=\"https:\/\/cj.estrategia.com\/portal\/wp-content\/uploads\/2025\/03\/01102332\/image-2.png 523w, https:\/\/cj.estrategia.com\/portal\/wp-content\/uploads\/2025\/03\/01102332\/image-2-300x263.png 300w, https:\/\/cj.estrategia.com\/portal\/wp-content\/uploads\/2025\/03\/01102332\/image-2-380x333.png 380w, https:\/\/cj.estrategia.com\/portal\/wp-content\/uploads\/2025\/03\/01102332\/image-2-150x132.png 150w\" sizes=\"(max-width: 523px) 100vw, 523px\" \/><\/figure>\n<\/div>\n\n\n<h2 class=\"wp-block-heading has-text-align-center\" id=\"h-quer-saber-tudo-sobre-concursos-previstos-confira-nossos-artigos\"><span id=\"quer-saber-tudo-sobre-concursos-previstosconfira-nossos-artigos\">Quer saber tudo sobre concursos previstos?<br><strong>Confira nossos artigos!<\/strong><\/span><\/h2>\n\n\n\n<ul class=\"wp-block-list\">\n<li><a href=\"https:\/\/cj.estrategia.com\/portal\/concursos-abertos-carreiras-juridicas\/\">Concursos jur\u00eddicos abertos<\/a><\/li>\n\n\n\n<li><a href=\"https:\/\/cj.estrategia.com\/portal\/concursos-juridicos-2026-prepare-se-para-os-proximos-editais\/\" target=\"_blank\" >Concursos Jur\u00eddicos 2026<\/a><\/li>\n\n\n\n<li><a href=\"https:\/\/cj.estrategia.com\/portal\/concursos-procuradorias\/\" target=\"_blank\" >Concursos Procuradorias<\/a><\/li>\n<\/ul>\n\n\n\n<h2 class=\"wp-block-heading has-text-align-center\" id=\"cursos\"><span id=\"quer-estudar-para-pgm-salvador-ba\">Quer estudar para PGM Salvador BA?<\/span><\/h2>\n\n\n\n<p><em>Gostou desta oportunidade e deseja come\u00e7ar se preparar agora mesmo? Ent\u00e3o, confira os nossos cursos e comece a estudar:<\/em><\/p>\n\n\n\n<div class=\"wp-block-cover\" style=\"min-height:155px;aspect-ratio:unset;\"><img decoding=\"async\" width=\"1890\" height=\"351\" class=\"wp-block-cover__image-background wp-image-8669\" alt=\"Assinaturas Jur\u00eddicas\" src=\"https:\/\/cj.estrategia.com\/portal\/wp-content\/uploads\/2022\/06\/20151253\/concurso-carreiras-juridicas-assinatura-juridica.jpg\" style=\"object-position:78% 43%\" data-object-fit=\"cover\" data-object-position=\"78% 43%\" srcset=\"https:\/\/cj.estrategia.com\/portal\/wp-content\/uploads\/2022\/06\/20151253\/concurso-carreiras-juridicas-assinatura-juridica.jpg 1890w, https:\/\/cj.estrategia.com\/portal\/wp-content\/uploads\/2022\/06\/20151253\/concurso-carreiras-juridicas-assinatura-juridica-300x56.jpg 300w, https:\/\/cj.estrategia.com\/portal\/wp-content\/uploads\/2022\/06\/20151253\/concurso-carreiras-juridicas-assinatura-juridica-1024x190.jpg 1024w, https:\/\/cj.estrategia.com\/portal\/wp-content\/uploads\/2022\/06\/20151253\/concurso-carreiras-juridicas-assinatura-juridica-768x143.jpg 768w, https:\/\/cj.estrategia.com\/portal\/wp-content\/uploads\/2022\/06\/20151253\/concurso-carreiras-juridicas-assinatura-juridica-1536x285.jpg 1536w, https:\/\/cj.estrategia.com\/portal\/wp-content\/uploads\/2022\/06\/20151253\/concurso-carreiras-juridicas-assinatura-juridica-380x71.jpg 380w, https:\/\/cj.estrategia.com\/portal\/wp-content\/uploads\/2022\/06\/20151253\/concurso-carreiras-juridicas-assinatura-juridica-800x149.jpg 800w, https:\/\/cj.estrategia.com\/portal\/wp-content\/uploads\/2022\/06\/20151253\/concurso-carreiras-juridicas-assinatura-juridica-1160x215.jpg 1160w\" sizes=\"(max-width: 1890px) 100vw, 1890px\" \/><span aria-hidden=\"true\" class=\"wp-block-cover__background has-background-dim\"><\/span><div class=\"wp-block-cover__inner-container is-layout-flow wp-block-cover-is-layout-flow\">\n<h3 id=\"faca-a-sua-assinatura\" class=\"titulo-assinatura\"><span style=\"color: #ffffff;\">Fa\u00e7a a sua assinatura!<\/span><\/h3>\n<p class=\"subtitulo-assinatura\" style=\"display:block!important; line-height: 0;\"><span style=\"color: #ffffff;\">Escolha a sua \u00e1rea.<\/span><\/p>\n<a target=\"_blank\" href=\"https:\/\/www.estrategiaconcursos.com.br\/assinaturas-ecj\/\" rel=\"noopener\"><button style=\"border-radius: 10px; text-transform: capitalize;\">Acessar<\/button><\/a>\n<\/div><\/div>\n\n\n\n<figure class=\"wp-block-image size-large is-resized\"><img decoding=\"async\" src=\"https:\/\/dhg1h5j42swfq.cloudfront.net\/2021\/04\/21143859\/ficha-tecnica-161-1024x632.png\" alt=\"concurso tjm mg ficha t\u00e9cnica\" class=\"wp-image-720407\" style=\"width:162px;height:100px\"\/><\/figure>\n\n\n\n<p><strong>Informa\u00e7\u00f5es do Concurso PGM Salvador BA<br><\/strong><br><span style=\"color: #000000;\"> \u25baVagas:<\/span> 07 [\u00faltimo edital]<br> <span style=\"color: #000000;\">\u25baCargos:<\/span> Procurador Municipal<br><span style=\"color: #000000;\"> \u25baBanca: <\/span>Cebraspe [\u00faltimo edital]<br><span style=\"color: #000000;\"> \u25baEscolaridade: n\u00edvel superior<\/span> em direito + OAB <\/p>\n\n\n\n<p>\u00daltimo edital: <a href=\"https:\/\/www.cebraspe.org.br\/concursos\/PREF_SALVADOR_15_PROCURADOR\" target=\"_blank\" >PGM Salvador BA 2015<\/a><\/p>\n","protected":false},"excerpt":{"rendered":"O \u00faltimo edital do concurso para a Procuradoria-Geral do Munic\u00edpio de Salvador foi publicado em 2015. O certame&hellip;\n","protected":false},"author":12,"featured_media":177715,"comment_status":"open","ping_status":"open","sticky":false,"template":"","format":"standard","meta":{"_jetpack_memberships_contains_paid_content":false,"footnotes":""},"categories":[1,24],"tags":[],"tax_estado":[34],"class_list":{"0":"post-102025","1":"post","2":"type-post","3":"status-publish","4":"format-standard","5":"has-post-thumbnail","7":"category-carreiras-juridicas","8":"category-procuradoria","9":"tax_estado-ba"},"acf":[],"yoast_head":"<!-- This site is optimized with the Yoast SEO Premium plugin v27.5 (Yoast SEO v27.5) - https:\/\/yoast.com\/product\/yoast-seo-premium-wordpress\/ -->\n<title>Concurso PGM Salvador BA: \u00faltimo certame foi realizado em 2015<\/title>\n<meta name=\"description\" content=\"Concurso PGM Salvador BA: \u00faltima sele\u00e7\u00e3o foi realizada em 2015 e ofertou 07 vagas para o cargo de Procurador do Munic\u00edpio!\" \/>\n<meta name=\"robots\" content=\"index, follow, max-snippet:-1, max-image-preview:large, max-video-preview:-1\" \/>\n<link rel=\"canonical\" href=\"https:\/\/cj.estrategia.com\/portal\/concurso-pgm-salvador-ba\/\" \/>\n<meta property=\"og:locale\" content=\"pt_BR\" \/>\n<meta property=\"og:type\" content=\"article\" \/>\n<meta property=\"og:title\" content=\"Concurso PGM Salvador BA: \u00faltimo certame foi realizado em 2015\" \/>\n<meta property=\"og:description\" content=\"Concurso PGM Salvador BA: \u00faltima sele\u00e7\u00e3o foi realizada em 2015 e ofertou 07 vagas para o cargo de Procurador do Munic\u00edpio!\" \/>\n<meta property=\"og:url\" content=\"https:\/\/cj.estrategia.com\/portal\/concurso-pgm-salvador-ba\/\" \/>\n<meta property=\"og:site_name\" content=\"Blog - Carreiras Jur\u00eddicas - Estrat\u00e9gia\" \/>\n<meta property=\"article:publisher\" content=\"https:\/\/www.facebook.com\/estrategiacarreirajuridica\/\" \/>\n<meta property=\"article:published_time\" content=\"2025-01-10T13:26:07+00:00\" \/>\n<meta property=\"article:modified_time\" content=\"2026-02-05T20:18:45+00:00\" \/>\n<meta property=\"og:image\" content=\"https:\/\/cj.estrategia.com\/portal\/wp-content\/uploads\/2026\/01\/04105643\/procurador.jpg\" \/>\n\t<meta property=\"og:image:width\" content=\"2459\" \/>\n\t<meta property=\"og:image:height\" content=\"1383\" \/>\n\t<meta property=\"og:image:type\" content=\"image\/jpeg\" \/>\n<meta name=\"author\" content=\"Coordena\u00e7\u00e3o\" \/>\n<meta name=\"twitter:card\" content=\"summary_large_image\" \/>\n<meta name=\"twitter:creator\" content=\"@EstratJuridica\" \/>\n<meta name=\"twitter:site\" content=\"@EstratJuridica\" \/>\n<meta name=\"twitter:label1\" content=\"Escrito por\" \/>\n\t<meta name=\"twitter:data1\" content=\"Coordena\u00e7\u00e3o\" \/>\n\t<meta name=\"twitter:label2\" content=\"Est. tempo de leitura\" \/>\n\t<meta name=\"twitter:data2\" content=\"4 minutos\" \/>\n<script type=\"application\/ld+json\" class=\"yoast-schema-graph\">{\"@context\":\"https:\\\/\\\/schema.org\",\"@graph\":[{\"@type\":\"NewsArticle\",\"@id\":\"https:\\\/\\\/cj.estrategia.com\\\/portal\\\/concurso-pgm-salvador-ba\\\/#article\",\"isPartOf\":{\"@id\":\"https:\\\/\\\/cj.estrategia.com\\\/portal\\\/concurso-pgm-salvador-ba\\\/\"},\"author\":{\"name\":\"Coordena\u00e7\u00e3o\",\"@id\":\"https:\\\/\\\/cj.estrategia.com\\\/portal\\\/#\\\/schema\\\/person\\\/4d70317d31449932b99102916b6637f5\"},\"headline\":\"Concurso PGM Salvador BA: \u00faltimo certame foi realizado em 2015\",\"datePublished\":\"2025-01-10T13:26:07+00:00\",\"dateModified\":\"2026-02-05T20:18:45+00:00\",\"mainEntityOfPage\":{\"@id\":\"https:\\\/\\\/cj.estrategia.com\\\/portal\\\/concurso-pgm-salvador-ba\\\/\"},\"wordCount\":509,\"commentCount\":0,\"publisher\":{\"@id\":\"https:\\\/\\\/cj.estrategia.com\\\/portal\\\/#organization\"},\"image\":{\"@id\":\"https:\\\/\\\/cj.estrategia.com\\\/portal\\\/concurso-pgm-salvador-ba\\\/#primaryimage\"},\"thumbnailUrl\":\"https:\\\/\\\/cj.estrategia.com\\\/portal\\\/wp-content\\\/uploads\\\/2026\\\/01\\\/04105643\\\/procurador.jpg\",\"articleSection\":[\"Carreiras Jur\u00eddicas\",\"Procuradoria\"],\"inLanguage\":\"pt-BR\",\"potentialAction\":[{\"@type\":\"CommentAction\",\"name\":\"Comment\",\"target\":[\"https:\\\/\\\/cj.estrategia.com\\\/portal\\\/concurso-pgm-salvador-ba\\\/#respond\"]}],\"accessibilityFeature\":[\"tableOfContents\"]},{\"@type\":\"WebPage\",\"@id\":\"https:\\\/\\\/cj.estrategia.com\\\/portal\\\/concurso-pgm-salvador-ba\\\/\",\"url\":\"https:\\\/\\\/cj.estrategia.com\\\/portal\\\/concurso-pgm-salvador-ba\\\/\",\"name\":\"Concurso PGM Salvador BA: \u00faltimo certame foi realizado em 2015\",\"isPartOf\":{\"@id\":\"https:\\\/\\\/cj.estrategia.com\\\/portal\\\/#website\"},\"primaryImageOfPage\":{\"@id\":\"https:\\\/\\\/cj.estrategia.com\\\/portal\\\/concurso-pgm-salvador-ba\\\/#primaryimage\"},\"image\":{\"@id\":\"https:\\\/\\\/cj.estrategia.com\\\/portal\\\/concurso-pgm-salvador-ba\\\/#primaryimage\"},\"thumbnailUrl\":\"https:\\\/\\\/cj.estrategia.com\\\/portal\\\/wp-content\\\/uploads\\\/2026\\\/01\\\/04105643\\\/procurador.jpg\",\"datePublished\":\"2025-01-10T13:26:07+00:00\",\"dateModified\":\"2026-02-05T20:18:45+00:00\",\"description\":\"Concurso PGM Salvador BA: \u00faltima sele\u00e7\u00e3o foi realizada em 2015 e ofertou 07 vagas para o cargo de Procurador do Munic\u00edpio!\",\"breadcrumb\":{\"@id\":\"https:\\\/\\\/cj.estrategia.com\\\/portal\\\/concurso-pgm-salvador-ba\\\/#breadcrumb\"},\"inLanguage\":\"pt-BR\",\"potentialAction\":[{\"@type\":\"ReadAction\",\"target\":[\"https:\\\/\\\/cj.estrategia.com\\\/portal\\\/concurso-pgm-salvador-ba\\\/\"]}]},{\"@type\":\"ImageObject\",\"inLanguage\":\"pt-BR\",\"@id\":\"https:\\\/\\\/cj.estrategia.com\\\/portal\\\/concurso-pgm-salvador-ba\\\/#primaryimage\",\"url\":\"https:\\\/\\\/cj.estrategia.com\\\/portal\\\/wp-content\\\/uploads\\\/2026\\\/01\\\/04105643\\\/procurador.jpg\",\"contentUrl\":\"https:\\\/\\\/cj.estrategia.com\\\/portal\\\/wp-content\\\/uploads\\\/2026\\\/01\\\/04105643\\\/procurador.jpg\",\"width\":2459,\"height\":1383},{\"@type\":\"BreadcrumbList\",\"@id\":\"https:\\\/\\\/cj.estrategia.com\\\/portal\\\/concurso-pgm-salvador-ba\\\/#breadcrumb\",\"itemListElement\":[{\"@type\":\"ListItem\",\"position\":1,\"name\":\"In\u00edcio\",\"item\":\"https:\\\/\\\/cj.estrategia.com\\\/portal\\\/\"},{\"@type\":\"ListItem\",\"position\":2,\"name\":\"Concurso PGM Salvador BA: \u00faltimo certame foi realizado em 2015\"}]},{\"@type\":\"WebSite\",\"@id\":\"https:\\\/\\\/cj.estrategia.com\\\/portal\\\/#website\",\"url\":\"https:\\\/\\\/cj.estrategia.com\\\/portal\\\/\",\"name\":\"Blog - Carreiras Jur\u00eddicas - Estrat\u00e9gia\",\"description\":\"\",\"publisher\":{\"@id\":\"https:\\\/\\\/cj.estrategia.com\\\/portal\\\/#organization\"},\"potentialAction\":[{\"@type\":\"SearchAction\",\"target\":{\"@type\":\"EntryPoint\",\"urlTemplate\":\"https:\\\/\\\/cj.estrategia.com\\\/portal\\\/?s={search_term_string}\"},\"query-input\":{\"@type\":\"PropertyValueSpecification\",\"valueRequired\":true,\"valueName\":\"search_term_string\"}}],\"inLanguage\":\"pt-BR\"},{\"@type\":\"Organization\",\"@id\":\"https:\\\/\\\/cj.estrategia.com\\\/portal\\\/#organization\",\"name\":\"Estrat\u00e9gia - Carreiras Jur\u00eddicas\",\"url\":\"https:\\\/\\\/cj.estrategia.com\\\/portal\\\/\",\"logo\":{\"@type\":\"ImageObject\",\"inLanguage\":\"pt-BR\",\"@id\":\"https:\\\/\\\/cj.estrategia.com\\\/portal\\\/#\\\/schema\\\/logo\\\/image\\\/\",\"url\":\"https:\\\/\\\/cj.estrategia.com\\\/portal\\\/wp-content\\\/uploads\\\/2022\\\/03\\\/11151052\\\/cj-logo.png\",\"contentUrl\":\"https:\\\/\\\/cj.estrategia.com\\\/portal\\\/wp-content\\\/uploads\\\/2022\\\/03\\\/11151052\\\/cj-logo.png\",\"width\":150,\"height\":39,\"caption\":\"Estrat\u00e9gia - Carreiras Jur\u00eddicas\"},\"image\":{\"@id\":\"https:\\\/\\\/cj.estrategia.com\\\/portal\\\/#\\\/schema\\\/logo\\\/image\\\/\"},\"sameAs\":[\"https:\\\/\\\/www.facebook.com\\\/estrategiacarreirajuridica\\\/\",\"https:\\\/\\\/x.com\\\/EstratJuridica\",\"https:\\\/\\\/www.instagram.com\\\/estrategiacarreirajuridica\\\/\",\"https:\\\/\\\/www.youtube.com\\\/channel\\\/UClbMGuYbj2Mh1m3w144ETWQ\"]},{\"@type\":\"Person\",\"@id\":\"https:\\\/\\\/cj.estrategia.com\\\/portal\\\/#\\\/schema\\\/person\\\/4d70317d31449932b99102916b6637f5\",\"name\":\"Coordena\u00e7\u00e3o\",\"image\":{\"@type\":\"ImageObject\",\"inLanguage\":\"pt-BR\",\"@id\":\"https:\\\/\\\/cj.estrategia.com\\\/portal\\\/wp-content\\\/uploads\\\/2022\\\/05\\\/12164923\\\/estrategia-carreira-juridica-coordenacao-96x96.png\",\"url\":\"https:\\\/\\\/cj.estrategia.com\\\/portal\\\/wp-content\\\/uploads\\\/2022\\\/05\\\/12164923\\\/estrategia-carreira-juridica-coordenacao-96x96.png\",\"contentUrl\":\"https:\\\/\\\/cj.estrategia.com\\\/portal\\\/wp-content\\\/uploads\\\/2022\\\/05\\\/12164923\\\/estrategia-carreira-juridica-coordenacao-96x96.png\",\"caption\":\"Coordena\u00e7\u00e3o\"},\"url\":\"https:\\\/\\\/cj.estrategia.com\\\/portal\\\/author\\\/coordenacao\\\/\"}]}<\/script>\n<!-- \/ Yoast SEO Premium plugin. -->","yoast_head_json":{"title":"Concurso PGM Salvador BA: \u00faltimo certame foi realizado em 2015","description":"Concurso PGM Salvador BA: \u00faltima sele\u00e7\u00e3o foi realizada em 2015 e ofertou 07 vagas para o cargo de Procurador do Munic\u00edpio!","robots":{"index":"index","follow":"follow","max-snippet":"max-snippet:-1","max-image-preview":"max-image-preview:large","max-video-preview":"max-video-preview:-1"},"canonical":"https:\/\/cj.estrategia.com\/portal\/concurso-pgm-salvador-ba\/","og_locale":"pt_BR","og_type":"article","og_title":"Concurso PGM Salvador BA: \u00faltimo certame foi realizado em 2015","og_description":"Concurso PGM Salvador BA: \u00faltima sele\u00e7\u00e3o foi realizada em 2015 e ofertou 07 vagas para o cargo de Procurador do Munic\u00edpio!","og_url":"https:\/\/cj.estrategia.com\/portal\/concurso-pgm-salvador-ba\/","og_site_name":"Blog - Carreiras Jur\u00eddicas - Estrat\u00e9gia","article_publisher":"https:\/\/www.facebook.com\/estrategiacarreirajuridica\/","article_published_time":"2025-01-10T13:26:07+00:00","article_modified_time":"2026-02-05T20:18:45+00:00","og_image":[{"width":2459,"height":1383,"url":"https:\/\/cj.estrategia.com\/portal\/wp-content\/uploads\/2026\/01\/04105643\/procurador.jpg","type":"image\/jpeg"}],"author":"Coordena\u00e7\u00e3o","twitter_card":"summary_large_image","twitter_creator":"@EstratJuridica","twitter_site":"@EstratJuridica","twitter_misc":{"Escrito por":"Coordena\u00e7\u00e3o","Est. tempo de leitura":"4 minutos"},"schema":{"@context":"https:\/\/schema.org","@graph":[{"@type":"NewsArticle","@id":"https:\/\/cj.estrategia.com\/portal\/concurso-pgm-salvador-ba\/#article","isPartOf":{"@id":"https:\/\/cj.estrategia.com\/portal\/concurso-pgm-salvador-ba\/"},"author":{"name":"Coordena\u00e7\u00e3o","@id":"https:\/\/cj.estrategia.com\/portal\/#\/schema\/person\/4d70317d31449932b99102916b6637f5"},"headline":"Concurso PGM Salvador BA: \u00faltimo certame foi realizado em 2015","datePublished":"2025-01-10T13:26:07+00:00","dateModified":"2026-02-05T20:18:45+00:00","mainEntityOfPage":{"@id":"https:\/\/cj.estrategia.com\/portal\/concurso-pgm-salvador-ba\/"},"wordCount":509,"commentCount":0,"publisher":{"@id":"https:\/\/cj.estrategia.com\/portal\/#organization"},"image":{"@id":"https:\/\/cj.estrategia.com\/portal\/concurso-pgm-salvador-ba\/#primaryimage"},"thumbnailUrl":"https:\/\/cj.estrategia.com\/portal\/wp-content\/uploads\/2026\/01\/04105643\/procurador.jpg","articleSection":["Carreiras Jur\u00eddicas","Procuradoria"],"inLanguage":"pt-BR","potentialAction":[{"@type":"CommentAction","name":"Comment","target":["https:\/\/cj.estrategia.com\/portal\/concurso-pgm-salvador-ba\/#respond"]}],"accessibilityFeature":["tableOfContents"]},{"@type":"WebPage","@id":"https:\/\/cj.estrategia.com\/portal\/concurso-pgm-salvador-ba\/","url":"https:\/\/cj.estrategia.com\/portal\/concurso-pgm-salvador-ba\/","name":"Concurso PGM Salvador BA: \u00faltimo certame foi realizado em 2015","isPartOf":{"@id":"https:\/\/cj.estrategia.com\/portal\/#website"},"primaryImageOfPage":{"@id":"https:\/\/cj.estrategia.com\/portal\/concurso-pgm-salvador-ba\/#primaryimage"},"image":{"@id":"https:\/\/cj.estrategia.com\/portal\/concurso-pgm-salvador-ba\/#primaryimage"},"thumbnailUrl":"https:\/\/cj.estrategia.com\/portal\/wp-content\/uploads\/2026\/01\/04105643\/procurador.jpg","datePublished":"2025-01-10T13:26:07+00:00","dateModified":"2026-02-05T20:18:45+00:00","description":"Concurso PGM Salvador BA: \u00faltima sele\u00e7\u00e3o foi realizada em 2015 e ofertou 07 vagas para o cargo de Procurador do Munic\u00edpio!","breadcrumb":{"@id":"https:\/\/cj.estrategia.com\/portal\/concurso-pgm-salvador-ba\/#breadcrumb"},"inLanguage":"pt-BR","potentialAction":[{"@type":"ReadAction","target":["https:\/\/cj.estrategia.com\/portal\/concurso-pgm-salvador-ba\/"]}]},{"@type":"ImageObject","inLanguage":"pt-BR","@id":"https:\/\/cj.estrategia.com\/portal\/concurso-pgm-salvador-ba\/#primaryimage","url":"https:\/\/cj.estrategia.com\/portal\/wp-content\/uploads\/2026\/01\/04105643\/procurador.jpg","contentUrl":"https:\/\/cj.estrategia.com\/portal\/wp-content\/uploads\/2026\/01\/04105643\/procurador.jpg","width":2459,"height":1383},{"@type":"BreadcrumbList","@id":"https:\/\/cj.estrategia.com\/portal\/concurso-pgm-salvador-ba\/#breadcrumb","itemListElement":[{"@type":"ListItem","position":1,"name":"In\u00edcio","item":"https:\/\/cj.estrategia.com\/portal\/"},{"@type":"ListItem","position":2,"name":"Concurso PGM Salvador BA: \u00faltimo certame foi realizado em 2015"}]},{"@type":"WebSite","@id":"https:\/\/cj.estrategia.com\/portal\/#website","url":"https:\/\/cj.estrategia.com\/portal\/","name":"Blog - Carreiras Jur\u00eddicas - Estrat\u00e9gia","description":"","publisher":{"@id":"https:\/\/cj.estrategia.com\/portal\/#organization"},"potentialAction":[{"@type":"SearchAction","target":{"@type":"EntryPoint","urlTemplate":"https:\/\/cj.estrategia.com\/portal\/?s={search_term_string}"},"query-input":{"@type":"PropertyValueSpecification","valueRequired":true,"valueName":"search_term_string"}}],"inLanguage":"pt-BR"},{"@type":"Organization","@id":"https:\/\/cj.estrategia.com\/portal\/#organization","name":"Estrat\u00e9gia - Carreiras Jur\u00eddicas","url":"https:\/\/cj.estrategia.com\/portal\/","logo":{"@type":"ImageObject","inLanguage":"pt-BR","@id":"https:\/\/cj.estrategia.com\/portal\/#\/schema\/logo\/image\/","url":"https:\/\/cj.estrategia.com\/portal\/wp-content\/uploads\/2022\/03\/11151052\/cj-logo.png","contentUrl":"https:\/\/cj.estrategia.com\/portal\/wp-content\/uploads\/2022\/03\/11151052\/cj-logo.png","width":150,"height":39,"caption":"Estrat\u00e9gia - Carreiras Jur\u00eddicas"},"image":{"@id":"https:\/\/cj.estrategia.com\/portal\/#\/schema\/logo\/image\/"},"sameAs":["https:\/\/www.facebook.com\/estrategiacarreirajuridica\/","https:\/\/x.com\/EstratJuridica","https:\/\/www.instagram.com\/estrategiacarreirajuridica\/","https:\/\/www.youtube.com\/channel\/UClbMGuYbj2Mh1m3w144ETWQ"]},{"@type":"Person","@id":"https:\/\/cj.estrategia.com\/portal\/#\/schema\/person\/4d70317d31449932b99102916b6637f5","name":"Coordena\u00e7\u00e3o","image":{"@type":"ImageObject","inLanguage":"pt-BR","@id":"https:\/\/cj.estrategia.com\/portal\/wp-content\/uploads\/2022\/05\/12164923\/estrategia-carreira-juridica-coordenacao-96x96.png","url":"https:\/\/cj.estrategia.com\/portal\/wp-content\/uploads\/2022\/05\/12164923\/estrategia-carreira-juridica-coordenacao-96x96.png","contentUrl":"https:\/\/cj.estrategia.com\/portal\/wp-content\/uploads\/2022\/05\/12164923\/estrategia-carreira-juridica-coordenacao-96x96.png","caption":"Coordena\u00e7\u00e3o"},"url":"https:\/\/cj.estrategia.com\/portal\/author\/coordenacao\/"}]}},"jetpack_featured_media_url":"https:\/\/cj.estrategia.com\/portal\/wp-content\/uploads\/2026\/01\/04105643\/procurador.jpg","jetpack_sharing_enabled":true,"_links":{"self":[{"href":"https:\/\/cj.estrategia.com\/portal\/wp-json\/wp\/v2\/posts\/102025","targetHints":{"allow":["GET"]}}],"collection":[{"href":"https:\/\/cj.estrategia.com\/portal\/wp-json\/wp\/v2\/posts"}],"about":[{"href":"https:\/\/cj.estrategia.com\/portal\/wp-json\/wp\/v2\/types\/post"}],"author":[{"embeddable":true,"href":"https:\/\/cj.estrategia.com\/portal\/wp-json\/wp\/v2\/users\/12"}],"replies":[{"embeddable":true,"href":"https:\/\/cj.estrategia.com\/portal\/wp-json\/wp\/v2\/comments?post=102025"}],"version-history":[{"count":0,"href":"https:\/\/cj.estrategia.com\/portal\/wp-json\/wp\/v2\/posts\/102025\/revisions"}],"wp:featuredmedia":[{"embeddable":true,"href":"https:\/\/cj.estrategia.com\/portal\/wp-json\/wp\/v2\/media\/177715"}],"wp:attachment":[{"href":"https:\/\/cj.estrategia.com\/portal\/wp-json\/wp\/v2\/media?parent=102025"}],"wp:term":[{"taxonomy":"category","embeddable":true,"href":"https:\/\/cj.estrategia.com\/portal\/wp-json\/wp\/v2\/categories?post=102025"},{"taxonomy":"post_tag","embeddable":true,"href":"https:\/\/cj.estrategia.com\/portal\/wp-json\/wp\/v2\/tags?post=102025"},{"taxonomy":"tax_estado","embeddable":true,"href":"https:\/\/cj.estrategia.com\/portal\/wp-json\/wp\/v2\/tax_estado?post=102025"}],"curies":[{"name":"wp","href":"https:\/\/api.w.org\/{rel}","templated":true}]}}