{"id":101624,"date":"2025-02-27T18:00:34","date_gmt":"2025-02-27T21:00:34","guid":{"rendered":"https:\/\/cj.estrategia.com\/portal\/?p=101624"},"modified":"2025-03-05T12:57:17","modified_gmt":"2025-03-05T15:57:17","slug":"estagiaria-justica-federal-vazamento-informacoes-pcc","status":"publish","type":"post","link":"https:\/\/cj.estrategia.com\/portal\/estagiaria-justica-federal-vazamento-informacoes-pcc\/","title":{"rendered":"Estagi\u00e1ria da Justi\u00e7a Federal presa por vazar informa\u00e7\u00f5es para por vazar informa\u00e7\u00f5es para o PCC"},"content":{"rendered":"\n<p><em>Estagi\u00e1ria da Justi\u00e7a Federal \u00e9 suspeita de vazar informa\u00e7\u00f5es sigilosas ao PCC. Investiga\u00e7\u00e3o aponta poss\u00edveis liga\u00e7\u00f5es com a fac\u00e7\u00e3o criminosa e uso indevido de dados internos.<\/em><\/p>\n\n\n\n<figure class=\"wp-block-image\"><img decoding=\"async\" src=\"https:\/\/lh7-rt.googleusercontent.com\/docsz\/AD_4nXdKWyg6PJJ2Y_8OuNwtj9kdbTDQzeiS5l8UU33TkD1txqd2OR48EE8CdRq5p_oGERq8XaNkCGDJJOFQ98uDoEy1viIft9lUMV6-6LdB5UpuXSylCbuhKKWh96pl-ydUP00vKpsdszipI9tqWmWsecU?key=JEbGGNdFlIV9jAuEE_Tj8KzQ\" alt=\"Estagi\u00e1ria da Justi\u00e7a Federal\"\/><\/figure>\n\n\n\n<p><strong>* Thiago de Paula Leite \u00e9 procurador do Estado de S\u00e3o Paulo e professor de direito ambiental e agr\u00e1rio do Estrat\u00e9gia.<\/strong><\/p>\n\n\n\n<h2 class=\"wp-block-heading\" id=\"h-entenda-o-que-aconteceu\" style=\"font-style:normal;font-weight:400\"><span id=\"entenda-o-que-aconteceu\"><strong>Entenda o que aconteceu<\/strong><\/span><\/h2>\n\n\n\n<p>Uma estagi\u00e1ria da Justi\u00e7a Federal foi presa pela Pol\u00edcia Civil de Santa Catarina por ter acessado o sistema federal, ao menos tr\u00eas vezes, e repassado informa\u00e7\u00f5es para membros do PCC. A estudante universit\u00e1ria, de 23 anos, cursa o 8\u00ba semestre de direito em uma universidade privada.<\/p>\n\n\n\n<p>Os agentes da Delegacia de Repress\u00e3o ao Crime Organizado \u2013 DRACO \u2013 tamb\u00e9m apreenderam dois computadores e dois aparelhos celulares, que ser\u00e3o periciados para auxiliar no decorrer das investiga\u00e7\u00f5es.<\/p>\n\n\n\n<p>As investiga\u00e7\u00f5es apuraram que a estagi\u00e1ria acessou, sem autoriza\u00e7\u00e3o, processos sigilosos de tr\u00eas delegacias especializadas em investiga\u00e7\u00f5es do tr\u00e1fico de drogas e organiza\u00e7\u00f5es criminosas, envolvendo pessoas associadas a fac\u00e7\u00f5es criminosas.<\/p>\n\n\n\n<p>A Pol\u00edcia Civil chegou \u00e0 estagi\u00e1ria por meio de equipamentos eletr\u00f4nicos e documentos apreendidos em posse de outra estagi\u00e1ria, presa em agosto de 2024.<\/p>\n\n\n\n<p>Em nota, a Justi\u00e7a Federal informou que:<\/p>\n\n\n\n<div class=\"wp-block-group is-style-cnvs-block-bg-light has-background\" style=\"background-color:#8dd2fc4f\"><div class=\"wp-block-group__inner-container is-layout-constrained wp-block-group-is-layout-constrained\">\n<p>\u201c<em>o perfil de usu\u00e1rio afeto a estagi\u00e1rios n\u00e3o permite o acesso a processos sigilosos, tais como opera\u00e7\u00f5es policiais em curso; n\u00e3o obstante, foi bloqueado o acesso da investigada a todos os sistemas da institui\u00e7\u00e3o, bem como determinada a suspens\u00e3o cautelar do contrato de est\u00e1gio<\/em>\u201d, e que a Justi\u00e7a Federal de Santa Catarina \u201c<em>encontra-se \u00e0 disposi\u00e7\u00e3o da autoridade policial para colaborar com as investiga\u00e7\u00f5es, sem preju\u00edzo das apura\u00e7\u00f5es administrativas cab\u00edveis<\/em>\u201d.<\/p>\n<\/div><\/div>\n\n\n\n<p>Segundo a pol\u00edcia, a estagi\u00e1ria da Justi\u00e7a Federal deve responder por <strong>associa\u00e7\u00e3o ao tr\u00e1fico, organiza\u00e7\u00e3o criminosa e viola\u00e7\u00e3o de sigilo funcional<\/strong>.<\/p>\n\n\n\n<h2 class=\"wp-block-heading\" id=\"h-relembre-o-caso-nbsp\" style=\"font-style:normal;font-weight:400\"><span id=\"relembre-o-caso\"><strong>Relembre o caso&nbsp;<\/strong><\/span><\/h2>\n\n\n\n<p>A Pol\u00edcia Civil descobriu, em agosto de 2024, que uma estagi\u00e1ria da vara de fam\u00edlia de Florian\u00f3polis estava vazando informa\u00e7\u00f5es sigilosas para criminosos faccionados alvos da \u201c<em>Opera\u00e7\u00e3o Tio Patinhas<\/em>\u201d, em combate ao tr\u00e1fico de drogas.&nbsp;<\/p>\n\n\n\n<p>Os esfor\u00e7os das for\u00e7as policiais resultaram na expedi\u00e7\u00e3o de mais de 70 ordens judiciais (mandados de busca e apreens\u00e3o, sequestro de bens e valores), mas a opera\u00e7\u00e3o restou gravemente comprometida em decorr\u00eancia do vazamento das informa\u00e7\u00f5es para os criminosos.<\/p>\n\n\n\n<p>As informa\u00e7\u00f5es passadas pela estagi\u00e1ria da vara da fam\u00edlia acabaram facilitando a fuga de v\u00e1rios suspeitos. Suspeita-se que ela teve ajuda de advogados tamb\u00e9m ligados \u00e0 organiza\u00e7\u00e3o criminosa.<\/p>\n\n\n\n<div class=\"wp-block-group is-style-cnvs-block-bg-light has-background\" style=\"background-color:#8dd2fc4f\"><div class=\"wp-block-group__inner-container is-layout-constrained wp-block-group-is-layout-constrained\">\n<p><strong>A estagi\u00e1ria, que \u00e0 \u00e9poca cursava o 7\u00ba per\u00edodo de direito, foi respons\u00e1vel por desmanchar 90% da Opera\u00e7\u00e3o Tio Patinhas<\/strong><\/p>\n<\/div><\/div>\n\n\n\n<p>O delegado do caso, Ant\u00f4nio Cl\u00e1udio Seixas Joca, ressaltou que eram 45 investigados na opera\u00e7\u00e3o, mas, durante o cumprimento dos mandados, apenas cinco foram localizados nos endere\u00e7os, e tudo isso por causa das informa\u00e7\u00f5es vazadas, j\u00e1 que a estudante havia acesso informa\u00e7\u00f5es relevantes no fim de semana anterior ao da deflagra\u00e7\u00e3o da opera\u00e7\u00e3o.<\/p>\n\n\n\n<p>A <mark style=\"background-color:#fff5c9\" class=\"has-inline-color has-black-color\"><strong>Opera\u00e7\u00e3o Tio Patinhas<\/strong> <\/mark>\u00e9 fruto de uma investiga\u00e7\u00e3o que mira um grupo especializado em tr\u00e1fico de drogas, lavagem de dinheiro e venda de armas, e que tinha como clientes figuras muito ricas do Estado.&nbsp;<\/p>\n\n\n\n<p>Na primeira etapa da Opera\u00e7\u00e3o, duas pessoas foram detidas, e na segunda, cinco pessoas foram presas em flagrante por tr\u00e1fico de drogas e 6kg de drogas foram apreendidos.<\/p>\n\n\n\n<h2 class=\"wp-block-heading\" id=\"h-analise-juridica\" style=\"font-style:normal;font-weight:400\"><span id=\"analise-juridica\"><strong>An\u00e1lise Jur\u00eddica<\/strong><\/span><\/h2>\n\n\n\n<p>A estagi\u00e1ria da Justi\u00e7a Federal, presa recentemente, vai responder pelos seguintes crimes:<\/p>\n\n\n\n<div class=\"wp-block-group is-style-cnvs-block-bordered has-background\" style=\"background-color:#8dd2fc4f\"><div class=\"wp-block-group__inner-container is-layout-constrained wp-block-group-is-layout-constrained\">\n<ul class=\"wp-block-list\">\n<li><strong>Associa\u00e7\u00e3o ao tr\u00e1fico;<\/strong><\/li>\n\n\n\n<li><strong>Organiza\u00e7\u00e3o criminosa; e&nbsp;<\/strong><\/li>\n\n\n\n<li><strong>Viola\u00e7\u00e3o de sigilo funcional<\/strong>.<\/li>\n<\/ul>\n<\/div><\/div>\n\n\n\n<p>Vejamos cada um dos crimes em detalhes.<\/p>\n\n\n\n<h2 class=\"wp-block-heading\" id=\"h-associacao-ao-trafico\" style=\"font-style:normal;font-weight:400\"><span id=\"associacao-ao-trafico\"><strong>Associa\u00e7\u00e3o ao Tr\u00e1fico<\/strong><\/span><\/h2>\n\n\n\n<p>O tipo fundamental do crime de associa\u00e7\u00e3o para o tr\u00e1fico de drogas est\u00e1 previsto no art. 35, da Lei 11.343\/06.<\/p>\n\n\n\n<pre class=\"wp-block-preformatted\"><strong>Art. 35. Associarem-se duas ou mais pessoas para o fim de praticar, reiteradamente ou n\u00e3o, qualquer dos crimes previstos nos arts. 33, caput e \u00a7 1\u00ba, e 34 desta Lei:<\/strong><br><br><strong>Pena - reclus\u00e3o, de 3 (tr\u00eas) a 10 (dez) anos, e pagamento de 700 (setecentos) a 1.200 (mil e duzentos) dias-multa.<\/strong><br><br><strong>Par\u00e1grafo \u00fanico. Nas mesmas penas do caput deste artigo incorre quem se associa para a pr\u00e1tica reiterada do crime definido no art. 36 desta Lei.<\/strong><\/pre>\n\n\n\n<div class=\"wp-block-group is-style-cnvs-block-bordered\"><div class=\"wp-block-group__inner-container is-layout-constrained wp-block-group-is-layout-constrained\">\n<ul class=\"wp-block-list is-style-cnvs-list-styled-positive\">\n<li>Segundo o STJ (AgRg no HC 509521), para a caracteriza\u00e7\u00e3o do crime de associa\u00e7\u00e3o para o tr\u00e1fico \u00e9 imprescind\u00edvel o dolo de se associar com <strong>estabilidade<\/strong> e <strong>perman\u00eancia<\/strong>, sendo que a reuni\u00e3o ocasional de duas ou mais pessoas n\u00e3o se subsume ao tipo penal.<\/li>\n<\/ul>\n<\/div><\/div>\n\n\n\n<div class=\"wp-block-group is-style-cnvs-block-bordered\"><div class=\"wp-block-group__inner-container is-layout-constrained wp-block-group-is-layout-constrained\">\n<ul class=\"wp-block-list is-style-cnvs-list-styled-positive\">\n<li>Segundo o STJ (RHC 93498), para a configura\u00e7\u00e3o do crime de associa\u00e7\u00e3o para o tr\u00e1fico de drogas ou mesmo do delito de organiza\u00e7\u00e3o criminosa voltada para o narcotr\u00e1fico \u00e9 irrelevante o fato de o r\u00e9u estar ou n\u00e3o na posse direta da droga. Mostra-se suficiente, portanto, que o agente haja concorrido, de alguma forma, para a pr\u00e1tica do delito.<\/li>\n<\/ul>\n<\/div><\/div>\n\n\n\n<div class=\"wp-block-group is-style-cnvs-block-bordered\"><div class=\"wp-block-group__inner-container is-layout-constrained wp-block-group-is-layout-constrained\">\n<ul class=\"wp-block-list is-style-cnvs-list-styled-positive\">\n<li>Segundo o STJ, a configura\u00e7\u00e3o do crime de associa\u00e7\u00e3o para o tr\u00e1fico \u00e9 suficiente para afastar a aplica\u00e7\u00e3o da causa especial de diminui\u00e7\u00e3o de pena contida no \u00a7 4\u00ba, do art. 33, na medida em que evidencia a dedica\u00e7\u00e3o do agente \u00e0 atividade criminosa.<\/li>\n<\/ul>\n<\/div><\/div>\n\n\n\n<div class=\"wp-block-group is-style-cnvs-block-bordered\"><div class=\"wp-block-group__inner-container is-layout-constrained wp-block-group-is-layout-constrained\">\n<ul class=\"wp-block-list is-style-cnvs-list-styled-positive\">\n<li>Segundo o STJ (HC 537943), o crime de associa\u00e7\u00e3o para o tr\u00e1fico n\u00e3o \u00e9 equiparado a hediondo, uma vez que n\u00e3o est\u00e1 expressamente elencado no rol taxativo do art. 2\u00ba, da Lei n.\u00ba 8.072\/1990.&nbsp;<\/li>\n<\/ul>\n<\/div><\/div>\n\n\n\n<div class=\"wp-block-group is-style-cnvs-block-bordered\"><div class=\"wp-block-group__inner-container is-layout-constrained wp-block-group-is-layout-constrained\">\n<ul class=\"wp-block-list is-style-cnvs-list-styled-positive\">\n<li>Segundo o STJ (AgRg no HC 685282), deve ser aplicado o princ\u00edpio da especialidade, com ado\u00e7\u00e3o da expressa previs\u00e3o legal contida no par\u00e1grafo \u00fanico, do artigo 44, da Lei n. 11.343\/06, que exige o cumprimento de 2\/3 da pena para o deferimento do benef\u00edcio do livramento condicional para o crime de associa\u00e7\u00e3o para o tr\u00e1fico de drogas.<\/li>\n<\/ul>\n<\/div><\/div>\n\n\n\n<h2 class=\"wp-block-heading\" id=\"h-organizacao-criminosa\" style=\"font-style:normal;font-weight:400\"><span id=\"organizacao-criminosa\"><strong>Organiza\u00e7\u00e3o Criminosa<\/strong><\/span><\/h2>\n\n\n\n<p>O tipo fundamental do crime de organiza\u00e7\u00e3o criminosa est\u00e1 previsto no art. 2\u00ba, da Lei 12.850\/13.<\/p>\n\n\n\n<pre class=\"wp-block-preformatted\"><strong>Art. 2\u00ba Promover, constituir, financiar ou integrar, pessoalmente ou por interposta pessoa, organiza\u00e7\u00e3o criminosa:<\/strong><br><br><strong>Pena - reclus\u00e3o, de 3 (tr\u00eas) a 8 (oito) anos, e multa, sem preju\u00edzo das penas correspondentes \u00e0s demais infra\u00e7\u00f5es penais praticadas.<\/strong><\/pre>\n\n\n\n<p>N\u00e3o confundir associa\u00e7\u00e3o criminosa com organiza\u00e7\u00e3o criminosa.<\/p>\n\n\n\n<figure class=\"wp-block-table\"><table class=\"has-fixed-layout\"><tbody><tr><td><strong>Associa\u00e7\u00e3o criminosa<\/strong><\/td><td><strong>Organiza\u00e7\u00e3o criminosa<\/strong><\/td><\/tr><tr><td><strong>C\u00f3digo Penal (art. 288)<\/strong><\/td><td><strong>Lei n\u00ba 12.850\/2013<\/strong><\/td><\/tr><tr><td><strong>3 ou mais pessoas<\/strong><\/td><td><strong>4 ou mais pessoas<\/strong><\/td><\/tr><tr><td><strong>A associa\u00e7\u00e3o deve ter a finalidade espec\u00edfica de cometer crimes<\/strong><\/td><td><strong>* Estrutura ordenada;<\/strong><strong>* Divis\u00e3o de tarefas, ainda que informalmente;<\/strong><strong>* Objetivo de obter, direta ou indiretamente, vantagem mediante a pr\u00e1tica de infra\u00e7\u00f5es penais com penas m\u00e1ximas superiores a 4 anos, ou que sejam de car\u00e1ter transnacional.<\/strong><\/td><\/tr><\/tbody><\/table><\/figure>\n\n\n\n<h2 class=\"wp-block-heading\" id=\"h-violacao-de-sigilo-funcional\" style=\"font-style:normal;font-weight:400\"><span id=\"violacao-de-sigilo-funcional\"><strong>Viola\u00e7\u00e3o de Sigilo Funcional<\/strong><\/span><\/h2>\n\n\n\n<p>O tipo fundamental do crime de viola\u00e7\u00e3o de sigilo funcional est\u00e1 previsto no art. 325, do c\u00f3digo penal.<\/p>\n\n\n\n<pre class=\"wp-block-preformatted\"><strong>Art. 325 - Revelar fato de que tem ci\u00eancia em raz\u00e3o do cargo e que deva permanecer em segredo, ou facilitar-lhe a revela\u00e7\u00e3o:<\/strong><br><br><strong>Pena - deten\u00e7\u00e3o, de seis meses a dois anos, ou multa, se o fato n\u00e3o constitui crime mais grave.<\/strong><br><br><strong>\u00a7 1o Nas mesmas penas deste artigo incorre quem:&nbsp;<\/strong><br><br><strong>I \u2013 permite ou facilita, mediante atribui\u00e7\u00e3o, fornecimento e empr\u00e9stimo de senha ou qualquer outra forma, o acesso de pessoas n\u00e3o autorizadas a sistemas de informa\u00e7\u00f5es ou banco de dados da Administra\u00e7\u00e3o P\u00fablica;&nbsp;<\/strong><br><br><strong>II \u2013 se utiliza, indevidamente, do acesso restrito.&nbsp;<\/strong><br><br><strong>\u00a7 2o Se da a\u00e7\u00e3o ou omiss\u00e3o resulta dano \u00e0 Administra\u00e7\u00e3o P\u00fablica ou a outrem:&nbsp;<\/strong><br><br><strong>Pena \u2013 reclus\u00e3o, de 2 (dois) a 6 (seis) anos, e multa.&nbsp;<\/strong><\/pre>\n\n\n\n<p>A conduta criminosa pode ocorrer de <strong>duas formas:<\/strong><\/p>\n\n\n\n<ul class=\"wp-block-list\"><\/ul>\n\n\n\n<ol class=\"wp-block-list is-style-cnvs-list-styled-positive\">\n<li><strong>Revelar diretamente a informa\u00e7\u00e3o sigilosa<\/strong><\/li>\n\n\n\n<li><strong>Facilitar que outros tenham acesso ao segredo<\/strong><\/li>\n<\/ol>\n\n\n\n<p>O crime ocorre quando a informa\u00e7\u00e3o sigilosa \u00e9 divulgada ou quando se criam condi\u00e7\u00f5es para sua divulga\u00e7\u00e3o, mesmo sem preju\u00edzo \u00e0 Administra\u00e7\u00e3o P\u00fablica.<\/p>\n\n\n\n<ul class=\"wp-block-list\"><\/ul>\n\n\n\n<h2 class=\"wp-block-heading\" id=\"h-conclusao-estagiaria-da-justica-federal\" style=\"font-style:normal;font-weight:400\"><span id=\"conclusao-estagiaria-da-justica-federal\"><strong>Conclus\u00e3o<\/strong><mark style=\"background-color:rgba(0, 0, 0, 0)\" class=\"has-inline-color has-white-color\"> &#8211; Estagi\u00e1ria da Justi\u00e7a Federal<\/mark><\/span><\/h2>\n\n\n\n<p>Infelizmente, tem se tornado cada vez mais comum a utiliza\u00e7\u00e3o, pelas organiza\u00e7\u00f5es criminosas, de funcion\u00e1rio p\u00fablicos ou estagi\u00e1rios do Poder Judici\u00e1rio como instrumentos para obten\u00e7\u00e3o de informa\u00e7\u00f5es sigilosas e relevantes acerca de investiga\u00e7\u00f5es, o que deve ser combatido de forma dura a fim de evitar a inefic\u00e1cia das opera\u00e7\u00f5es policiais e a consequente impunidade.<\/p>\n\n\n\n<p>\u00d3timo tema para provas de direito penal e processo penal.<\/p>\n\n\n\n<p>Quer saber quais ser\u00e3o os pr\u00f3ximos concursos?<\/p>\n\n\n\n<pre class=\"wp-block-verse has-text-align-center\">Confira nossos&nbsp;<a href=\"https:\/\/cj.estrategia.com\/portal\/\" target=\"_blank\" >artigos para Carreiras Jur\u00eddicas<\/a>!<\/pre>\n\n\n\n<p class=\"has-text-align-center has-white-color has-pale-cyan-blue-background-color has-text-color has-background has-link-color wp-elements-3ffc9057f2314ec15f13b132eefb20e4\"><a href=\"https:\/\/www.estrategiaconcursos.com.br\/blog\/concursos-abertos\/\" target=\"_blank\" >Concursos p\u00fablicos abertos<\/a><\/p>\n\n\n\n<p class=\"has-text-align-center has-pale-cyan-blue-background-color has-background\"><a href=\"https:\/\/cj.estrategia.com\/portal\/concursos-2025-carreiras-juridicas\/\" target=\"_blank\" >Concursos 2025<\/a><\/p>\n\n\n\n<p><em>Est\u00e1 pronto para come\u00e7ar a prepara\u00e7\u00e3o para concursos de Carreiras Jur\u00eddicas? Os cursos do <a href=\"https:\/\/cj.estrategia.com\/\" target=\"_blank\" >Estrat\u00e9gia Carreira Jur\u00eddica<\/a> s\u00e3o o que voc\u00ea precisa para alcan\u00e7ar a aprova\u00e7\u00e3o!<\/em><\/p>\n\n\n\n<div class=\"wp-block-cover\" style=\"min-height:155px;aspect-ratio:unset;\"><img decoding=\"async\" width=\"1890\" height=\"351\" class=\"wp-block-cover__image-background wp-image-8669\" alt=\"Assinaturas Jur\u00eddicas\" src=\"https:\/\/cj.estrategia.com\/portal\/wp-content\/uploads\/2022\/06\/20151253\/concurso-carreiras-juridicas-assinatura-juridica.jpg\" style=\"object-position:78% 43%\" data-object-fit=\"cover\" data-object-position=\"78% 43%\" srcset=\"https:\/\/cj.estrategia.com\/portal\/wp-content\/uploads\/2022\/06\/20151253\/concurso-carreiras-juridicas-assinatura-juridica.jpg 1890w, https:\/\/cj.estrategia.com\/portal\/wp-content\/uploads\/2022\/06\/20151253\/concurso-carreiras-juridicas-assinatura-juridica-300x56.jpg 300w, https:\/\/cj.estrategia.com\/portal\/wp-content\/uploads\/2022\/06\/20151253\/concurso-carreiras-juridicas-assinatura-juridica-1024x190.jpg 1024w, https:\/\/cj.estrategia.com\/portal\/wp-content\/uploads\/2022\/06\/20151253\/concurso-carreiras-juridicas-assinatura-juridica-768x143.jpg 768w, https:\/\/cj.estrategia.com\/portal\/wp-content\/uploads\/2022\/06\/20151253\/concurso-carreiras-juridicas-assinatura-juridica-1536x285.jpg 1536w, https:\/\/cj.estrategia.com\/portal\/wp-content\/uploads\/2022\/06\/20151253\/concurso-carreiras-juridicas-assinatura-juridica-380x71.jpg 380w, https:\/\/cj.estrategia.com\/portal\/wp-content\/uploads\/2022\/06\/20151253\/concurso-carreiras-juridicas-assinatura-juridica-800x149.jpg 800w, https:\/\/cj.estrategia.com\/portal\/wp-content\/uploads\/2022\/06\/20151253\/concurso-carreiras-juridicas-assinatura-juridica-1160x215.jpg 1160w\" sizes=\"(max-width: 1890px) 100vw, 1890px\" \/><span aria-hidden=\"true\" class=\"wp-block-cover__background has-background-dim\"><\/span><div class=\"wp-block-cover__inner-container is-layout-flow wp-block-cover-is-layout-flow\">\n<h3 id=\"faca-a-sua-assinatura\" class=\"titulo-assinatura\"><span style=\"color: #ffffff;\">Fa\u00e7a a sua assinatura!<\/span><\/h3>\n<p class=\"subtitulo-assinatura\" style=\"display:block!important; line-height: 0;\"><span style=\"color: #ffffff;\">Escolha a sua \u00e1rea.<\/span><\/p>\n<a target=\"_blank\" href=\"https:\/\/www.estrategiaconcursos.com.br\/assinaturas-ecj\/\" rel=\"noopener\"><button style=\"border-radius: 10px; text-transform: capitalize;\">Acessar<\/button><\/a>\n<\/div><\/div>\n\n\n\n<p><\/p>\n","protected":false},"excerpt":{"rendered":"Estagi\u00e1ria da Justi\u00e7a Federal \u00e9 suspeita de vazar informa\u00e7\u00f5es sigilosas ao PCC. Investiga\u00e7\u00e3o aponta poss\u00edveis liga\u00e7\u00f5es com a&hellip;\n","protected":false},"author":81,"featured_media":97377,"comment_status":"open","ping_status":"open","sticky":false,"template":"","format":"standard","meta":{"_jetpack_memberships_contains_paid_content":false,"footnotes":""},"categories":[1],"tags":[336,2153,154,2151,850,134,2152],"tax_estado":[30,31,32,33,34,35,36,37,38,39,40,41,42,43,44,45,46,47,48,49,50,51,52,53,54,55,56,57],"class_list":{"0":"post-101624","1":"post","2":"type-post","3":"status-publish","4":"format-standard","5":"has-post-thumbnail","7":"category-carreiras-juridicas","8":"tag-analise-juridica","9":"tag-associacao-ao-trafico","10":"tag-direito-penal","11":"tag-justica-federal","12":"tag-organizacao-criminosa","13":"tag-stf","14":"tag-vazamento-de-dados","15":"tax_estado-ac","16":"tax_estado-al","17":"tax_estado-am","18":"tax_estado-ap","19":"tax_estado-ba","20":"tax_estado-ce","21":"tax_estado-concursos-federais","22":"tax_estado-df","23":"tax_estado-es","24":"tax_estado-go","25":"tax_estado-ma","26":"tax_estado-mg","27":"tax_estado-ms","28":"tax_estado-mt","29":"tax_estado-pa","30":"tax_estado-pb","31":"tax_estado-pe","32":"tax_estado-pi","33":"tax_estado-pr","34":"tax_estado-rj","35":"tax_estado-rn","36":"tax_estado-ro","37":"tax_estado-rr","38":"tax_estado-rs","39":"tax_estado-sc","40":"tax_estado-se","41":"tax_estado-sp","42":"tax_estado-to"},"acf":[],"yoast_head":"<!-- This site is optimized with the Yoast SEO Premium plugin v27.4 (Yoast SEO v27.4) - https:\/\/yoast.com\/product\/yoast-seo-premium-wordpress\/ -->\n<title>Estagi\u00e1ria da Justi\u00e7a Federal suspeita de vazar dados ao PCC<\/title>\n<meta name=\"description\" content=\"Estagi\u00e1ria da Justi\u00e7a Federal suspeita de vazar informa\u00e7\u00f5es sigilosas ao PCC. Investiga\u00e7\u00e3o aponta poss\u00edveis liga\u00e7\u00f5es com a fac\u00e7\u00e3o criminosa.\" \/>\n<meta name=\"robots\" content=\"index, follow, max-snippet:-1, max-image-preview:large, max-video-preview:-1\" \/>\n<link rel=\"canonical\" href=\"https:\/\/cj.estrategia.com\/portal\/estagiaria-justica-federal-vazamento-informacoes-pcc\/\" \/>\n<meta property=\"og:locale\" content=\"pt_BR\" \/>\n<meta property=\"og:type\" content=\"article\" \/>\n<meta property=\"og:title\" content=\"Estagi\u00e1ria da Justi\u00e7a Federal presa por vazar informa\u00e7\u00f5es para por vazar informa\u00e7\u00f5es para o PCC\" \/>\n<meta property=\"og:description\" content=\"Estagi\u00e1ria da Justi\u00e7a Federal suspeita de vazar informa\u00e7\u00f5es sigilosas ao PCC. Investiga\u00e7\u00e3o aponta poss\u00edveis liga\u00e7\u00f5es com a fac\u00e7\u00e3o criminosa.\" \/>\n<meta property=\"og:url\" content=\"https:\/\/cj.estrategia.com\/portal\/estagiaria-justica-federal-vazamento-informacoes-pcc\/\" \/>\n<meta property=\"og:site_name\" content=\"Blog - Carreiras Jur\u00eddicas - Estrat\u00e9gia\" \/>\n<meta property=\"article:publisher\" content=\"https:\/\/www.facebook.com\/estrategiacarreirajuridica\/\" \/>\n<meta property=\"article:published_time\" content=\"2025-02-27T21:00:34+00:00\" \/>\n<meta property=\"article:modified_time\" content=\"2025-03-05T15:57:17+00:00\" \/>\n<meta property=\"og:image\" content=\"https:\/\/cj.estrategia.com\/portal\/wp-content\/uploads\/2025\/02\/11201821\/policia-carro-viatura-sirene-investigacao-crime.jpg\" \/>\n\t<meta property=\"og:image:width\" content=\"1280\" \/>\n\t<meta property=\"og:image:height\" content=\"848\" \/>\n\t<meta property=\"og:image:type\" content=\"image\/jpeg\" \/>\n<meta name=\"author\" content=\"Thiago Leite\" \/>\n<meta name=\"twitter:card\" content=\"summary_large_image\" \/>\n<meta name=\"twitter:creator\" content=\"@EstratJuridica\" \/>\n<meta name=\"twitter:site\" content=\"@EstratJuridica\" \/>\n<meta name=\"twitter:label1\" content=\"Escrito por\" \/>\n\t<meta name=\"twitter:data1\" content=\"Thiago Leite\" \/>\n\t<meta name=\"twitter:label2\" content=\"Est. tempo de leitura\" \/>\n\t<meta name=\"twitter:data2\" content=\"7 minutos\" \/>\n<script type=\"application\/ld+json\" class=\"yoast-schema-graph\">{\"@context\":\"https:\\\/\\\/schema.org\",\"@graph\":[{\"@type\":\"NewsArticle\",\"@id\":\"https:\\\/\\\/cj.estrategia.com\\\/portal\\\/estagiaria-justica-federal-vazamento-informacoes-pcc\\\/#article\",\"isPartOf\":{\"@id\":\"https:\\\/\\\/cj.estrategia.com\\\/portal\\\/estagiaria-justica-federal-vazamento-informacoes-pcc\\\/\"},\"author\":{\"name\":\"Thiago Leite\",\"@id\":\"https:\\\/\\\/cj.estrategia.com\\\/portal\\\/#\\\/schema\\\/person\\\/7d7d2b1c8386e2eeacc0b09cfbc1d0ff\"},\"headline\":\"Estagi\u00e1ria da Justi\u00e7a Federal presa por vazar informa\u00e7\u00f5es para por vazar informa\u00e7\u00f5es para o PCC\",\"datePublished\":\"2025-02-27T21:00:34+00:00\",\"dateModified\":\"2025-03-05T15:57:17+00:00\",\"mainEntityOfPage\":{\"@id\":\"https:\\\/\\\/cj.estrategia.com\\\/portal\\\/estagiaria-justica-federal-vazamento-informacoes-pcc\\\/\"},\"wordCount\":1232,\"commentCount\":0,\"publisher\":{\"@id\":\"https:\\\/\\\/cj.estrategia.com\\\/portal\\\/#organization\"},\"image\":{\"@id\":\"https:\\\/\\\/cj.estrategia.com\\\/portal\\\/estagiaria-justica-federal-vazamento-informacoes-pcc\\\/#primaryimage\"},\"thumbnailUrl\":\"https:\\\/\\\/cj.estrategia.com\\\/portal\\\/wp-content\\\/uploads\\\/2025\\\/02\\\/11201821\\\/policia-carro-viatura-sirene-investigacao-crime.jpg\",\"keywords\":[\"an\u00e1lise jur\u00eddica\",\"Associa\u00e7\u00e3o ao Tr\u00e1fico\",\"direito penal\",\"Justi\u00e7a Federal\",\"organiza\u00e7\u00e3o criminosa\",\"STF\",\"vazamento de dados\"],\"articleSection\":[\"Carreiras Jur\u00eddicas\"],\"inLanguage\":\"pt-BR\",\"potentialAction\":[{\"@type\":\"CommentAction\",\"name\":\"Comment\",\"target\":[\"https:\\\/\\\/cj.estrategia.com\\\/portal\\\/estagiaria-justica-federal-vazamento-informacoes-pcc\\\/#respond\"]}]},{\"@type\":\"WebPage\",\"@id\":\"https:\\\/\\\/cj.estrategia.com\\\/portal\\\/estagiaria-justica-federal-vazamento-informacoes-pcc\\\/\",\"url\":\"https:\\\/\\\/cj.estrategia.com\\\/portal\\\/estagiaria-justica-federal-vazamento-informacoes-pcc\\\/\",\"name\":\"Estagi\u00e1ria da Justi\u00e7a Federal suspeita de vazar dados ao PCC\",\"isPartOf\":{\"@id\":\"https:\\\/\\\/cj.estrategia.com\\\/portal\\\/#website\"},\"primaryImageOfPage\":{\"@id\":\"https:\\\/\\\/cj.estrategia.com\\\/portal\\\/estagiaria-justica-federal-vazamento-informacoes-pcc\\\/#primaryimage\"},\"image\":{\"@id\":\"https:\\\/\\\/cj.estrategia.com\\\/portal\\\/estagiaria-justica-federal-vazamento-informacoes-pcc\\\/#primaryimage\"},\"thumbnailUrl\":\"https:\\\/\\\/cj.estrategia.com\\\/portal\\\/wp-content\\\/uploads\\\/2025\\\/02\\\/11201821\\\/policia-carro-viatura-sirene-investigacao-crime.jpg\",\"datePublished\":\"2025-02-27T21:00:34+00:00\",\"dateModified\":\"2025-03-05T15:57:17+00:00\",\"description\":\"Estagi\u00e1ria da Justi\u00e7a Federal suspeita de vazar informa\u00e7\u00f5es sigilosas ao PCC. Investiga\u00e7\u00e3o aponta poss\u00edveis liga\u00e7\u00f5es com a fac\u00e7\u00e3o criminosa.\",\"breadcrumb\":{\"@id\":\"https:\\\/\\\/cj.estrategia.com\\\/portal\\\/estagiaria-justica-federal-vazamento-informacoes-pcc\\\/#breadcrumb\"},\"inLanguage\":\"pt-BR\",\"potentialAction\":[{\"@type\":\"ReadAction\",\"target\":[\"https:\\\/\\\/cj.estrategia.com\\\/portal\\\/estagiaria-justica-federal-vazamento-informacoes-pcc\\\/\"]}]},{\"@type\":\"ImageObject\",\"inLanguage\":\"pt-BR\",\"@id\":\"https:\\\/\\\/cj.estrategia.com\\\/portal\\\/estagiaria-justica-federal-vazamento-informacoes-pcc\\\/#primaryimage\",\"url\":\"https:\\\/\\\/cj.estrategia.com\\\/portal\\\/wp-content\\\/uploads\\\/2025\\\/02\\\/11201821\\\/policia-carro-viatura-sirene-investigacao-crime.jpg\",\"contentUrl\":\"https:\\\/\\\/cj.estrategia.com\\\/portal\\\/wp-content\\\/uploads\\\/2025\\\/02\\\/11201821\\\/policia-carro-viatura-sirene-investigacao-crime.jpg\",\"width\":1280,\"height\":848},{\"@type\":\"BreadcrumbList\",\"@id\":\"https:\\\/\\\/cj.estrategia.com\\\/portal\\\/estagiaria-justica-federal-vazamento-informacoes-pcc\\\/#breadcrumb\",\"itemListElement\":[{\"@type\":\"ListItem\",\"position\":1,\"name\":\"In\u00edcio\",\"item\":\"https:\\\/\\\/cj.estrategia.com\\\/portal\\\/\"},{\"@type\":\"ListItem\",\"position\":2,\"name\":\"Estagi\u00e1ria da Justi\u00e7a Federal presa por vazar informa\u00e7\u00f5es para por vazar informa\u00e7\u00f5es para o PCC\"}]},{\"@type\":\"WebSite\",\"@id\":\"https:\\\/\\\/cj.estrategia.com\\\/portal\\\/#website\",\"url\":\"https:\\\/\\\/cj.estrategia.com\\\/portal\\\/\",\"name\":\"Blog - Carreiras Jur\u00eddicas - Estrat\u00e9gia\",\"description\":\"\",\"publisher\":{\"@id\":\"https:\\\/\\\/cj.estrategia.com\\\/portal\\\/#organization\"},\"potentialAction\":[{\"@type\":\"SearchAction\",\"target\":{\"@type\":\"EntryPoint\",\"urlTemplate\":\"https:\\\/\\\/cj.estrategia.com\\\/portal\\\/?s={search_term_string}\"},\"query-input\":{\"@type\":\"PropertyValueSpecification\",\"valueRequired\":true,\"valueName\":\"search_term_string\"}}],\"inLanguage\":\"pt-BR\"},{\"@type\":\"Organization\",\"@id\":\"https:\\\/\\\/cj.estrategia.com\\\/portal\\\/#organization\",\"name\":\"Estrat\u00e9gia - Carreiras Jur\u00eddicas\",\"url\":\"https:\\\/\\\/cj.estrategia.com\\\/portal\\\/\",\"logo\":{\"@type\":\"ImageObject\",\"inLanguage\":\"pt-BR\",\"@id\":\"https:\\\/\\\/cj.estrategia.com\\\/portal\\\/#\\\/schema\\\/logo\\\/image\\\/\",\"url\":\"https:\\\/\\\/cj.estrategia.com\\\/portal\\\/wp-content\\\/uploads\\\/2022\\\/03\\\/11151052\\\/cj-logo.png\",\"contentUrl\":\"https:\\\/\\\/cj.estrategia.com\\\/portal\\\/wp-content\\\/uploads\\\/2022\\\/03\\\/11151052\\\/cj-logo.png\",\"width\":150,\"height\":39,\"caption\":\"Estrat\u00e9gia - Carreiras Jur\u00eddicas\"},\"image\":{\"@id\":\"https:\\\/\\\/cj.estrategia.com\\\/portal\\\/#\\\/schema\\\/logo\\\/image\\\/\"},\"sameAs\":[\"https:\\\/\\\/www.facebook.com\\\/estrategiacarreirajuridica\\\/\",\"https:\\\/\\\/x.com\\\/EstratJuridica\",\"https:\\\/\\\/www.instagram.com\\\/estrategiacarreirajuridica\\\/\",\"https:\\\/\\\/www.youtube.com\\\/channel\\\/UClbMGuYbj2Mh1m3w144ETWQ\"]},{\"@type\":\"Person\",\"@id\":\"https:\\\/\\\/cj.estrategia.com\\\/portal\\\/#\\\/schema\\\/person\\\/7d7d2b1c8386e2eeacc0b09cfbc1d0ff\",\"name\":\"Thiago Leite\",\"image\":{\"@type\":\"ImageObject\",\"inLanguage\":\"pt-BR\",\"@id\":\"https:\\\/\\\/secure.gravatar.com\\\/avatar\\\/15ff5746ff9e313f1248fe2373ce03309054e96387bb9249055458d0c1aaa297?s=96&d=mm&r=g\",\"url\":\"https:\\\/\\\/secure.gravatar.com\\\/avatar\\\/15ff5746ff9e313f1248fe2373ce03309054e96387bb9249055458d0c1aaa297?s=96&d=mm&r=g\",\"contentUrl\":\"https:\\\/\\\/secure.gravatar.com\\\/avatar\\\/15ff5746ff9e313f1248fe2373ce03309054e96387bb9249055458d0c1aaa297?s=96&d=mm&r=g\",\"caption\":\"Thiago Leite\"},\"description\":\"Thiago de Paula Leite \u00e9 procurador do Estado de S\u00e3o Paulo e professor de direito ambiental e agr\u00e1rio do Estrat\u00e9gia.\",\"url\":\"https:\\\/\\\/cj.estrategia.com\\\/portal\\\/author\\\/thiago-leite\\\/\"}]}<\/script>\n<!-- \/ Yoast SEO Premium plugin. -->","yoast_head_json":{"title":"Estagi\u00e1ria da Justi\u00e7a Federal suspeita de vazar dados ao PCC","description":"Estagi\u00e1ria da Justi\u00e7a Federal suspeita de vazar informa\u00e7\u00f5es sigilosas ao PCC. Investiga\u00e7\u00e3o aponta poss\u00edveis liga\u00e7\u00f5es com a fac\u00e7\u00e3o criminosa.","robots":{"index":"index","follow":"follow","max-snippet":"max-snippet:-1","max-image-preview":"max-image-preview:large","max-video-preview":"max-video-preview:-1"},"canonical":"https:\/\/cj.estrategia.com\/portal\/estagiaria-justica-federal-vazamento-informacoes-pcc\/","og_locale":"pt_BR","og_type":"article","og_title":"Estagi\u00e1ria da Justi\u00e7a Federal presa por vazar informa\u00e7\u00f5es para por vazar informa\u00e7\u00f5es para o PCC","og_description":"Estagi\u00e1ria da Justi\u00e7a Federal suspeita de vazar informa\u00e7\u00f5es sigilosas ao PCC. Investiga\u00e7\u00e3o aponta poss\u00edveis liga\u00e7\u00f5es com a fac\u00e7\u00e3o criminosa.","og_url":"https:\/\/cj.estrategia.com\/portal\/estagiaria-justica-federal-vazamento-informacoes-pcc\/","og_site_name":"Blog - Carreiras Jur\u00eddicas - Estrat\u00e9gia","article_publisher":"https:\/\/www.facebook.com\/estrategiacarreirajuridica\/","article_published_time":"2025-02-27T21:00:34+00:00","article_modified_time":"2025-03-05T15:57:17+00:00","og_image":[{"width":1280,"height":848,"url":"https:\/\/cj.estrategia.com\/portal\/wp-content\/uploads\/2025\/02\/11201821\/policia-carro-viatura-sirene-investigacao-crime.jpg","type":"image\/jpeg"}],"author":"Thiago Leite","twitter_card":"summary_large_image","twitter_creator":"@EstratJuridica","twitter_site":"@EstratJuridica","twitter_misc":{"Escrito por":"Thiago Leite","Est. tempo de leitura":"7 minutos"},"schema":{"@context":"https:\/\/schema.org","@graph":[{"@type":"NewsArticle","@id":"https:\/\/cj.estrategia.com\/portal\/estagiaria-justica-federal-vazamento-informacoes-pcc\/#article","isPartOf":{"@id":"https:\/\/cj.estrategia.com\/portal\/estagiaria-justica-federal-vazamento-informacoes-pcc\/"},"author":{"name":"Thiago Leite","@id":"https:\/\/cj.estrategia.com\/portal\/#\/schema\/person\/7d7d2b1c8386e2eeacc0b09cfbc1d0ff"},"headline":"Estagi\u00e1ria da Justi\u00e7a Federal presa por vazar informa\u00e7\u00f5es para por vazar informa\u00e7\u00f5es para o PCC","datePublished":"2025-02-27T21:00:34+00:00","dateModified":"2025-03-05T15:57:17+00:00","mainEntityOfPage":{"@id":"https:\/\/cj.estrategia.com\/portal\/estagiaria-justica-federal-vazamento-informacoes-pcc\/"},"wordCount":1232,"commentCount":0,"publisher":{"@id":"https:\/\/cj.estrategia.com\/portal\/#organization"},"image":{"@id":"https:\/\/cj.estrategia.com\/portal\/estagiaria-justica-federal-vazamento-informacoes-pcc\/#primaryimage"},"thumbnailUrl":"https:\/\/cj.estrategia.com\/portal\/wp-content\/uploads\/2025\/02\/11201821\/policia-carro-viatura-sirene-investigacao-crime.jpg","keywords":["an\u00e1lise jur\u00eddica","Associa\u00e7\u00e3o ao Tr\u00e1fico","direito penal","Justi\u00e7a Federal","organiza\u00e7\u00e3o criminosa","STF","vazamento de dados"],"articleSection":["Carreiras Jur\u00eddicas"],"inLanguage":"pt-BR","potentialAction":[{"@type":"CommentAction","name":"Comment","target":["https:\/\/cj.estrategia.com\/portal\/estagiaria-justica-federal-vazamento-informacoes-pcc\/#respond"]}]},{"@type":"WebPage","@id":"https:\/\/cj.estrategia.com\/portal\/estagiaria-justica-federal-vazamento-informacoes-pcc\/","url":"https:\/\/cj.estrategia.com\/portal\/estagiaria-justica-federal-vazamento-informacoes-pcc\/","name":"Estagi\u00e1ria da Justi\u00e7a Federal suspeita de vazar dados ao PCC","isPartOf":{"@id":"https:\/\/cj.estrategia.com\/portal\/#website"},"primaryImageOfPage":{"@id":"https:\/\/cj.estrategia.com\/portal\/estagiaria-justica-federal-vazamento-informacoes-pcc\/#primaryimage"},"image":{"@id":"https:\/\/cj.estrategia.com\/portal\/estagiaria-justica-federal-vazamento-informacoes-pcc\/#primaryimage"},"thumbnailUrl":"https:\/\/cj.estrategia.com\/portal\/wp-content\/uploads\/2025\/02\/11201821\/policia-carro-viatura-sirene-investigacao-crime.jpg","datePublished":"2025-02-27T21:00:34+00:00","dateModified":"2025-03-05T15:57:17+00:00","description":"Estagi\u00e1ria da Justi\u00e7a Federal suspeita de vazar informa\u00e7\u00f5es sigilosas ao PCC. Investiga\u00e7\u00e3o aponta poss\u00edveis liga\u00e7\u00f5es com a fac\u00e7\u00e3o criminosa.","breadcrumb":{"@id":"https:\/\/cj.estrategia.com\/portal\/estagiaria-justica-federal-vazamento-informacoes-pcc\/#breadcrumb"},"inLanguage":"pt-BR","potentialAction":[{"@type":"ReadAction","target":["https:\/\/cj.estrategia.com\/portal\/estagiaria-justica-federal-vazamento-informacoes-pcc\/"]}]},{"@type":"ImageObject","inLanguage":"pt-BR","@id":"https:\/\/cj.estrategia.com\/portal\/estagiaria-justica-federal-vazamento-informacoes-pcc\/#primaryimage","url":"https:\/\/cj.estrategia.com\/portal\/wp-content\/uploads\/2025\/02\/11201821\/policia-carro-viatura-sirene-investigacao-crime.jpg","contentUrl":"https:\/\/cj.estrategia.com\/portal\/wp-content\/uploads\/2025\/02\/11201821\/policia-carro-viatura-sirene-investigacao-crime.jpg","width":1280,"height":848},{"@type":"BreadcrumbList","@id":"https:\/\/cj.estrategia.com\/portal\/estagiaria-justica-federal-vazamento-informacoes-pcc\/#breadcrumb","itemListElement":[{"@type":"ListItem","position":1,"name":"In\u00edcio","item":"https:\/\/cj.estrategia.com\/portal\/"},{"@type":"ListItem","position":2,"name":"Estagi\u00e1ria da Justi\u00e7a Federal presa por vazar informa\u00e7\u00f5es para por vazar informa\u00e7\u00f5es para o PCC"}]},{"@type":"WebSite","@id":"https:\/\/cj.estrategia.com\/portal\/#website","url":"https:\/\/cj.estrategia.com\/portal\/","name":"Blog - Carreiras Jur\u00eddicas - Estrat\u00e9gia","description":"","publisher":{"@id":"https:\/\/cj.estrategia.com\/portal\/#organization"},"potentialAction":[{"@type":"SearchAction","target":{"@type":"EntryPoint","urlTemplate":"https:\/\/cj.estrategia.com\/portal\/?s={search_term_string}"},"query-input":{"@type":"PropertyValueSpecification","valueRequired":true,"valueName":"search_term_string"}}],"inLanguage":"pt-BR"},{"@type":"Organization","@id":"https:\/\/cj.estrategia.com\/portal\/#organization","name":"Estrat\u00e9gia - Carreiras Jur\u00eddicas","url":"https:\/\/cj.estrategia.com\/portal\/","logo":{"@type":"ImageObject","inLanguage":"pt-BR","@id":"https:\/\/cj.estrategia.com\/portal\/#\/schema\/logo\/image\/","url":"https:\/\/cj.estrategia.com\/portal\/wp-content\/uploads\/2022\/03\/11151052\/cj-logo.png","contentUrl":"https:\/\/cj.estrategia.com\/portal\/wp-content\/uploads\/2022\/03\/11151052\/cj-logo.png","width":150,"height":39,"caption":"Estrat\u00e9gia - Carreiras Jur\u00eddicas"},"image":{"@id":"https:\/\/cj.estrategia.com\/portal\/#\/schema\/logo\/image\/"},"sameAs":["https:\/\/www.facebook.com\/estrategiacarreirajuridica\/","https:\/\/x.com\/EstratJuridica","https:\/\/www.instagram.com\/estrategiacarreirajuridica\/","https:\/\/www.youtube.com\/channel\/UClbMGuYbj2Mh1m3w144ETWQ"]},{"@type":"Person","@id":"https:\/\/cj.estrategia.com\/portal\/#\/schema\/person\/7d7d2b1c8386e2eeacc0b09cfbc1d0ff","name":"Thiago Leite","image":{"@type":"ImageObject","inLanguage":"pt-BR","@id":"https:\/\/secure.gravatar.com\/avatar\/15ff5746ff9e313f1248fe2373ce03309054e96387bb9249055458d0c1aaa297?s=96&d=mm&r=g","url":"https:\/\/secure.gravatar.com\/avatar\/15ff5746ff9e313f1248fe2373ce03309054e96387bb9249055458d0c1aaa297?s=96&d=mm&r=g","contentUrl":"https:\/\/secure.gravatar.com\/avatar\/15ff5746ff9e313f1248fe2373ce03309054e96387bb9249055458d0c1aaa297?s=96&d=mm&r=g","caption":"Thiago Leite"},"description":"Thiago de Paula Leite \u00e9 procurador do Estado de S\u00e3o Paulo e professor de direito ambiental e agr\u00e1rio do Estrat\u00e9gia.","url":"https:\/\/cj.estrategia.com\/portal\/author\/thiago-leite\/"}]}},"jetpack_featured_media_url":"https:\/\/cj.estrategia.com\/portal\/wp-content\/uploads\/2025\/02\/11201821\/policia-carro-viatura-sirene-investigacao-crime.jpg","jetpack_sharing_enabled":true,"_links":{"self":[{"href":"https:\/\/cj.estrategia.com\/portal\/wp-json\/wp\/v2\/posts\/101624","targetHints":{"allow":["GET"]}}],"collection":[{"href":"https:\/\/cj.estrategia.com\/portal\/wp-json\/wp\/v2\/posts"}],"about":[{"href":"https:\/\/cj.estrategia.com\/portal\/wp-json\/wp\/v2\/types\/post"}],"author":[{"embeddable":true,"href":"https:\/\/cj.estrategia.com\/portal\/wp-json\/wp\/v2\/users\/81"}],"replies":[{"embeddable":true,"href":"https:\/\/cj.estrategia.com\/portal\/wp-json\/wp\/v2\/comments?post=101624"}],"version-history":[{"count":21,"href":"https:\/\/cj.estrategia.com\/portal\/wp-json\/wp\/v2\/posts\/101624\/revisions"}],"predecessor-version":[{"id":102505,"href":"https:\/\/cj.estrategia.com\/portal\/wp-json\/wp\/v2\/posts\/101624\/revisions\/102505"}],"wp:featuredmedia":[{"embeddable":true,"href":"https:\/\/cj.estrategia.com\/portal\/wp-json\/wp\/v2\/media\/97377"}],"wp:attachment":[{"href":"https:\/\/cj.estrategia.com\/portal\/wp-json\/wp\/v2\/media?parent=101624"}],"wp:term":[{"taxonomy":"category","embeddable":true,"href":"https:\/\/cj.estrategia.com\/portal\/wp-json\/wp\/v2\/categories?post=101624"},{"taxonomy":"post_tag","embeddable":true,"href":"https:\/\/cj.estrategia.com\/portal\/wp-json\/wp\/v2\/tags?post=101624"},{"taxonomy":"tax_estado","embeddable":true,"href":"https:\/\/cj.estrategia.com\/portal\/wp-json\/wp\/v2\/tax_estado?post=101624"}],"curies":[{"name":"wp","href":"https:\/\/api.w.org\/{rel}","templated":true}]}}