{"id":100971,"date":"2025-02-26T02:05:30","date_gmt":"2025-02-26T05:05:30","guid":{"rendered":"https:\/\/cj.estrategia.com\/portal\/?p=100971"},"modified":"2025-02-26T02:05:34","modified_gmt":"2025-02-26T05:05:34","slug":"concurso-cartorio-es-edital-publicado","status":"publish","type":"post","link":"https:\/\/cj.estrategia.com\/portal\/concurso-cartorio-es-edital-publicado\/","title":{"rendered":"Edital Cart\u00f3rio ES PUBLICADO; s\u00e3o 150 vagas!"},"content":{"rendered":"\n<p>Est\u00e1 na pra\u00e7a o novo <strong>edital Cart\u00f3rio ES<\/strong>. Conforme o documento, s\u00e3o ofertadas <strong>150 vagas, sendo 100 para provimento e 50 para remo\u00e7\u00e3o.<\/strong><\/p>\n\n\n\n<p>Sob organiza\u00e7\u00e3o da FGV, as inscri\u00e7\u00f5es poder\u00e3o ser efetuadas entre os dias<strong> 25 de abril a 26 de maio, ao custo de R$ 450,00.<\/strong><\/p>\n\n\n\n<p>J\u00e1 as provas ser\u00e3o aplicadas no dia 27 de julho: no per\u00edodo da manh\u00e3 (8h \u00e0s 12h) para os cargos de remo\u00e7\u00e3o e no da tarde (15h \u00e0s 20h) para provimento.<\/p>\n\n\n\n<ul class=\"wp-block-list has-very-light-gray-to-cyan-bluish-gray-gradient-background has-background\">\n<li><strong>Edital Cart\u00f3rio ES<\/strong><\/li>\n\n\n\n<li><strong>Status:<\/strong> edital publicado<\/li>\n\n\n\n<li><strong>Banca:&nbsp;<\/strong><a href=\"https:\/\/conhecimento.fgv.br\/concursos\/tjesnotarial25\" target=\"_blank\" >FGV<\/a><\/li>\n\n\n\n<li><strong>Vagas:&nbsp;<\/strong>150<\/li>\n\n\n\n<li><strong>Sal\u00e1rio inicial:<\/strong>&nbsp;rendimento l\u00edquido do cart\u00f3rio<\/li>\n\n\n\n<li><a href=\"https:\/\/cj.estrategia.com\/portal\/wp-content\/uploads\/2025\/02\/26010449\/EDITAL-01.-2025-TJ-ES.pdf\" target=\"_blank\" rel=\"noreferrer noopener nofollow\">Edital Cart\u00f3rio ES 2025<\/a><\/li>\n<\/ul>\n\n\n\n<div class=\"container\" id=\"boxes\">\n  <div class=\"row\">\n\n    <div class=\"col-sm\">\n      <div class=\"banner-estrategia-concursos-juridicos\" id=\"box-assinatura\">\n        <h3 id=\"curso-para-concurso-cartorio-es\" class=\"titulo-assinatura\"><span style=\"color: #ffffff; font-size: 25px; \">Curso para Concurso Cart\u00f3rio ES  <\/span><\/h3>\n        <p class=\"subtitulo-assinatura\">Cursos focados no edital do concurso<\/p>\n        <div class=\"box-botao\">\n          <a class=\"btn-assinatura-juridica\" target=\"_blank\" href=\"https:\/\/cj.estrategia.com\/curso\/cartorios-do-tj-es-pacote-teorico\/\" role=\"button\" rel=\"noopener noreferrer\">Conhe\u00e7a mais<\/a>\n        <\/div>\n      <\/div>\n      <p class=\"texto-auxiliar\">Prepare-se com o melhor material e com quem mais aprova em concursos em todo o pa\u00eds. \n<\/p>\n    <\/div>\n\n  <\/div>\n<\/div>\n\n\n\n<h2 class=\"wp-block-heading\" id=\"atual\"><span id=\"edital-cartorio-es-situacao-atual\">Edital Cart\u00f3rio ES: situa\u00e7\u00e3o atual<\/span><\/h2>\n\n\n\n<h3 class=\"wp-block-heading\" id=\"h-principais-datas\"><span id=\"principais-datas\">Principais datas<\/span><\/h3>\n\n\n\n<ul class=\"wp-block-list\">\n<li><strong>Per\u00edodo de inscri\u00e7\u00f5es:<\/strong> 25\/04 a 26\/05<\/li>\n\n\n\n<li><strong>Isen\u00e7\u00e3o da taxa: <\/strong>26\/02 a 27\/03<\/li>\n\n\n\n<li><strong>Pagamento da taxa: <\/strong>at\u00e9 27\/05<\/li>\n\n\n\n<li><strong>Provas: <\/strong>27\/07<\/li>\n<\/ul>\n\n\n\n<h2 class=\"wp-block-heading\" id=\"vagos\"><span id=\"cargos-e-vagas\">Cargos e vagas<\/span><\/h2>\n\n\n\n<figure class=\"wp-block-image size-full\"><img decoding=\"async\" width=\"728\" height=\"208\" src=\"https:\/\/cj.estrategia.com\/portal\/wp-content\/uploads\/2024\/08\/26010908\/vagas-cartorio-es.jpg\" alt=\"\" class=\"wp-image-100965\" srcset=\"https:\/\/cj.estrategia.com\/portal\/wp-content\/uploads\/2024\/08\/26010908\/vagas-cartorio-es.jpg 728w, https:\/\/cj.estrategia.com\/portal\/wp-content\/uploads\/2024\/08\/26010908\/vagas-cartorio-es-300x86.jpg 300w, https:\/\/cj.estrategia.com\/portal\/wp-content\/uploads\/2024\/08\/26010908\/vagas-cartorio-es-380x109.jpg 380w, https:\/\/cj.estrategia.com\/portal\/wp-content\/uploads\/2024\/08\/26010908\/vagas-cartorio-es-150x43.jpg 150w\" sizes=\"(max-width: 728px) 100vw, 728px\" \/><\/figure>\n\n\n\n<p>Pelos atos praticados em decorr\u00eancia das fun\u00e7\u00f5es a eles atribu\u00eddas, os not\u00e1rios e os registradores t\u00eam direito, a t\u00edtulo de remunera\u00e7\u00e3o, aos emolumentos fixados na Lei de Custas e Emolumentos do Estado do Esp\u00edrito Santo e nas leis espec\u00edficas em vigor, bem como ao ressarcimento por eventuais atos gratuitos praticados, na forma da legisla\u00e7\u00e3o e regulamenta\u00e7\u00e3o em vigor.<\/p>\n\n\n\n<p>O comprovante de aprova\u00e7\u00e3o no ENAC n\u00e3o ser\u00e1 exigido como requisito para inscri\u00e7\u00e3o preliminar, mas sim para a realiza\u00e7\u00e3o da prova oral.<\/p>\n\n\n\n<p>Com isso, sua apresenta\u00e7\u00e3o deve ocorrer juntamente com os demais documentos exigidos dos candidatos aprovados na prova escrita e pr\u00e1tica, n\u00e3o se admitindo, em nenhuma hip\u00f3tese, a investidura ou remo\u00e7\u00e3o de quem n\u00e3o tenha sido aprovado no ENAC.<\/p>\n\n\n\n<h2 class=\"wp-block-heading\" id=\"h-etapas-e-provas\"><span id=\"etapas-e-provas\">Etapas e provas<\/span><\/h2>\n\n\n\n<p>O edital Cart\u00f3rio ES, para as duas modalidades de ingresso, compreender\u00e1 6 etapas, conforme segue:<\/p>\n\n\n\n<ul class=\"wp-block-list\">\n<li>a) Prova Objetiva de sele\u00e7\u00e3o, de car\u00e1ter eliminat\u00f3rio;<\/li>\n\n\n\n<li>b) Prova Escrita e Pr\u00e1tica, de car\u00e1ter eliminat\u00f3rio e classificat\u00f3rio;<\/li>\n\n\n\n<li>c) Comprova\u00e7\u00e3o dos Requisitos para Outorga das Delega\u00e7\u00f5es (Provimento e\/ou Remo\u00e7\u00e3o), de car\u00e1ter eliminat\u00f3rio;<\/li>\n\n\n\n<li>d) An\u00e1lise da vida pregressa, de car\u00e1ter eliminat\u00f3rio, e Exames de Personalidade \u2013 que compreendem exame psicot\u00e9cnico, an\u00e1lise de laudo psiqui\u00e1trico e<\/li>\n\n\n\n<li>an\u00e1lise de laudo neurol\u00f3gico, tamb\u00e9m de car\u00e1ter eliminat\u00f3rio;<\/li>\n\n\n\n<li>e) Prova Oral, de car\u00e1ter eliminat\u00f3rio e classificat\u00f3rio; e<\/li>\n\n\n\n<li>f) Avalia\u00e7\u00e3o de T\u00edtulos, de car\u00e1ter classificat\u00f3rio.<\/li>\n<\/ul>\n\n\n\n<h3 class=\"wp-block-heading has-text-align-left\" id=\"h-provas-objetivas\"><span id=\"provas-objetivas\">Provas Objetivas<\/span><\/h3>\n\n\n\n<p>A Prova Objetiva de m\u00faltipla escolha, para os candidatos inscritos na modalidade de ingresso por remo\u00e7\u00e3o, ser\u00e1 realizada no dia 27 de julho, das 08h \u00e0s 13h.<\/p>\n\n\n\n<p>A Prova Objetiva de m\u00faltipla escolha, para os candidatos inscritos na modalidade de ingresso por provimento, ser\u00e1 realizada no dia 27 de julho, das 15h \u00e0s 20h.<\/p>\n\n\n\n<p>A etapa consistir\u00e1 em quest\u00f5es de m\u00faltipla escolha sobre cada uma das disciplinas referidas, n\u00e3o sendo permitida a consulta a livros, anota\u00e7\u00f5es ou coment\u00e1rios de qualquer natureza.<\/p>\n\n\n\n<p>Para ambas as op\u00e7\u00f5es de inscri\u00e7\u00e3o (provimento e remo\u00e7\u00e3o), a avalia\u00e7\u00e3o ser\u00e1 composta por 100 quest\u00f5es de m\u00faltipla escolha, com 05  alternativas e apenas uma resposta correta.<\/p>\n\n\n<div class=\"wp-block-image\">\n<figure class=\"aligncenter size-full\"><img decoding=\"async\" width=\"625\" height=\"172\" src=\"https:\/\/cj.estrategia.com\/portal\/wp-content\/uploads\/2024\/08\/26013502\/Screenshot-2025-02-26-at-01-34-47-Ediario-EDITAL-01.-2025-TJ-ES.pdf.png\" alt=\"prova objetiva do concurso cart\u00f3rio ES\" class=\"wp-image-100967\" srcset=\"https:\/\/cj.estrategia.com\/portal\/wp-content\/uploads\/2024\/08\/26013502\/Screenshot-2025-02-26-at-01-34-47-Ediario-EDITAL-01.-2025-TJ-ES.pdf.png 625w, https:\/\/cj.estrategia.com\/portal\/wp-content\/uploads\/2024\/08\/26013502\/Screenshot-2025-02-26-at-01-34-47-Ediario-EDITAL-01.-2025-TJ-ES.pdf-300x83.png 300w, https:\/\/cj.estrategia.com\/portal\/wp-content\/uploads\/2024\/08\/26013502\/Screenshot-2025-02-26-at-01-34-47-Ediario-EDITAL-01.-2025-TJ-ES.pdf-380x105.png 380w, https:\/\/cj.estrategia.com\/portal\/wp-content\/uploads\/2024\/08\/26013502\/Screenshot-2025-02-26-at-01-34-47-Ediario-EDITAL-01.-2025-TJ-ES.pdf-150x41.png 150w\" sizes=\"(max-width: 625px) 100vw, 625px\" \/><\/figure>\n<\/div>\n\n\n<p>Ser\u00e3o considerados aprovados na Prova Objetiva de Sele\u00e7\u00e3o os candidatos de ampla concorr\u00eancia que obtiverem, no m\u00ednimo, 6 pontos.<\/p>\n\n\n\n<h3 class=\"wp-block-heading\" id=\"h-prova-escrita-e-pratica\"><span id=\"prova-escrita-e-pratica\">Prova Escrita e Pr\u00e1tica<\/span><\/h3>\n\n\n\n<p>A realiza\u00e7\u00e3o da Prova Escrita e Pr\u00e1tica, de car\u00e1ter eliminat\u00f3rio e classificat\u00f3rio, est\u00e1 prevista para o dia 21 de setembro, na cidade de Vit\u00f3ria\/ES, tendo dura\u00e7\u00e3o de 6 horas.<\/p>\n\n\n\n<p>A etapa do edital Cart\u00f3rio ES valer\u00e1 no m\u00e1ximo 10 pontos e ter\u00e1 peso 5 dentre as etapas previstas no certame.<\/p>\n\n\n\n<p>A avalia\u00e7\u00e3o consistir\u00e1 de uma disserta\u00e7\u00e3o e da elabora\u00e7\u00e3o de uma pe\u00e7a pr\u00e1tica, al\u00e9m de 4 quest\u00f5es discursivas, sobre as mat\u00e9rias indicadas no Anexo II deste Edital, podendo envolver a aplica\u00e7\u00e3o da legisla\u00e7\u00e3o relacionada de entendimento doutrin\u00e1rio e jurisprudencial.<\/p>\n\n\n\n<p>Durante a realiza\u00e7\u00e3o da Prova Escrita e Pr\u00e1tica ser\u00e1 permitida consulta \u00e0 legisla\u00e7\u00e3o n\u00e3o comentada ou anotada, vedada a utiliza\u00e7\u00e3o de obras que contenham formul\u00e1rios, modelos e anota\u00e7\u00f5es pessoais, inclusive apostilas.<\/p>\n\n\n\n<p>A quest\u00e3o pr\u00e1tica consistir\u00e1 na reda\u00e7\u00e3o de escritura, ata, edital, registro, instrumento, de certid\u00e3o ou de quaisquer outros documentos relativos a atos pr\u00f3prios da atividade notarial ou de registro ou solu\u00e7\u00e3o de caso\/problema a respeito de tais atividades.<\/p>\n\n\n\n<p>Ser\u00e1 considerado aprovado na Prova Escrita e Pr\u00e1tica o candidato que obtiver nota igual ou superior a 5, em uma escala de 0 a 10 no total.<\/p>\n\n\n\n<h3 class=\"wp-block-heading\" id=\"h-inscricoes-definitivas\"><span id=\"inscricoes-definitivas\">Inscri\u00e7\u00f5es Definitivas<\/span><\/h3>\n\n\n\n<p>Os documentos para an\u00e1lise dever\u00e3o ser enviados na forma digital (imagem do documento original ou da c\u00f3pia autenticada, frente e verso) por meio de campo espec\u00edfico disponibilizado no link da Inscri\u00e7\u00e3o definitiva.<\/p>\n\n\n\n<p><strong><span style=\"text-decoration: underline;\">Provimento:<\/span><\/strong><\/p>\n\n\n\n<ul class=\"wp-block-list\">\n<li>a) Prova de conclus\u00e3o do curso de bacharel em Direito, por meio de c\u00f3pia digitalizada do respectivo diploma, de certificado de conclus\u00e3o do curso ou do certificado de cola\u00e7\u00e3o de grau ou;<\/li>\n\n\n\n<li>b) Declara\u00e7\u00e3o de que se beneficiar\u00e1 da hip\u00f3tese contemplada pela S\u00famula 266 do STJ, quanto \u00e0 apresenta\u00e7\u00e3o do diploma de conclus\u00e3o do curso de bacharel em Direito, at\u00e9 da data da outorga de delega\u00e7\u00e3o, ou;<\/li>\n\n\n\n<li>c) Prova de que tenha completado dez anos de exerc\u00edcio em servi\u00e7o notarial ou de registro, at\u00e9 a data da primeira publica\u00e7\u00e3o deste Edital no Di\u00e1rio de Justi\u00e7a eletr\u00f4nico do Estado de Esp\u00edrito Santo.<\/li>\n<\/ul>\n\n\n\n<p>A comprova\u00e7\u00e3o do exerc\u00edcio de fun\u00e7\u00e3o em servi\u00e7o notarial ou de registro durante 10 (dez) anos, no m\u00ednimo, dever\u00e1 ser efetuada mediante:<\/p>\n\n\n\n<ul class=\"wp-block-list\">\n<li>a) Certid\u00e3o comprobat\u00f3ria do exerc\u00edcio do cargo durante 10 (dez) anos, no m\u00ednimo, firmada pela autoridade judici\u00e1ria competente do Estado;<\/li>\n\n\n\n<li>b) Apresenta\u00e7\u00e3o de c\u00f3pia autenticada da Carteira de Trabalho ou Extrato de Informa\u00e7\u00e3o Previdenci\u00e1ria, contendo as anota\u00e7\u00f5es trabalhistas do candidato.<\/li>\n<\/ul>\n\n\n\n<p><strong><span style=\"text-decoration: underline;\">Remo\u00e7\u00e3o:<\/span><\/strong><\/p>\n\n\n\n<ul class=\"wp-block-list\">\n<li>a) Certid\u00e3o expedida pela Corregedoria-Geral da Justi\u00e7a do Estado de Esp\u00edrito Santo que comprove o exerc\u00edcio da atividade notarial ou de registro, por mais de 2 (dois) anos, contados da data do efetivo ingresso na atividade at\u00e9 a primeira publica\u00e7\u00e3o deste Edital no Di\u00e1rio da Justi\u00e7a Eletr\u00f4nico do Estado de Esp\u00edrito Santo;<\/li>\n\n\n\n<li>b) Prova de regularidade da serventia e do delegat\u00e1rio, mediante certid\u00f5es negativas das receitas Federal (inclusive Previd\u00eancia Social), Estadual e Municipal, FGTS e d\u00e9bitos trabalhistas.<\/li>\n<\/ul>\n\n\n\n<h3 class=\"wp-block-heading\" id=\"h-prova-oral\"><span id=\"prova-oral\">Prova Oral<\/span><\/h3>\n\n\n\n<p>J\u00e1 a Prova Oral do edital Cart\u00f3rio ES, de car\u00e1ter eliminat\u00f3rio e classificat\u00f3rio, valer\u00e1 10 pontos e ter\u00e1 peso 4.<\/p>\n\n\n\n<p>O sorteio da ordem de argui\u00e7\u00e3o ser\u00e1 realizado em sess\u00e3o p\u00fablica, a qual ser\u00e1 realizada de forma virtual atrav\u00e9s do canal do TJES na plataforma digital YouTube e de forma distinta para cada modalidade de ingresso, provimento e\/ou remo\u00e7\u00e3o (ampla concorr\u00eancia, negros e PcDs).<\/p>\n\n\n\n<p>A etapa versar\u00e1 sobre conhecimentos t\u00e9cnicos acerca de temas relacionados no Anexo II deste Edital, cumprindo \u00e0 Banca Examinadora, composta por no m\u00ednimo 3 membros, avaliar o dom\u00ednio do conhecimento, a adequa\u00e7\u00e3o da linguagem, a articula\u00e7\u00e3o do racioc\u00ednio e a capacidade de argumenta\u00e7\u00e3o do candidato.<\/p>\n\n\n\n<p>Ser\u00e3o considerados habilitados na Prova Oral os candidatos cuja m\u00e9dia aritm\u00e9tica das notas atribu\u00eddas pelos respectivos examinadores for igual ou superior a 5,0 pontos.<\/p>\n\n\n\n<h3 class=\"wp-block-heading\" id=\"h-avaliacao-de-titulos\"><span id=\"avaliacao-de-titulos\">Avalia\u00e7\u00e3o de T\u00edtulos<\/span><\/h3>\n\n\n\n<p>Ser\u00e3o considerados os seguintes t\u00edtulos para pontua\u00e7\u00e3o no edital Cart\u00f3rio ES:<\/p>\n\n\n<div class=\"wp-block-image\">\n<figure class=\"aligncenter size-full\"><img decoding=\"async\" width=\"590\" height=\"958\" src=\"https:\/\/cj.estrategia.com\/portal\/wp-content\/uploads\/2024\/08\/26014448\/Titulos-Cartorio-ES.jpg\" alt=\"t\u00edtulos do concurso cart\u00f3rio ES\" class=\"wp-image-100969\" srcset=\"https:\/\/cj.estrategia.com\/portal\/wp-content\/uploads\/2024\/08\/26014448\/Titulos-Cartorio-ES.jpg 590w, https:\/\/cj.estrategia.com\/portal\/wp-content\/uploads\/2024\/08\/26014448\/Titulos-Cartorio-ES-185x300.jpg 185w, https:\/\/cj.estrategia.com\/portal\/wp-content\/uploads\/2024\/08\/26014448\/Titulos-Cartorio-ES-380x617.jpg 380w, https:\/\/cj.estrategia.com\/portal\/wp-content\/uploads\/2024\/08\/26014448\/Titulos-Cartorio-ES-150x244.jpg 150w\" sizes=\"(max-width: 590px) 100vw, 590px\" \/><\/figure>\n<\/div>\n\n\n<p class=\"has-text-align-center has-very-light-gray-to-cyan-bluish-gray-gradient-background has-background has-medium-font-size\"><a href=\"https:\/\/cj.estrategia.com\/portal\/concurso-cartorio-es\/\" target=\"_blank\" ><strong>Saiba mais detalhes do concurso Cart\u00f3rio ES<\/strong><\/a><\/p>\n\n\n\n<h2 class=\"wp-block-heading has-text-align-center\" id=\"cursos\"><span id=\"quer-saber-tudo-sobre-concursos-previstosconfira-nossos-artigos\">Quer saber tudo sobre concursos previstos?<br>Confira nossos artigos!<\/span><\/h2>\n\n\n\n<ul class=\"wp-block-list\">\n<li><a href=\"https:\/\/cj.estrategia.com\/portal\/concursos-abertos-carreiras-juridicas\/\" target=\"_blank\" >Concursos abertos<\/a><\/li>\n\n\n\n<li><a href=\"https:\/\/cj.estrategia.com\/portal\/concursos-2025-carreiras-juridicas\/\" target=\"_blank\" >Concurso Jur\u00eddicos 2025<\/a><\/li>\n\n\n\n<li><a href=\"https:\/\/cj.estrategia.com\/portal\/concursos-de-cartorio\/\" target=\"_blank\" >Concurso Cart\u00f3rios<\/a><\/li>\n\n\n\n<li><a href=\"https:\/\/cj.estrategia.com\/portal\/exame-nacional-de-cartorios\/\" target=\"_blank\" >Exame Nacional de Cart\u00f3rios<\/a><\/li>\n<\/ul>\n\n\n\n<h2 class=\"wp-block-heading has-text-align-center\" id=\"curso\"><span id=\"cursos-e-assinaturas\"><strong>Cursos e Assinaturas<\/strong><\/span><\/h2>\n\n\n\n<div class=\"wp-block-cover\" style=\"min-height:155px;aspect-ratio:unset;\"><img decoding=\"async\" width=\"1890\" height=\"351\" class=\"wp-block-cover__image-background wp-image-8669\" alt=\"Assinaturas Jur\u00eddicas\" src=\"https:\/\/cj.estrategia.com\/portal\/wp-content\/uploads\/2022\/06\/20151253\/concurso-carreiras-juridicas-assinatura-juridica.jpg\" style=\"object-position:78% 43%\" data-object-fit=\"cover\" data-object-position=\"78% 43%\" srcset=\"https:\/\/cj.estrategia.com\/portal\/wp-content\/uploads\/2022\/06\/20151253\/concurso-carreiras-juridicas-assinatura-juridica.jpg 1890w, https:\/\/cj.estrategia.com\/portal\/wp-content\/uploads\/2022\/06\/20151253\/concurso-carreiras-juridicas-assinatura-juridica-300x56.jpg 300w, https:\/\/cj.estrategia.com\/portal\/wp-content\/uploads\/2022\/06\/20151253\/concurso-carreiras-juridicas-assinatura-juridica-1024x190.jpg 1024w, https:\/\/cj.estrategia.com\/portal\/wp-content\/uploads\/2022\/06\/20151253\/concurso-carreiras-juridicas-assinatura-juridica-768x143.jpg 768w, https:\/\/cj.estrategia.com\/portal\/wp-content\/uploads\/2022\/06\/20151253\/concurso-carreiras-juridicas-assinatura-juridica-1536x285.jpg 1536w, https:\/\/cj.estrategia.com\/portal\/wp-content\/uploads\/2022\/06\/20151253\/concurso-carreiras-juridicas-assinatura-juridica-380x71.jpg 380w, https:\/\/cj.estrategia.com\/portal\/wp-content\/uploads\/2022\/06\/20151253\/concurso-carreiras-juridicas-assinatura-juridica-800x149.jpg 800w, https:\/\/cj.estrategia.com\/portal\/wp-content\/uploads\/2022\/06\/20151253\/concurso-carreiras-juridicas-assinatura-juridica-1160x215.jpg 1160w\" sizes=\"(max-width: 1890px) 100vw, 1890px\" \/><span aria-hidden=\"true\" class=\"wp-block-cover__background has-background-dim\"><\/span><div class=\"wp-block-cover__inner-container is-layout-flow wp-block-cover-is-layout-flow\">\n<h3 id=\"faca-a-sua-assinatura\" class=\"titulo-assinatura\"><span style=\"color: #ffffff;\">Fa\u00e7a a sua assinatura!<\/span><\/h3>\n<p class=\"subtitulo-assinatura\" style=\"display:block!important; line-height: 0;\"><span style=\"color: #ffffff;\">Escolha a sua \u00e1rea.<\/span><\/p>\n<a target=\"_blank\" href=\"https:\/\/www.estrategiaconcursos.com.br\/assinaturas-ecj\/\" rel=\"noopener\"><button style=\"border-radius: 10px; text-transform: capitalize;\">Acessar<\/button><\/a>\n<\/div><\/div>\n\n\n\n<figure class=\"wp-block-image size-large is-resized\"><img decoding=\"async\" src=\"https:\/\/dhg1h5j42swfq.cloudfront.net\/2021\/04\/05154617\/ficha-tecnica-12-1024x632.png\" alt=\"\" class=\"wp-image-707675\" style=\"width:256px;height:158px\"\/><\/figure>\n\n\n\n<h3 class=\"wp-block-heading\" id=\"ficha-tecnica\"><span id=\"informacoes-sobre-o-edital-cartorio-es\">Informa\u00e7\u00f5es sobre o edital Cart\u00f3rio ES<\/span><\/h3>\n\n\n\n<p>\u25ba<strong>Provas<\/strong>: 27\/07\/2025<br>\u25ba<strong>Vagas<\/strong>: 150<br>\u25ba<strong>Lota\u00e7\u00f5es<\/strong>: Esp\u00edrito Santo<br>\u25ba<strong>Banca<\/strong>: FGV<br>\u25ba<strong>Escolaridade<\/strong>: Bacharelado em Direito ou 10 anos de atividade notarial ou de registro<br>\u25ba<a href=\"https:\/\/cj.estrategia.com\/portal\/wp-content\/uploads\/2024\/06\/19173515\/tj-es-2013-edital.pdf\"><\/a><a href=\"https:\/\/cj.estrategia.com\/portal\/wp-content\/uploads\/2025\/02\/26010449\/EDITAL-01.-2025-TJ-ES.pdf\" target=\"_blank\" rel=\"noreferrer noopener nofollow\">Edital Cart\u00f3rio ES 2025<\/a><\/p>\n","protected":false},"excerpt":{"rendered":"Est\u00e1 na pra\u00e7a o novo edital Cart\u00f3rio ES. Conforme o documento, s\u00e3o ofertadas 150 vagas, sendo 100 para&hellip;\n","protected":false},"author":160,"featured_media":20773,"comment_status":"open","ping_status":"open","sticky":false,"template":"","format":"standard","meta":{"_jetpack_memberships_contains_paid_content":false,"footnotes":""},"categories":[29],"tags":[],"tax_estado":[38],"class_list":{"0":"post-100971","1":"post","2":"type-post","3":"status-publish","4":"format-standard","5":"has-post-thumbnail","7":"category-cartorio","8":"tax_estado-es"},"acf":[],"yoast_head":"<!-- This site is optimized with the Yoast SEO Premium plugin v27.4 (Yoast SEO v27.4) - https:\/\/yoast.com\/product\/yoast-seo-premium-wordpress\/ -->\n<title>Edital Cart\u00f3rio ES PUBLICADO; s\u00e3o 150 vagas!<\/title>\n<meta name=\"description\" content=\"Edital Cart\u00f3rio ES publicado com oferta de 150 vagas. Provas em julho! Confira todos os detalhes no blog de Carreira J\u00faridica!\" \/>\n<meta name=\"robots\" content=\"index, follow, max-snippet:-1, max-image-preview:large, max-video-preview:-1\" \/>\n<link rel=\"canonical\" href=\"https:\/\/cj.estrategia.com\/portal\/concurso-cartorio-es-edital-publicado\/\" \/>\n<meta property=\"og:locale\" content=\"pt_BR\" \/>\n<meta property=\"og:type\" content=\"article\" \/>\n<meta property=\"og:title\" content=\"Edital Cart\u00f3rio ES PUBLICADO; s\u00e3o 150 vagas!\" \/>\n<meta property=\"og:description\" content=\"Edital Cart\u00f3rio ES publicado com oferta de 150 vagas. Provas em julho! Confira todos os detalhes no blog de Carreira J\u00faridica!\" \/>\n<meta property=\"og:url\" content=\"https:\/\/cj.estrategia.com\/portal\/concurso-cartorio-es-edital-publicado\/\" \/>\n<meta property=\"og:site_name\" content=\"Blog - Carreiras Jur\u00eddicas - Estrat\u00e9gia\" \/>\n<meta property=\"article:publisher\" content=\"https:\/\/www.facebook.com\/estrategiacarreirajuridica\/\" \/>\n<meta property=\"article:published_time\" content=\"2025-02-26T05:05:30+00:00\" \/>\n<meta property=\"article:modified_time\" content=\"2025-02-26T05:05:34+00:00\" \/>\n<meta property=\"og:image\" content=\"https:\/\/cj.estrategia.com\/portal\/wp-content\/uploads\/2022\/07\/04102041\/Concursos-Cartorios.jpg\" \/>\n\t<meta property=\"og:image:width\" content=\"768\" \/>\n\t<meta property=\"og:image:height\" content=\"432\" \/>\n\t<meta property=\"og:image:type\" content=\"image\/jpeg\" \/>\n<meta name=\"author\" content=\"Rafaela Teixeira\" \/>\n<meta name=\"twitter:card\" content=\"summary_large_image\" \/>\n<meta name=\"twitter:creator\" content=\"@EstratJuridica\" \/>\n<meta name=\"twitter:site\" content=\"@EstratJuridica\" \/>\n<meta name=\"twitter:label1\" content=\"Escrito por\" \/>\n\t<meta name=\"twitter:data1\" content=\"Rafaela Teixeira\" \/>\n\t<meta name=\"twitter:label2\" content=\"Est. tempo de leitura\" \/>\n\t<meta name=\"twitter:data2\" content=\"8 minutos\" \/>\n<script type=\"application\/ld+json\" class=\"yoast-schema-graph\">{\"@context\":\"https:\\\/\\\/schema.org\",\"@graph\":[{\"@type\":\"NewsArticle\",\"@id\":\"https:\\\/\\\/cj.estrategia.com\\\/portal\\\/concurso-cartorio-es-edital-publicado\\\/#article\",\"isPartOf\":{\"@id\":\"https:\\\/\\\/cj.estrategia.com\\\/portal\\\/concurso-cartorio-es-edital-publicado\\\/\"},\"author\":{\"name\":\"Rafaela Teixeira\",\"@id\":\"https:\\\/\\\/cj.estrategia.com\\\/portal\\\/#\\\/schema\\\/person\\\/01a6171bf1bb9a7b64ee452bb5bd24dd\"},\"headline\":\"Edital Cart\u00f3rio ES PUBLICADO; s\u00e3o 150 vagas!\",\"datePublished\":\"2025-02-26T05:05:30+00:00\",\"dateModified\":\"2025-02-26T05:05:34+00:00\",\"mainEntityOfPage\":{\"@id\":\"https:\\\/\\\/cj.estrategia.com\\\/portal\\\/concurso-cartorio-es-edital-publicado\\\/\"},\"wordCount\":1360,\"commentCount\":0,\"publisher\":{\"@id\":\"https:\\\/\\\/cj.estrategia.com\\\/portal\\\/#organization\"},\"image\":{\"@id\":\"https:\\\/\\\/cj.estrategia.com\\\/portal\\\/concurso-cartorio-es-edital-publicado\\\/#primaryimage\"},\"thumbnailUrl\":\"https:\\\/\\\/cj.estrategia.com\\\/portal\\\/wp-content\\\/uploads\\\/2022\\\/07\\\/04102041\\\/Concursos-Cartorios.jpg\",\"articleSection\":[\"Cart\u00f3rio\"],\"inLanguage\":\"pt-BR\",\"potentialAction\":[{\"@type\":\"CommentAction\",\"name\":\"Comment\",\"target\":[\"https:\\\/\\\/cj.estrategia.com\\\/portal\\\/concurso-cartorio-es-edital-publicado\\\/#respond\"]}]},{\"@type\":\"WebPage\",\"@id\":\"https:\\\/\\\/cj.estrategia.com\\\/portal\\\/concurso-cartorio-es-edital-publicado\\\/\",\"url\":\"https:\\\/\\\/cj.estrategia.com\\\/portal\\\/concurso-cartorio-es-edital-publicado\\\/\",\"name\":\"Edital Cart\u00f3rio ES PUBLICADO; s\u00e3o 150 vagas!\",\"isPartOf\":{\"@id\":\"https:\\\/\\\/cj.estrategia.com\\\/portal\\\/#website\"},\"primaryImageOfPage\":{\"@id\":\"https:\\\/\\\/cj.estrategia.com\\\/portal\\\/concurso-cartorio-es-edital-publicado\\\/#primaryimage\"},\"image\":{\"@id\":\"https:\\\/\\\/cj.estrategia.com\\\/portal\\\/concurso-cartorio-es-edital-publicado\\\/#primaryimage\"},\"thumbnailUrl\":\"https:\\\/\\\/cj.estrategia.com\\\/portal\\\/wp-content\\\/uploads\\\/2022\\\/07\\\/04102041\\\/Concursos-Cartorios.jpg\",\"datePublished\":\"2025-02-26T05:05:30+00:00\",\"dateModified\":\"2025-02-26T05:05:34+00:00\",\"description\":\"Edital Cart\u00f3rio ES publicado com oferta de 150 vagas. Provas em julho! Confira todos os detalhes no blog de Carreira J\u00faridica!\",\"breadcrumb\":{\"@id\":\"https:\\\/\\\/cj.estrategia.com\\\/portal\\\/concurso-cartorio-es-edital-publicado\\\/#breadcrumb\"},\"inLanguage\":\"pt-BR\",\"potentialAction\":[{\"@type\":\"ReadAction\",\"target\":[\"https:\\\/\\\/cj.estrategia.com\\\/portal\\\/concurso-cartorio-es-edital-publicado\\\/\"]}]},{\"@type\":\"ImageObject\",\"inLanguage\":\"pt-BR\",\"@id\":\"https:\\\/\\\/cj.estrategia.com\\\/portal\\\/concurso-cartorio-es-edital-publicado\\\/#primaryimage\",\"url\":\"https:\\\/\\\/cj.estrategia.com\\\/portal\\\/wp-content\\\/uploads\\\/2022\\\/07\\\/04102041\\\/Concursos-Cartorios.jpg\",\"contentUrl\":\"https:\\\/\\\/cj.estrategia.com\\\/portal\\\/wp-content\\\/uploads\\\/2022\\\/07\\\/04102041\\\/Concursos-Cartorios.jpg\",\"width\":768,\"height\":432,\"caption\":\"Concurso de Cart\u00f3rio\"},{\"@type\":\"BreadcrumbList\",\"@id\":\"https:\\\/\\\/cj.estrategia.com\\\/portal\\\/concurso-cartorio-es-edital-publicado\\\/#breadcrumb\",\"itemListElement\":[{\"@type\":\"ListItem\",\"position\":1,\"name\":\"In\u00edcio\",\"item\":\"https:\\\/\\\/cj.estrategia.com\\\/portal\\\/\"},{\"@type\":\"ListItem\",\"position\":2,\"name\":\"Edital Cart\u00f3rio ES PUBLICADO; s\u00e3o 150 vagas!\"}]},{\"@type\":\"WebSite\",\"@id\":\"https:\\\/\\\/cj.estrategia.com\\\/portal\\\/#website\",\"url\":\"https:\\\/\\\/cj.estrategia.com\\\/portal\\\/\",\"name\":\"Blog - Carreiras Jur\u00eddicas - Estrat\u00e9gia\",\"description\":\"\",\"publisher\":{\"@id\":\"https:\\\/\\\/cj.estrategia.com\\\/portal\\\/#organization\"},\"potentialAction\":[{\"@type\":\"SearchAction\",\"target\":{\"@type\":\"EntryPoint\",\"urlTemplate\":\"https:\\\/\\\/cj.estrategia.com\\\/portal\\\/?s={search_term_string}\"},\"query-input\":{\"@type\":\"PropertyValueSpecification\",\"valueRequired\":true,\"valueName\":\"search_term_string\"}}],\"inLanguage\":\"pt-BR\"},{\"@type\":\"Organization\",\"@id\":\"https:\\\/\\\/cj.estrategia.com\\\/portal\\\/#organization\",\"name\":\"Estrat\u00e9gia - Carreiras Jur\u00eddicas\",\"url\":\"https:\\\/\\\/cj.estrategia.com\\\/portal\\\/\",\"logo\":{\"@type\":\"ImageObject\",\"inLanguage\":\"pt-BR\",\"@id\":\"https:\\\/\\\/cj.estrategia.com\\\/portal\\\/#\\\/schema\\\/logo\\\/image\\\/\",\"url\":\"https:\\\/\\\/cj.estrategia.com\\\/portal\\\/wp-content\\\/uploads\\\/2022\\\/03\\\/11151052\\\/cj-logo.png\",\"contentUrl\":\"https:\\\/\\\/cj.estrategia.com\\\/portal\\\/wp-content\\\/uploads\\\/2022\\\/03\\\/11151052\\\/cj-logo.png\",\"width\":150,\"height\":39,\"caption\":\"Estrat\u00e9gia - Carreiras Jur\u00eddicas\"},\"image\":{\"@id\":\"https:\\\/\\\/cj.estrategia.com\\\/portal\\\/#\\\/schema\\\/logo\\\/image\\\/\"},\"sameAs\":[\"https:\\\/\\\/www.facebook.com\\\/estrategiacarreirajuridica\\\/\",\"https:\\\/\\\/x.com\\\/EstratJuridica\",\"https:\\\/\\\/www.instagram.com\\\/estrategiacarreirajuridica\\\/\",\"https:\\\/\\\/www.youtube.com\\\/channel\\\/UClbMGuYbj2Mh1m3w144ETWQ\"]},{\"@type\":\"Person\",\"@id\":\"https:\\\/\\\/cj.estrategia.com\\\/portal\\\/#\\\/schema\\\/person\\\/01a6171bf1bb9a7b64ee452bb5bd24dd\",\"name\":\"Rafaela Teixeira\",\"image\":{\"@type\":\"ImageObject\",\"inLanguage\":\"pt-BR\",\"@id\":\"https:\\\/\\\/secure.gravatar.com\\\/avatar\\\/db1b3ed60566124cc2f351d97a6196cbfc9578e24a29fa553073e5deb4e31728?s=96&d=mm&r=g\",\"url\":\"https:\\\/\\\/secure.gravatar.com\\\/avatar\\\/db1b3ed60566124cc2f351d97a6196cbfc9578e24a29fa553073e5deb4e31728?s=96&d=mm&r=g\",\"contentUrl\":\"https:\\\/\\\/secure.gravatar.com\\\/avatar\\\/db1b3ed60566124cc2f351d97a6196cbfc9578e24a29fa553073e5deb4e31728?s=96&d=mm&r=g\",\"caption\":\"Rafaela Teixeira\"},\"description\":\"Advogada conveniada \u00e0 Defensoria P\u00fablica de S\u00e3o Paulo pela OAB, com experi\u00eancia em reda\u00e7\u00e3o jur\u00eddica e atua\u00e7\u00e3o em institui\u00e7\u00f5es p\u00fablicas, incluindo est\u00e1gio no TRE-SP. Possui seis anos de experi\u00eancia na produ\u00e7\u00e3o de conte\u00fados voltados ao nicho de concursos p\u00fablicos, desenvolvendo diariamente textos otimizados para SEO. No Estrat\u00e9gia Concursos atua como Analista de Conte\u00fado S\u00eanior, com foco na apura\u00e7\u00e3o de informa\u00e7\u00f5es junto aos \u00f3rg\u00e3os e fontes oficiais. Tamb\u00e9m \u00e9 respons\u00e1vel pelo setor noturno do jornalismo, garantindo a continuidade e fluidez na publica\u00e7\u00e3o de artigos.\",\"url\":\"https:\\\/\\\/cj.estrategia.com\\\/portal\\\/author\\\/rafaela-teixeira\\\/\"}]}<\/script>\n<!-- \/ Yoast SEO Premium plugin. -->","yoast_head_json":{"title":"Edital Cart\u00f3rio ES PUBLICADO; s\u00e3o 150 vagas!","description":"Edital Cart\u00f3rio ES publicado com oferta de 150 vagas. Provas em julho! Confira todos os detalhes no blog de Carreira J\u00faridica!","robots":{"index":"index","follow":"follow","max-snippet":"max-snippet:-1","max-image-preview":"max-image-preview:large","max-video-preview":"max-video-preview:-1"},"canonical":"https:\/\/cj.estrategia.com\/portal\/concurso-cartorio-es-edital-publicado\/","og_locale":"pt_BR","og_type":"article","og_title":"Edital Cart\u00f3rio ES PUBLICADO; s\u00e3o 150 vagas!","og_description":"Edital Cart\u00f3rio ES publicado com oferta de 150 vagas. Provas em julho! Confira todos os detalhes no blog de Carreira J\u00faridica!","og_url":"https:\/\/cj.estrategia.com\/portal\/concurso-cartorio-es-edital-publicado\/","og_site_name":"Blog - Carreiras Jur\u00eddicas - Estrat\u00e9gia","article_publisher":"https:\/\/www.facebook.com\/estrategiacarreirajuridica\/","article_published_time":"2025-02-26T05:05:30+00:00","article_modified_time":"2025-02-26T05:05:34+00:00","og_image":[{"width":768,"height":432,"url":"https:\/\/cj.estrategia.com\/portal\/wp-content\/uploads\/2022\/07\/04102041\/Concursos-Cartorios.jpg","type":"image\/jpeg"}],"author":"Rafaela Teixeira","twitter_card":"summary_large_image","twitter_creator":"@EstratJuridica","twitter_site":"@EstratJuridica","twitter_misc":{"Escrito por":"Rafaela Teixeira","Est. tempo de leitura":"8 minutos"},"schema":{"@context":"https:\/\/schema.org","@graph":[{"@type":"NewsArticle","@id":"https:\/\/cj.estrategia.com\/portal\/concurso-cartorio-es-edital-publicado\/#article","isPartOf":{"@id":"https:\/\/cj.estrategia.com\/portal\/concurso-cartorio-es-edital-publicado\/"},"author":{"name":"Rafaela Teixeira","@id":"https:\/\/cj.estrategia.com\/portal\/#\/schema\/person\/01a6171bf1bb9a7b64ee452bb5bd24dd"},"headline":"Edital Cart\u00f3rio ES PUBLICADO; s\u00e3o 150 vagas!","datePublished":"2025-02-26T05:05:30+00:00","dateModified":"2025-02-26T05:05:34+00:00","mainEntityOfPage":{"@id":"https:\/\/cj.estrategia.com\/portal\/concurso-cartorio-es-edital-publicado\/"},"wordCount":1360,"commentCount":0,"publisher":{"@id":"https:\/\/cj.estrategia.com\/portal\/#organization"},"image":{"@id":"https:\/\/cj.estrategia.com\/portal\/concurso-cartorio-es-edital-publicado\/#primaryimage"},"thumbnailUrl":"https:\/\/cj.estrategia.com\/portal\/wp-content\/uploads\/2022\/07\/04102041\/Concursos-Cartorios.jpg","articleSection":["Cart\u00f3rio"],"inLanguage":"pt-BR","potentialAction":[{"@type":"CommentAction","name":"Comment","target":["https:\/\/cj.estrategia.com\/portal\/concurso-cartorio-es-edital-publicado\/#respond"]}]},{"@type":"WebPage","@id":"https:\/\/cj.estrategia.com\/portal\/concurso-cartorio-es-edital-publicado\/","url":"https:\/\/cj.estrategia.com\/portal\/concurso-cartorio-es-edital-publicado\/","name":"Edital Cart\u00f3rio ES PUBLICADO; s\u00e3o 150 vagas!","isPartOf":{"@id":"https:\/\/cj.estrategia.com\/portal\/#website"},"primaryImageOfPage":{"@id":"https:\/\/cj.estrategia.com\/portal\/concurso-cartorio-es-edital-publicado\/#primaryimage"},"image":{"@id":"https:\/\/cj.estrategia.com\/portal\/concurso-cartorio-es-edital-publicado\/#primaryimage"},"thumbnailUrl":"https:\/\/cj.estrategia.com\/portal\/wp-content\/uploads\/2022\/07\/04102041\/Concursos-Cartorios.jpg","datePublished":"2025-02-26T05:05:30+00:00","dateModified":"2025-02-26T05:05:34+00:00","description":"Edital Cart\u00f3rio ES publicado com oferta de 150 vagas. Provas em julho! Confira todos os detalhes no blog de Carreira J\u00faridica!","breadcrumb":{"@id":"https:\/\/cj.estrategia.com\/portal\/concurso-cartorio-es-edital-publicado\/#breadcrumb"},"inLanguage":"pt-BR","potentialAction":[{"@type":"ReadAction","target":["https:\/\/cj.estrategia.com\/portal\/concurso-cartorio-es-edital-publicado\/"]}]},{"@type":"ImageObject","inLanguage":"pt-BR","@id":"https:\/\/cj.estrategia.com\/portal\/concurso-cartorio-es-edital-publicado\/#primaryimage","url":"https:\/\/cj.estrategia.com\/portal\/wp-content\/uploads\/2022\/07\/04102041\/Concursos-Cartorios.jpg","contentUrl":"https:\/\/cj.estrategia.com\/portal\/wp-content\/uploads\/2022\/07\/04102041\/Concursos-Cartorios.jpg","width":768,"height":432,"caption":"Concurso de Cart\u00f3rio"},{"@type":"BreadcrumbList","@id":"https:\/\/cj.estrategia.com\/portal\/concurso-cartorio-es-edital-publicado\/#breadcrumb","itemListElement":[{"@type":"ListItem","position":1,"name":"In\u00edcio","item":"https:\/\/cj.estrategia.com\/portal\/"},{"@type":"ListItem","position":2,"name":"Edital Cart\u00f3rio ES PUBLICADO; s\u00e3o 150 vagas!"}]},{"@type":"WebSite","@id":"https:\/\/cj.estrategia.com\/portal\/#website","url":"https:\/\/cj.estrategia.com\/portal\/","name":"Blog - Carreiras Jur\u00eddicas - Estrat\u00e9gia","description":"","publisher":{"@id":"https:\/\/cj.estrategia.com\/portal\/#organization"},"potentialAction":[{"@type":"SearchAction","target":{"@type":"EntryPoint","urlTemplate":"https:\/\/cj.estrategia.com\/portal\/?s={search_term_string}"},"query-input":{"@type":"PropertyValueSpecification","valueRequired":true,"valueName":"search_term_string"}}],"inLanguage":"pt-BR"},{"@type":"Organization","@id":"https:\/\/cj.estrategia.com\/portal\/#organization","name":"Estrat\u00e9gia - Carreiras Jur\u00eddicas","url":"https:\/\/cj.estrategia.com\/portal\/","logo":{"@type":"ImageObject","inLanguage":"pt-BR","@id":"https:\/\/cj.estrategia.com\/portal\/#\/schema\/logo\/image\/","url":"https:\/\/cj.estrategia.com\/portal\/wp-content\/uploads\/2022\/03\/11151052\/cj-logo.png","contentUrl":"https:\/\/cj.estrategia.com\/portal\/wp-content\/uploads\/2022\/03\/11151052\/cj-logo.png","width":150,"height":39,"caption":"Estrat\u00e9gia - Carreiras Jur\u00eddicas"},"image":{"@id":"https:\/\/cj.estrategia.com\/portal\/#\/schema\/logo\/image\/"},"sameAs":["https:\/\/www.facebook.com\/estrategiacarreirajuridica\/","https:\/\/x.com\/EstratJuridica","https:\/\/www.instagram.com\/estrategiacarreirajuridica\/","https:\/\/www.youtube.com\/channel\/UClbMGuYbj2Mh1m3w144ETWQ"]},{"@type":"Person","@id":"https:\/\/cj.estrategia.com\/portal\/#\/schema\/person\/01a6171bf1bb9a7b64ee452bb5bd24dd","name":"Rafaela Teixeira","image":{"@type":"ImageObject","inLanguage":"pt-BR","@id":"https:\/\/secure.gravatar.com\/avatar\/db1b3ed60566124cc2f351d97a6196cbfc9578e24a29fa553073e5deb4e31728?s=96&d=mm&r=g","url":"https:\/\/secure.gravatar.com\/avatar\/db1b3ed60566124cc2f351d97a6196cbfc9578e24a29fa553073e5deb4e31728?s=96&d=mm&r=g","contentUrl":"https:\/\/secure.gravatar.com\/avatar\/db1b3ed60566124cc2f351d97a6196cbfc9578e24a29fa553073e5deb4e31728?s=96&d=mm&r=g","caption":"Rafaela Teixeira"},"description":"Advogada conveniada \u00e0 Defensoria P\u00fablica de S\u00e3o Paulo pela OAB, com experi\u00eancia em reda\u00e7\u00e3o jur\u00eddica e atua\u00e7\u00e3o em institui\u00e7\u00f5es p\u00fablicas, incluindo est\u00e1gio no TRE-SP. Possui seis anos de experi\u00eancia na produ\u00e7\u00e3o de conte\u00fados voltados ao nicho de concursos p\u00fablicos, desenvolvendo diariamente textos otimizados para SEO. No Estrat\u00e9gia Concursos atua como Analista de Conte\u00fado S\u00eanior, com foco na apura\u00e7\u00e3o de informa\u00e7\u00f5es junto aos \u00f3rg\u00e3os e fontes oficiais. Tamb\u00e9m \u00e9 respons\u00e1vel pelo setor noturno do jornalismo, garantindo a continuidade e fluidez na publica\u00e7\u00e3o de artigos.","url":"https:\/\/cj.estrategia.com\/portal\/author\/rafaela-teixeira\/"}]}},"jetpack_featured_media_url":"https:\/\/cj.estrategia.com\/portal\/wp-content\/uploads\/2022\/07\/04102041\/Concursos-Cartorios.jpg","jetpack_sharing_enabled":true,"_links":{"self":[{"href":"https:\/\/cj.estrategia.com\/portal\/wp-json\/wp\/v2\/posts\/100971","targetHints":{"allow":["GET"]}}],"collection":[{"href":"https:\/\/cj.estrategia.com\/portal\/wp-json\/wp\/v2\/posts"}],"about":[{"href":"https:\/\/cj.estrategia.com\/portal\/wp-json\/wp\/v2\/types\/post"}],"author":[{"embeddable":true,"href":"https:\/\/cj.estrategia.com\/portal\/wp-json\/wp\/v2\/users\/160"}],"replies":[{"embeddable":true,"href":"https:\/\/cj.estrategia.com\/portal\/wp-json\/wp\/v2\/comments?post=100971"}],"version-history":[{"count":2,"href":"https:\/\/cj.estrategia.com\/portal\/wp-json\/wp\/v2\/posts\/100971\/revisions"}],"predecessor-version":[{"id":100973,"href":"https:\/\/cj.estrategia.com\/portal\/wp-json\/wp\/v2\/posts\/100971\/revisions\/100973"}],"wp:featuredmedia":[{"embeddable":true,"href":"https:\/\/cj.estrategia.com\/portal\/wp-json\/wp\/v2\/media\/20773"}],"wp:attachment":[{"href":"https:\/\/cj.estrategia.com\/portal\/wp-json\/wp\/v2\/media?parent=100971"}],"wp:term":[{"taxonomy":"category","embeddable":true,"href":"https:\/\/cj.estrategia.com\/portal\/wp-json\/wp\/v2\/categories?post=100971"},{"taxonomy":"post_tag","embeddable":true,"href":"https:\/\/cj.estrategia.com\/portal\/wp-json\/wp\/v2\/tags?post=100971"},{"taxonomy":"tax_estado","embeddable":true,"href":"https:\/\/cj.estrategia.com\/portal\/wp-json\/wp\/v2\/tax_estado?post=100971"}],"curies":[{"name":"wp","href":"https:\/\/api.w.org\/{rel}","templated":true}]}}