{"id":100109,"date":"2025-02-21T13:37:35","date_gmt":"2025-02-21T16:37:35","guid":{"rendered":"https:\/\/cj.estrategia.com\/portal\/?p=100109"},"modified":"2025-02-21T13:37:41","modified_gmt":"2025-02-21T16:37:41","slug":"globo-suzane-richthofen-laudo-sigiloso","status":"publish","type":"post","link":"https:\/\/cj.estrategia.com\/portal\/globo-suzane-richthofen-laudo-sigiloso\/","title":{"rendered":"Globo indenizar\u00e1 Suzane von Richthofen por divulga\u00e7\u00e3o de laudo sigiloso"},"content":{"rendered":"\n<p class=\"has-small-font-size\"><strong>* Thiago de Paula Leite \u00e9 procurador do Estado de S\u00e3o Paulo e professor de direito ambiental e agr\u00e1rio do Estrat\u00e9gia.<\/strong><\/p>\n\n\n\n<h2 class=\"wp-block-heading\" id=\"h-entenda-o-que-aconteceu\"><span id=\"entenda-o-que-aconteceu\">Entenda o que aconteceu<\/span><\/h2>\n\n\n\n<p>A TV Globo acabou sendo condenada a pagar uma indeniza\u00e7\u00e3o de dez mil reais a Suzane von Richthofen, condenada pelo assassinato dos pais em 2002, por exibir um laudo psicol\u00f3gico sigiloso, em reportagem de 2018.<\/p>\n\n\n\n<p>O Tribunal de Justi\u00e7a de S\u00e3o Paulo entendeu que os direitos individuais de Suzane foram violados em decorr\u00eancia da divulga\u00e7\u00e3o, sem consentimento, do documento que avaliava se a condenada poderia cumprir parte da pena em regime semiaberto. O pagamento do valor ocorreu no final de 2024.<\/p>\n\n\n\n<p>Richthofen acionou a emissora judicialmente ap\u00f3s a exibi\u00e7\u00e3o do documento, que analisava sua aptid\u00e3o para a progress\u00e3o ao regime semiaberto. O laudo indicava que n\u00e3o havia ind\u00edcios de que Suzane representasse risco \u00e0 sociedade, favorecendo sua reintegra\u00e7\u00e3o. No entanto, tamb\u00e9m apontava tra\u00e7os de personalidade manipuladora e agressividade dissimulada.<\/p>\n\n\n\n<p>O relator do recurso no Tribunal de Justi\u00e7a de S\u00e3o Paulo, o desembargador Rui Cascaldi, destacou que, apesar da notoriedade do crime, a condenada n\u00e3o perdeu seus direitos individuais fundamentais.<\/p>\n\n\n\n<p>Pontuou o magistrado:<\/p>\n\n\n\n<pre class=\"wp-block-verse\">\u201cEssa esp\u00e9cie de divulga\u00e7\u00e3o, resguardada a liberdade que a imprensa deve ter em um pa\u00eds democr\u00e1tico como o Brasil, transborda a mera informa\u00e7\u00e3o\u201d.<\/pre>\n\n\n\n<p>Atualmente, Suzane cumpre pena em regime aberto.<\/p>\n\n\n\n<h2 class=\"wp-block-heading\" id=\"h-relembre-o-caso\"><span id=\"relembre-o-caso\">Relembre o caso<\/span><\/h2>\n\n\n\n<p>Suzane foi condenada pelo assassinato dos pais, Mar\u00edsia e Manfred Von Richthofen. Consideraram-na mentora de um dos crimes mais b\u00e1rbaros que j\u00e1 assombrou o pa\u00eds. A execu\u00e7\u00e3o do crime ficou a cargo dos irm\u00e3os Cravinhos (Daniel, seu namorado \u00e0 \u00e9poca, e Cristian).<\/p>\n\n\n\n<p>O crime aconteceu na noite de 31 de outubro de 2002, no quarto em que o casal dormia na casa da fam\u00edlia, uma mans\u00e3o no bairro Campo Belo, em S\u00e3o Paulo.<\/p>\n\n\n\n<p>Suzane levou os irm\u00e3os Cravinho em seu carro e abriu a porta da resid\u00eancia para que eles matassem Manfred e Mar\u00edsia com golpes de porrete na cabe\u00e7a. Antes, Suzane subiu ao quarto e se certificou de que os pais dormiam. Em seguida, os tr\u00eas simularam um cen\u00e1rio de roubo.<\/p>\n\n\n\n<p>A motiva\u00e7\u00e3o do crime tamb\u00e9m era clara: o relacionamento de Suzane com Daniel n\u00e3o era bem-visto pelos pais dela, especialmente Manfred. Ele teria usado de for\u00e7a f\u00edsica contra a filha e prometido deserd\u00e1-la, caso n\u00e3o desse fim ao namoro.<\/p>\n\n\n\n<p>Suzane foi condenada a 39 anos e seis meses de pris\u00e3o em regime fechado, mesma pena aplicada a Daniel Cravinho. Cristian Cravinho pegou 38 anos e seis meses de reclus\u00e3o.<\/p>\n\n\n\n<h2 class=\"wp-block-heading\" id=\"h-vida-de-suzane-von-richthofen-hoje\"><span id=\"vida-de-suzane-von-richthofen-hoje\">Vida de Suzane von Richthofen hoje<\/span><\/h2>\n\n\n\n<p>Depois que saiu da pris\u00e3o para cumprir o restante da pena em liberdade, a vida de Richthofen sofreu algumas reviravoltas. Ela come\u00e7ou abrindo uma pequena empresa de acess\u00f3rios femininos feitos \u00e0 m\u00e3o em Angatuba.<\/p>\n\n\n\n<p>Depois, com autoriza\u00e7\u00e3o judicial, come\u00e7ou a cursar biomedicina no Centro Universit\u00e1rio Sudoeste Paulista, em Itapetininga.<\/p>\n\n\n\n<p>Posteriormente ela se inscreveu para um cargo p\u00fablico de telefonista na C\u00e2mara Municipal de Avar\u00e9. Conforme a assessoria da C\u00e2mara, o concurso aconteceu, mas Suzane n\u00e3o compareceu para fazer a prova.<\/p>\n\n\n\n<p>Iniciou um relacionamento com o m\u00e9dico Felipe Zecchini Muniz, com quem teve o seu primeiro filho, e hoje vive em Bragan\u00e7a Paulista. Com sua nota do Enem (Exame Nacional do Ensino M\u00e9dio), retomou os estudos em Direito na Universidade S\u00e3o Francisco.<\/p>\n\n\n\n<p>Tentou ingressar no Tribunal de Justi\u00e7a de S\u00e3o Paulo, no cargo de escrevente, mas acabou n\u00e3o avan\u00e7ando para a segunda fase do concurso (n\u00e3o atingiu a pontua\u00e7\u00e3o m\u00ednima de 73 pontos, de um total de 100).<\/p>\n\n\n\n<h2 class=\"wp-block-heading\" id=\"h-analise-juridica\"><span id=\"analise-juridica\">An\u00e1lise jur\u00eddica<\/span><\/h2>\n\n\n\n<p>O caso envolve uma complexa discuss\u00e3o acerca de dois princ\u00edpios fundamentais: <strong>liberdade de express\u00e3o x prote\u00e7\u00e3o dos direitos individuais fundamentais (honra, privacidade e imagem)<\/strong>.<\/p>\n\n\n\n<p>A Constitui\u00e7\u00e3o Federal protege tanto o <strong>direito \u00e0 liberdade de express\u00e3o<\/strong> quanto o <strong>direito \u00e0 privacidade e \u00e0 imagem<\/strong>.<\/p>\n\n\n\n<pre class=\"wp-block-preformatted\">CF\/88<br><br>Art. 5\u00ba Todos s\u00e3o iguais perante a lei, sem distin\u00e7\u00e3o de qualquer natureza, garantindo-se aos brasileiros e aos estrangeiros residentes no Pa\u00eds a inviolabilidade do direito \u00e0 vida, \u00e0 liberdade, \u00e0 igualdade, \u00e0 seguran\u00e7a e \u00e0 propriedade, nos termos seguintes...<br><br><strong>IV - \u00e9 livre a manifesta\u00e7\u00e3o do pensamento, sendo vedado o anonimato;<\/strong><br><br>...<br><br>X - <strong>s\u00e3o inviol\u00e1veis<\/strong> a intimidade, a <strong>vida privada<\/strong>, a <strong>honra <\/strong>e a <strong>imagem das pessoas<\/strong>, assegurado o direito a indeniza\u00e7\u00e3o pelo dano material ou moral decorrente de sua viola\u00e7\u00e3o;<br><br>...<br><br>Art. 220. <strong>A manifesta\u00e7\u00e3o do pensamento, a cria\u00e7\u00e3o, a express\u00e3o e a informa\u00e7\u00e3o<\/strong>, sob qualquer forma, processo ou ve\u00edculo <strong>n\u00e3o sofrer\u00e3o qualquer restri\u00e7\u00e3o<\/strong>, observado o disposto nesta Constitui\u00e7\u00e3o.<br><br>...<br><br><strong>\u00a7 2\u00ba \u00c9 vedada toda e qualquer censura de natureza pol\u00edtica, ideol\u00f3gica e art\u00edstica.<\/strong><\/pre>\n\n\n\n<p>Mas n\u00e3o existem direitos absolutos. Todos os direitos devem observar certas balizas institu\u00eddas pelo pr\u00f3prio ordenamento jur\u00eddico. A liberdade de express\u00e3o, integrante das liberdades p\u00fablicas, \u00e9 cl\u00e1usula p\u00e9trea, mas n\u00e3o pode ser exercida de maneira a ofender a dignidade humana de outrem ou de grupos minorit\u00e1rios.<\/p>\n\n\n\n<p>Dino ressaltou, no Recurso Extraordin\u00e1rio com Agravo (ARE) 1.513.428, que o Supremo tem entendimento consolidado de que o direito \u00e0 liberdade de express\u00e3o e de livre manifesta\u00e7\u00e3o do pensamento n\u00e3o s\u00e3o absolutos, cabendo interven\u00e7\u00e3o da Justi\u00e7a em situa\u00e7\u00f5es de evidente abuso:<\/p>\n\n\n\n<pre class=\"wp-block-verse\">\u201cEntendo que as obras jur\u00eddicas adversadas n\u00e3o est\u00e3o albergadas pelo manto da liberdade de express\u00e3o, pois<strong>, <mark style=\"background-color:rgba(0, 0, 0, 0)\" class=\"has-inline-color has-vivid-cyan-blue-color\">ao atribu\u00edrem \u00e0s mulheres e \u00e0 comunidade LGBTQIAPN+ caracter\u00edsticas depreciativas, fazendo um ju\u00edzo de valor negativo e utilizando-se de express\u00f5es mis\u00f3ginas e homotransf\u00f3bicas, afrontam o direito \u00e0 igualdade e violam o postulado da dignidade da pessoa humana, endossando o cen\u00e1rio de viol\u00eancia, \u00f3dio e preconceito contra esses grupos vulner\u00e1veis<\/mark><\/strong>\".<\/pre>\n\n\n\n<p>Portanto, o Tribunal reconheceu que o laudo era sigiloso, e, n\u00e3o havendo autoriza\u00e7\u00e3o da apenada, sua divulga\u00e7\u00e3o, em rede nacional, acabou por ferir os direitos fundamentais \u00e0 privacidade.<\/p>\n\n\n\n<p>Nesse contexto, podemos discutir, tamb\u00e9m, o direito ao esquecimento. Mas o que vem a ser esse direito ao esquecimento? Vejamos.<\/p>\n\n\n<div class=\"wp-block-image\">\n<figure class=\"aligncenter size-full\"><img decoding=\"async\" width=\"621\" height=\"142\" src=\"https:\/\/cj.estrategia.com\/portal\/wp-content\/uploads\/2025\/02\/21130336\/direito-ao-esquecimento.png\" alt=\"Richthofen\" class=\"wp-image-100110\" srcset=\"https:\/\/cj.estrategia.com\/portal\/wp-content\/uploads\/2025\/02\/21130336\/direito-ao-esquecimento.png 621w, https:\/\/cj.estrategia.com\/portal\/wp-content\/uploads\/2025\/02\/21130336\/direito-ao-esquecimento-300x69.png 300w, https:\/\/cj.estrategia.com\/portal\/wp-content\/uploads\/2025\/02\/21130336\/direito-ao-esquecimento-380x87.png 380w, https:\/\/cj.estrategia.com\/portal\/wp-content\/uploads\/2025\/02\/21130336\/direito-ao-esquecimento-150x34.png 150w\" sizes=\"(max-width: 621px) 100vw, 621px\" \/><\/figure>\n<\/div>\n\n\n<p>O direito ao esquecimento tamb\u00e9m \u00e9 conhecido como \u201cdireito de ser deixado em paz\u201d ou o \u201cdireito de estar s\u00f3\u201d.<\/p>\n\n\n\n<p class=\"has-background\" style=\"background-color:#dddddd\"><strong><mark style=\"background-color:rgba(0, 0, 0, 0)\" class=\"has-inline-color has-vivid-red-color\">Fundamentos do direito ao esquecimento<\/mark><\/strong><\/p>\n\n\n\n<ul class=\"wp-block-list\">\n<li>Direito \u00e0 privacidade;<\/li>\n\n\n\n<li>Direito \u00e0 intimidade;<\/li>\n\n\n\n<li>Direito \u00e0 honra; e<\/li>\n\n\n\n<li>Dignidade da pessoa humana.<\/li>\n<\/ul>\n\n\n\n<h3 class=\"wp-block-heading\" id=\"h-criticas-ao-direito-ao-esquecimento\"><span id=\"criticas-ao-direito-ao-esquecimento\">Cr\u00edticas ao direito ao esquecimento<\/span><\/h3>\n\n\n\n<pre class=\"wp-block-verse\">O Ministro do STJ, Luis Felipe Salom\u00e3o, no julgamento do REsp 1.335.153-RJ, destacou os seguintes pontos contr\u00e1rios ao direito ao esquecimento:<br><br><strong><mark style=\"background-color:rgba(0, 0, 0, 0)\" class=\"has-inline-color has-vivid-cyan-blue-color\">a) O acolhimento do chamado direito ao esquecimento constituiria um atentado \u00e0 liberdade de express\u00e3o e de imprensa;<br><br>b) O direito de fazer desaparecer as informa\u00e7\u00f5es que retratam uma pessoa significa perda da pr\u00f3pria hist\u00f3ria, o que vale dizer que o direito ao esquecimento afronta o direito \u00e0 mem\u00f3ria de toda a sociedade;<br><br>c) O direito ao esquecimento teria o cond\u00e3o de fazer desaparecer registros sobre crimes e criminosos perversos, que entraram para a hist\u00f3ria social, policial e judici\u00e1ria, informa\u00e7\u00f5es de ineg\u00e1vel interesse p\u00fablico;<br><br>d) \u00c9 absurdo imaginar que uma informa\u00e7\u00e3o que \u00e9 l\u00edcita se torne il\u00edcita pelo simples fato de que j\u00e1 passou muito tempo desde a sua ocorr\u00eancia;<br><br>e) Quando algu\u00e9m se insere em um fato de interesse coletivo, mitiga-se a prote\u00e7\u00e3o \u00e0 intimidade e privacidade em benef\u00edcio do interesse p\u00fablico.<\/mark><\/strong><\/pre>\n\n\n\n<p>Importante destacar que em 2013, na VI Jornada de Direito Civil do CJF\/STJ, foi aprovado um enunciado defendendo a exist\u00eancia do direito ao esquecimento como uma express\u00e3o da dignidade da pessoa humana.<\/p>\n\n\n\n<pre class=\"wp-block-preformatted\"><strong>Enunciado 531: A tutela da dignidade da pessoa humana na sociedade da informa\u00e7\u00e3o inclui o direito ao esquecimento.<\/strong><\/pre>\n\n\n\n<p>O Superior Tribunal de Justi\u00e7a j\u00e1 admitiu a tutela do direito ao esquecimento, conforme REsp 1.335.153-RJ e REsp 1.334.097-RJ.<\/p>\n\n\n\n<p>Ocorre que o Supremo Tribunal Federal, julgando o TEMA 786, decidiu que:<\/p>\n\n\n\n<figure class=\"wp-block-pullquote\"><blockquote><p><\/p><cite><mark style=\"background-color:rgba(0, 0, 0, 0)\" class=\"has-inline-color has-vivid-cyan-blue-color\">\u201c\u00c9 incompat\u00edvel com a Constitui\u00e7\u00e3o Federal a ideia de um direito ao esquecimento, assim entendido como o poder de obstar, em raz\u00e3o da passagem do tempo, a divulga\u00e7\u00e3o de fatos ou dados ver\u00eddicos e licitamente obtidos e publicados em meios de comunica\u00e7\u00e3o social \u2013 anal\u00f3gicos ou digitais. Eventuais excessos ou abusos no exerc\u00edcio da liberdade de express\u00e3o e de informa\u00e7\u00e3o devem ser analisados caso a caso, a partir dos par\u00e2metros constitucionais, especialmente os relativos \u00e0 prote\u00e7\u00e3o da honra, da imagem, da privacidade e da personalidade em geral, e as expressas e espec\u00edficas previs\u00f5es legais nos \u00e2mbitos penal e c\u00edvel\u201d.<\/mark><\/cite><\/blockquote><\/figure>\n\n\n\n<p>No julgamento do referido tema, a ministra C\u00e1rmen L\u00facia afirmou que n\u00e3o h\u00e1 como extrair do sistema jur\u00eddico brasileiro, de forma gen\u00e9rica e plena, o esquecimento como direito fundamental limitador da liberdade de express\u00e3o.<\/p>\n\n\n\n<p>Segundo a \u00f3tica do direito \u00e0 verdade hist\u00f3rica, no \u00e2mbito do princ\u00edpio da solidariedade entre gera\u00e7\u00f5es, considerou que n\u00e3o \u00e9 poss\u00edvel, do ponto de vista jur\u00eddico, que uma gera\u00e7\u00e3o negue \u00e0 pr\u00f3xima o direito de saber a sua hist\u00f3ria: \u201c<em>Quem vai saber da escravid\u00e3o, da viol\u00eancia contra mulher, contra \u00edndios, contra gays, sen\u00e3o pelo relato e pela exibi\u00e7\u00e3o de exemplos espec\u00edficos para comprovar a exist\u00eancia da agress\u00e3o, da tortura e do feminic\u00eddio<\/em>?\u201d.<\/p>\n\n\n\n<p>Lembrando que, no caso da Suzane, o TV Globo acabou divulgando um laudo psicol\u00f3gico <strong>sigiloso<\/strong>, atraindo a responsabiliza\u00e7\u00e3o civil pelos danos causados \u00e0 privacidade da apenada.<\/p>\n\n\n\n<p>\u00d3timo tema para provas de direito constitucional e direito civil.<\/p>\n\n\n\n<hr class=\"wp-block-separator has-alpha-channel-opacity\"\/>\n\n\n\n<h2 class=\"wp-block-heading has-text-align-center\" id=\"h-quer-saber-quais-serao-os-proximos-concursos\"><span id=\"quer-saber-quais-serao-os-proximos-concursos\">Quer saber quais ser\u00e3o os pr\u00f3ximos concursos?<\/span><\/h2>\n\n\n\n<pre class=\"wp-block-verse has-text-align-center\">Confira nossos&nbsp;<a href=\"https:\/\/cj.estrategia.com\/portal\/\" target=\"_blank\" >artigos para Carreiras Jur\u00eddicas<\/a>!<\/pre>\n\n\n\n<p class=\"has-text-align-center has-white-color has-pale-cyan-blue-background-color has-text-color has-background has-link-color wp-elements-3ffc9057f2314ec15f13b132eefb20e4\"><a href=\"https:\/\/www.estrategiaconcursos.com.br\/blog\/concursos-abertos\/\" target=\"_blank\" >Concursos p\u00fablicos abertos<\/a><\/p>\n\n\n\n<p class=\"has-text-align-center has-white-color has-pale-cyan-blue-background-color has-text-color has-background has-link-color wp-elements-0ddcc3bba7dead06242e688a17e9e277\"><a href=\"https:\/\/cj.estrategia.com\/portal\/concursos-2025-carreiras-juridicas\/\" target=\"_blank\" >Concursos 2025<\/a><\/p>\n\n\n\n<p><\/p>\n","protected":false},"excerpt":{"rendered":"* Thiago de Paula Leite \u00e9 procurador do Estado de S\u00e3o Paulo e professor de direito ambiental e&hellip;\n","protected":false},"author":81,"featured_media":100123,"comment_status":"open","ping_status":"open","sticky":false,"template":"","format":"standard","meta":{"_jetpack_memberships_contains_paid_content":false,"footnotes":""},"categories":[1],"tags":[507,637,1659,1159,1618,730,198,918,2085],"tax_estado":[30,31,32,33,34,35,36,37,38,39,40,41,42,43,44,45,46,47,48,49,50,51,52,53,54,55,56,57],"class_list":{"0":"post-100109","1":"post","2":"type-post","3":"status-publish","4":"format-standard","5":"has-post-thumbnail","7":"category-carreiras-juridicas","8":"tag-dignidade-da-pessoa-humana","9":"tag-direito-a-honra-e-a-imagem","10":"tag-direito-a-privacidade","11":"tag-direito-ao-esquecimento-e-a-reintegracao-social","12":"tag-direito-civil","13":"tag-direito-constitucional","14":"tag-liberdade-de-expressao","15":"tag-suzane-von-richthofen","16":"tag-tv-globo","17":"tax_estado-ac","18":"tax_estado-al","19":"tax_estado-am","20":"tax_estado-ap","21":"tax_estado-ba","22":"tax_estado-ce","23":"tax_estado-concursos-federais","24":"tax_estado-df","25":"tax_estado-es","26":"tax_estado-go","27":"tax_estado-ma","28":"tax_estado-mg","29":"tax_estado-ms","30":"tax_estado-mt","31":"tax_estado-pa","32":"tax_estado-pb","33":"tax_estado-pe","34":"tax_estado-pi","35":"tax_estado-pr","36":"tax_estado-rj","37":"tax_estado-rn","38":"tax_estado-ro","39":"tax_estado-rr","40":"tax_estado-rs","41":"tax_estado-sc","42":"tax_estado-se","43":"tax_estado-sp","44":"tax_estado-to"},"acf":[],"yoast_head":"<!-- This site is optimized with the Yoast SEO Premium plugin v27.4 (Yoast SEO v27.4) - https:\/\/yoast.com\/product\/yoast-seo-premium-wordpress\/ -->\n<title>Richthofen x Globo: liberdade de express\u00e3o e direitos individuais<\/title>\n<meta name=\"description\" content=\"A Globo indenizar\u00e1 Suzane von Richthofen por exibir um laudo psicol\u00f3gico sigiloso, em reportagem de 2018, ferindo o direito \u00e0 privacidade.\" \/>\n<meta name=\"robots\" content=\"index, follow, max-snippet:-1, max-image-preview:large, max-video-preview:-1\" \/>\n<link rel=\"canonical\" href=\"https:\/\/cj.estrategia.com\/portal\/globo-suzane-richthofen-laudo-sigiloso\/\" \/>\n<meta property=\"og:locale\" content=\"pt_BR\" \/>\n<meta property=\"og:type\" content=\"article\" \/>\n<meta property=\"og:title\" content=\"Globo indenizar\u00e1 Suzane von Richthofen por divulga\u00e7\u00e3o de laudo sigiloso\" \/>\n<meta property=\"og:description\" content=\"A Globo indenizar\u00e1 Suzane von Richthofen por exibir um laudo psicol\u00f3gico sigiloso, em reportagem de 2018, ferindo o direito \u00e0 privacidade.\" \/>\n<meta property=\"og:url\" content=\"https:\/\/cj.estrategia.com\/portal\/globo-suzane-richthofen-laudo-sigiloso\/\" \/>\n<meta property=\"og:site_name\" content=\"Blog - Carreiras Jur\u00eddicas - Estrat\u00e9gia\" \/>\n<meta property=\"article:publisher\" content=\"https:\/\/www.facebook.com\/estrategiacarreirajuridica\/\" \/>\n<meta property=\"article:published_time\" content=\"2025-02-21T16:37:35+00:00\" \/>\n<meta property=\"article:modified_time\" content=\"2025-02-21T16:37:41+00:00\" \/>\n<meta property=\"og:image\" content=\"https:\/\/cj.estrategia.com\/portal\/wp-content\/uploads\/2025\/02\/21132224\/suzane-von-richthofen-1-scaled.jpg\" \/>\n\t<meta property=\"og:image:width\" content=\"2560\" \/>\n\t<meta property=\"og:image:height\" content=\"1344\" \/>\n\t<meta property=\"og:image:type\" content=\"image\/jpeg\" \/>\n<meta name=\"author\" content=\"Thiago Leite\" \/>\n<meta name=\"twitter:card\" content=\"summary_large_image\" \/>\n<meta name=\"twitter:creator\" content=\"@EstratJuridica\" \/>\n<meta name=\"twitter:site\" content=\"@EstratJuridica\" \/>\n<meta name=\"twitter:label1\" content=\"Escrito por\" \/>\n\t<meta name=\"twitter:data1\" content=\"Thiago Leite\" \/>\n\t<meta name=\"twitter:label2\" content=\"Est. tempo de leitura\" \/>\n\t<meta name=\"twitter:data2\" content=\"6 minutos\" \/>\n<script type=\"application\/ld+json\" class=\"yoast-schema-graph\">{\"@context\":\"https:\\\/\\\/schema.org\",\"@graph\":[{\"@type\":\"NewsArticle\",\"@id\":\"https:\\\/\\\/cj.estrategia.com\\\/portal\\\/globo-suzane-richthofen-laudo-sigiloso\\\/#article\",\"isPartOf\":{\"@id\":\"https:\\\/\\\/cj.estrategia.com\\\/portal\\\/globo-suzane-richthofen-laudo-sigiloso\\\/\"},\"author\":{\"name\":\"Thiago Leite\",\"@id\":\"https:\\\/\\\/cj.estrategia.com\\\/portal\\\/#\\\/schema\\\/person\\\/7d7d2b1c8386e2eeacc0b09cfbc1d0ff\"},\"headline\":\"Globo indenizar\u00e1 Suzane von Richthofen por divulga\u00e7\u00e3o de laudo sigiloso\",\"datePublished\":\"2025-02-21T16:37:35+00:00\",\"dateModified\":\"2025-02-21T16:37:41+00:00\",\"mainEntityOfPage\":{\"@id\":\"https:\\\/\\\/cj.estrategia.com\\\/portal\\\/globo-suzane-richthofen-laudo-sigiloso\\\/\"},\"wordCount\":1212,\"commentCount\":0,\"publisher\":{\"@id\":\"https:\\\/\\\/cj.estrategia.com\\\/portal\\\/#organization\"},\"image\":{\"@id\":\"https:\\\/\\\/cj.estrategia.com\\\/portal\\\/globo-suzane-richthofen-laudo-sigiloso\\\/#primaryimage\"},\"thumbnailUrl\":\"https:\\\/\\\/cj.estrategia.com\\\/portal\\\/wp-content\\\/uploads\\\/2025\\\/02\\\/21132224\\\/suzane-von-richthofen-1-scaled.jpg\",\"keywords\":[\"dignidade da pessoa humana\",\"direito \u00e0 honra e \u00e0 imagem\",\"direito \u00e0 privacidade\",\"direito ao esquecimento e \u00e0 reintegra\u00e7\u00e3o social\",\"direito civil\",\"Direito Constitucional\",\"liberdade de express\u00e3o\",\"Suzane von Richthofen\",\"TV Globo\"],\"articleSection\":[\"Carreiras Jur\u00eddicas\"],\"inLanguage\":\"pt-BR\",\"potentialAction\":[{\"@type\":\"CommentAction\",\"name\":\"Comment\",\"target\":[\"https:\\\/\\\/cj.estrategia.com\\\/portal\\\/globo-suzane-richthofen-laudo-sigiloso\\\/#respond\"]}]},{\"@type\":\"WebPage\",\"@id\":\"https:\\\/\\\/cj.estrategia.com\\\/portal\\\/globo-suzane-richthofen-laudo-sigiloso\\\/\",\"url\":\"https:\\\/\\\/cj.estrategia.com\\\/portal\\\/globo-suzane-richthofen-laudo-sigiloso\\\/\",\"name\":\"Richthofen x Globo: liberdade de express\u00e3o e direitos individuais\",\"isPartOf\":{\"@id\":\"https:\\\/\\\/cj.estrategia.com\\\/portal\\\/#website\"},\"primaryImageOfPage\":{\"@id\":\"https:\\\/\\\/cj.estrategia.com\\\/portal\\\/globo-suzane-richthofen-laudo-sigiloso\\\/#primaryimage\"},\"image\":{\"@id\":\"https:\\\/\\\/cj.estrategia.com\\\/portal\\\/globo-suzane-richthofen-laudo-sigiloso\\\/#primaryimage\"},\"thumbnailUrl\":\"https:\\\/\\\/cj.estrategia.com\\\/portal\\\/wp-content\\\/uploads\\\/2025\\\/02\\\/21132224\\\/suzane-von-richthofen-1-scaled.jpg\",\"datePublished\":\"2025-02-21T16:37:35+00:00\",\"dateModified\":\"2025-02-21T16:37:41+00:00\",\"description\":\"A Globo indenizar\u00e1 Suzane von Richthofen por exibir um laudo psicol\u00f3gico sigiloso, em reportagem de 2018, ferindo o direito \u00e0 privacidade.\",\"breadcrumb\":{\"@id\":\"https:\\\/\\\/cj.estrategia.com\\\/portal\\\/globo-suzane-richthofen-laudo-sigiloso\\\/#breadcrumb\"},\"inLanguage\":\"pt-BR\",\"potentialAction\":[{\"@type\":\"ReadAction\",\"target\":[\"https:\\\/\\\/cj.estrategia.com\\\/portal\\\/globo-suzane-richthofen-laudo-sigiloso\\\/\"]}]},{\"@type\":\"ImageObject\",\"inLanguage\":\"pt-BR\",\"@id\":\"https:\\\/\\\/cj.estrategia.com\\\/portal\\\/globo-suzane-richthofen-laudo-sigiloso\\\/#primaryimage\",\"url\":\"https:\\\/\\\/cj.estrategia.com\\\/portal\\\/wp-content\\\/uploads\\\/2025\\\/02\\\/21132224\\\/suzane-von-richthofen-1-scaled.jpg\",\"contentUrl\":\"https:\\\/\\\/cj.estrategia.com\\\/portal\\\/wp-content\\\/uploads\\\/2025\\\/02\\\/21132224\\\/suzane-von-richthofen-1-scaled.jpg\",\"width\":2560,\"height\":1344},{\"@type\":\"BreadcrumbList\",\"@id\":\"https:\\\/\\\/cj.estrategia.com\\\/portal\\\/globo-suzane-richthofen-laudo-sigiloso\\\/#breadcrumb\",\"itemListElement\":[{\"@type\":\"ListItem\",\"position\":1,\"name\":\"In\u00edcio\",\"item\":\"https:\\\/\\\/cj.estrategia.com\\\/portal\\\/\"},{\"@type\":\"ListItem\",\"position\":2,\"name\":\"Globo indenizar\u00e1 Suzane von Richthofen por divulga\u00e7\u00e3o de laudo sigiloso\"}]},{\"@type\":\"WebSite\",\"@id\":\"https:\\\/\\\/cj.estrategia.com\\\/portal\\\/#website\",\"url\":\"https:\\\/\\\/cj.estrategia.com\\\/portal\\\/\",\"name\":\"Blog - Carreiras Jur\u00eddicas - Estrat\u00e9gia\",\"description\":\"\",\"publisher\":{\"@id\":\"https:\\\/\\\/cj.estrategia.com\\\/portal\\\/#organization\"},\"potentialAction\":[{\"@type\":\"SearchAction\",\"target\":{\"@type\":\"EntryPoint\",\"urlTemplate\":\"https:\\\/\\\/cj.estrategia.com\\\/portal\\\/?s={search_term_string}\"},\"query-input\":{\"@type\":\"PropertyValueSpecification\",\"valueRequired\":true,\"valueName\":\"search_term_string\"}}],\"inLanguage\":\"pt-BR\"},{\"@type\":\"Organization\",\"@id\":\"https:\\\/\\\/cj.estrategia.com\\\/portal\\\/#organization\",\"name\":\"Estrat\u00e9gia - Carreiras Jur\u00eddicas\",\"url\":\"https:\\\/\\\/cj.estrategia.com\\\/portal\\\/\",\"logo\":{\"@type\":\"ImageObject\",\"inLanguage\":\"pt-BR\",\"@id\":\"https:\\\/\\\/cj.estrategia.com\\\/portal\\\/#\\\/schema\\\/logo\\\/image\\\/\",\"url\":\"https:\\\/\\\/cj.estrategia.com\\\/portal\\\/wp-content\\\/uploads\\\/2022\\\/03\\\/11151052\\\/cj-logo.png\",\"contentUrl\":\"https:\\\/\\\/cj.estrategia.com\\\/portal\\\/wp-content\\\/uploads\\\/2022\\\/03\\\/11151052\\\/cj-logo.png\",\"width\":150,\"height\":39,\"caption\":\"Estrat\u00e9gia - Carreiras Jur\u00eddicas\"},\"image\":{\"@id\":\"https:\\\/\\\/cj.estrategia.com\\\/portal\\\/#\\\/schema\\\/logo\\\/image\\\/\"},\"sameAs\":[\"https:\\\/\\\/www.facebook.com\\\/estrategiacarreirajuridica\\\/\",\"https:\\\/\\\/x.com\\\/EstratJuridica\",\"https:\\\/\\\/www.instagram.com\\\/estrategiacarreirajuridica\\\/\",\"https:\\\/\\\/www.youtube.com\\\/channel\\\/UClbMGuYbj2Mh1m3w144ETWQ\"]},{\"@type\":\"Person\",\"@id\":\"https:\\\/\\\/cj.estrategia.com\\\/portal\\\/#\\\/schema\\\/person\\\/7d7d2b1c8386e2eeacc0b09cfbc1d0ff\",\"name\":\"Thiago Leite\",\"image\":{\"@type\":\"ImageObject\",\"inLanguage\":\"pt-BR\",\"@id\":\"https:\\\/\\\/secure.gravatar.com\\\/avatar\\\/15ff5746ff9e313f1248fe2373ce03309054e96387bb9249055458d0c1aaa297?s=96&d=mm&r=g\",\"url\":\"https:\\\/\\\/secure.gravatar.com\\\/avatar\\\/15ff5746ff9e313f1248fe2373ce03309054e96387bb9249055458d0c1aaa297?s=96&d=mm&r=g\",\"contentUrl\":\"https:\\\/\\\/secure.gravatar.com\\\/avatar\\\/15ff5746ff9e313f1248fe2373ce03309054e96387bb9249055458d0c1aaa297?s=96&d=mm&r=g\",\"caption\":\"Thiago Leite\"},\"description\":\"Thiago de Paula Leite \u00e9 procurador do Estado de S\u00e3o Paulo e professor de direito ambiental e agr\u00e1rio do Estrat\u00e9gia.\",\"url\":\"https:\\\/\\\/cj.estrategia.com\\\/portal\\\/author\\\/thiago-leite\\\/\"}]}<\/script>\n<!-- \/ Yoast SEO Premium plugin. -->","yoast_head_json":{"title":"Richthofen x Globo: liberdade de express\u00e3o e direitos individuais","description":"A Globo indenizar\u00e1 Suzane von Richthofen por exibir um laudo psicol\u00f3gico sigiloso, em reportagem de 2018, ferindo o direito \u00e0 privacidade.","robots":{"index":"index","follow":"follow","max-snippet":"max-snippet:-1","max-image-preview":"max-image-preview:large","max-video-preview":"max-video-preview:-1"},"canonical":"https:\/\/cj.estrategia.com\/portal\/globo-suzane-richthofen-laudo-sigiloso\/","og_locale":"pt_BR","og_type":"article","og_title":"Globo indenizar\u00e1 Suzane von Richthofen por divulga\u00e7\u00e3o de laudo sigiloso","og_description":"A Globo indenizar\u00e1 Suzane von Richthofen por exibir um laudo psicol\u00f3gico sigiloso, em reportagem de 2018, ferindo o direito \u00e0 privacidade.","og_url":"https:\/\/cj.estrategia.com\/portal\/globo-suzane-richthofen-laudo-sigiloso\/","og_site_name":"Blog - Carreiras Jur\u00eddicas - Estrat\u00e9gia","article_publisher":"https:\/\/www.facebook.com\/estrategiacarreirajuridica\/","article_published_time":"2025-02-21T16:37:35+00:00","article_modified_time":"2025-02-21T16:37:41+00:00","og_image":[{"width":2560,"height":1344,"url":"https:\/\/cj.estrategia.com\/portal\/wp-content\/uploads\/2025\/02\/21132224\/suzane-von-richthofen-1-scaled.jpg","type":"image\/jpeg"}],"author":"Thiago Leite","twitter_card":"summary_large_image","twitter_creator":"@EstratJuridica","twitter_site":"@EstratJuridica","twitter_misc":{"Escrito por":"Thiago Leite","Est. tempo de leitura":"6 minutos"},"schema":{"@context":"https:\/\/schema.org","@graph":[{"@type":"NewsArticle","@id":"https:\/\/cj.estrategia.com\/portal\/globo-suzane-richthofen-laudo-sigiloso\/#article","isPartOf":{"@id":"https:\/\/cj.estrategia.com\/portal\/globo-suzane-richthofen-laudo-sigiloso\/"},"author":{"name":"Thiago Leite","@id":"https:\/\/cj.estrategia.com\/portal\/#\/schema\/person\/7d7d2b1c8386e2eeacc0b09cfbc1d0ff"},"headline":"Globo indenizar\u00e1 Suzane von Richthofen por divulga\u00e7\u00e3o de laudo sigiloso","datePublished":"2025-02-21T16:37:35+00:00","dateModified":"2025-02-21T16:37:41+00:00","mainEntityOfPage":{"@id":"https:\/\/cj.estrategia.com\/portal\/globo-suzane-richthofen-laudo-sigiloso\/"},"wordCount":1212,"commentCount":0,"publisher":{"@id":"https:\/\/cj.estrategia.com\/portal\/#organization"},"image":{"@id":"https:\/\/cj.estrategia.com\/portal\/globo-suzane-richthofen-laudo-sigiloso\/#primaryimage"},"thumbnailUrl":"https:\/\/cj.estrategia.com\/portal\/wp-content\/uploads\/2025\/02\/21132224\/suzane-von-richthofen-1-scaled.jpg","keywords":["dignidade da pessoa humana","direito \u00e0 honra e \u00e0 imagem","direito \u00e0 privacidade","direito ao esquecimento e \u00e0 reintegra\u00e7\u00e3o social","direito civil","Direito Constitucional","liberdade de express\u00e3o","Suzane von Richthofen","TV Globo"],"articleSection":["Carreiras Jur\u00eddicas"],"inLanguage":"pt-BR","potentialAction":[{"@type":"CommentAction","name":"Comment","target":["https:\/\/cj.estrategia.com\/portal\/globo-suzane-richthofen-laudo-sigiloso\/#respond"]}]},{"@type":"WebPage","@id":"https:\/\/cj.estrategia.com\/portal\/globo-suzane-richthofen-laudo-sigiloso\/","url":"https:\/\/cj.estrategia.com\/portal\/globo-suzane-richthofen-laudo-sigiloso\/","name":"Richthofen x Globo: liberdade de express\u00e3o e direitos individuais","isPartOf":{"@id":"https:\/\/cj.estrategia.com\/portal\/#website"},"primaryImageOfPage":{"@id":"https:\/\/cj.estrategia.com\/portal\/globo-suzane-richthofen-laudo-sigiloso\/#primaryimage"},"image":{"@id":"https:\/\/cj.estrategia.com\/portal\/globo-suzane-richthofen-laudo-sigiloso\/#primaryimage"},"thumbnailUrl":"https:\/\/cj.estrategia.com\/portal\/wp-content\/uploads\/2025\/02\/21132224\/suzane-von-richthofen-1-scaled.jpg","datePublished":"2025-02-21T16:37:35+00:00","dateModified":"2025-02-21T16:37:41+00:00","description":"A Globo indenizar\u00e1 Suzane von Richthofen por exibir um laudo psicol\u00f3gico sigiloso, em reportagem de 2018, ferindo o direito \u00e0 privacidade.","breadcrumb":{"@id":"https:\/\/cj.estrategia.com\/portal\/globo-suzane-richthofen-laudo-sigiloso\/#breadcrumb"},"inLanguage":"pt-BR","potentialAction":[{"@type":"ReadAction","target":["https:\/\/cj.estrategia.com\/portal\/globo-suzane-richthofen-laudo-sigiloso\/"]}]},{"@type":"ImageObject","inLanguage":"pt-BR","@id":"https:\/\/cj.estrategia.com\/portal\/globo-suzane-richthofen-laudo-sigiloso\/#primaryimage","url":"https:\/\/cj.estrategia.com\/portal\/wp-content\/uploads\/2025\/02\/21132224\/suzane-von-richthofen-1-scaled.jpg","contentUrl":"https:\/\/cj.estrategia.com\/portal\/wp-content\/uploads\/2025\/02\/21132224\/suzane-von-richthofen-1-scaled.jpg","width":2560,"height":1344},{"@type":"BreadcrumbList","@id":"https:\/\/cj.estrategia.com\/portal\/globo-suzane-richthofen-laudo-sigiloso\/#breadcrumb","itemListElement":[{"@type":"ListItem","position":1,"name":"In\u00edcio","item":"https:\/\/cj.estrategia.com\/portal\/"},{"@type":"ListItem","position":2,"name":"Globo indenizar\u00e1 Suzane von Richthofen por divulga\u00e7\u00e3o de laudo sigiloso"}]},{"@type":"WebSite","@id":"https:\/\/cj.estrategia.com\/portal\/#website","url":"https:\/\/cj.estrategia.com\/portal\/","name":"Blog - Carreiras Jur\u00eddicas - Estrat\u00e9gia","description":"","publisher":{"@id":"https:\/\/cj.estrategia.com\/portal\/#organization"},"potentialAction":[{"@type":"SearchAction","target":{"@type":"EntryPoint","urlTemplate":"https:\/\/cj.estrategia.com\/portal\/?s={search_term_string}"},"query-input":{"@type":"PropertyValueSpecification","valueRequired":true,"valueName":"search_term_string"}}],"inLanguage":"pt-BR"},{"@type":"Organization","@id":"https:\/\/cj.estrategia.com\/portal\/#organization","name":"Estrat\u00e9gia - Carreiras Jur\u00eddicas","url":"https:\/\/cj.estrategia.com\/portal\/","logo":{"@type":"ImageObject","inLanguage":"pt-BR","@id":"https:\/\/cj.estrategia.com\/portal\/#\/schema\/logo\/image\/","url":"https:\/\/cj.estrategia.com\/portal\/wp-content\/uploads\/2022\/03\/11151052\/cj-logo.png","contentUrl":"https:\/\/cj.estrategia.com\/portal\/wp-content\/uploads\/2022\/03\/11151052\/cj-logo.png","width":150,"height":39,"caption":"Estrat\u00e9gia - Carreiras Jur\u00eddicas"},"image":{"@id":"https:\/\/cj.estrategia.com\/portal\/#\/schema\/logo\/image\/"},"sameAs":["https:\/\/www.facebook.com\/estrategiacarreirajuridica\/","https:\/\/x.com\/EstratJuridica","https:\/\/www.instagram.com\/estrategiacarreirajuridica\/","https:\/\/www.youtube.com\/channel\/UClbMGuYbj2Mh1m3w144ETWQ"]},{"@type":"Person","@id":"https:\/\/cj.estrategia.com\/portal\/#\/schema\/person\/7d7d2b1c8386e2eeacc0b09cfbc1d0ff","name":"Thiago Leite","image":{"@type":"ImageObject","inLanguage":"pt-BR","@id":"https:\/\/secure.gravatar.com\/avatar\/15ff5746ff9e313f1248fe2373ce03309054e96387bb9249055458d0c1aaa297?s=96&d=mm&r=g","url":"https:\/\/secure.gravatar.com\/avatar\/15ff5746ff9e313f1248fe2373ce03309054e96387bb9249055458d0c1aaa297?s=96&d=mm&r=g","contentUrl":"https:\/\/secure.gravatar.com\/avatar\/15ff5746ff9e313f1248fe2373ce03309054e96387bb9249055458d0c1aaa297?s=96&d=mm&r=g","caption":"Thiago Leite"},"description":"Thiago de Paula Leite \u00e9 procurador do Estado de S\u00e3o Paulo e professor de direito ambiental e agr\u00e1rio do Estrat\u00e9gia.","url":"https:\/\/cj.estrategia.com\/portal\/author\/thiago-leite\/"}]}},"jetpack_featured_media_url":"https:\/\/cj.estrategia.com\/portal\/wp-content\/uploads\/2025\/02\/21132224\/suzane-von-richthofen-1-scaled.jpg","jetpack_sharing_enabled":true,"_links":{"self":[{"href":"https:\/\/cj.estrategia.com\/portal\/wp-json\/wp\/v2\/posts\/100109","targetHints":{"allow":["GET"]}}],"collection":[{"href":"https:\/\/cj.estrategia.com\/portal\/wp-json\/wp\/v2\/posts"}],"about":[{"href":"https:\/\/cj.estrategia.com\/portal\/wp-json\/wp\/v2\/types\/post"}],"author":[{"embeddable":true,"href":"https:\/\/cj.estrategia.com\/portal\/wp-json\/wp\/v2\/users\/81"}],"replies":[{"embeddable":true,"href":"https:\/\/cj.estrategia.com\/portal\/wp-json\/wp\/v2\/comments?post=100109"}],"version-history":[{"count":4,"href":"https:\/\/cj.estrategia.com\/portal\/wp-json\/wp\/v2\/posts\/100109\/revisions"}],"predecessor-version":[{"id":100128,"href":"https:\/\/cj.estrategia.com\/portal\/wp-json\/wp\/v2\/posts\/100109\/revisions\/100128"}],"wp:featuredmedia":[{"embeddable":true,"href":"https:\/\/cj.estrategia.com\/portal\/wp-json\/wp\/v2\/media\/100123"}],"wp:attachment":[{"href":"https:\/\/cj.estrategia.com\/portal\/wp-json\/wp\/v2\/media?parent=100109"}],"wp:term":[{"taxonomy":"category","embeddable":true,"href":"https:\/\/cj.estrategia.com\/portal\/wp-json\/wp\/v2\/categories?post=100109"},{"taxonomy":"post_tag","embeddable":true,"href":"https:\/\/cj.estrategia.com\/portal\/wp-json\/wp\/v2\/tags?post=100109"},{"taxonomy":"tax_estado","embeddable":true,"href":"https:\/\/cj.estrategia.com\/portal\/wp-json\/wp\/v2\/tax_estado?post=100109"}],"curies":[{"name":"wp","href":"https:\/\/api.w.org\/{rel}","templated":true}]}}